{"provider_url": "https://www.elvalledeturon.net", "title": "Cines del concejo de Mieres: Tur\u00f3n", "html": "<h2>Una tesis necesaria<br />\r\n&nbsp;</h2>\r\n\r\n<p>&nbsp;</p>\r\n\r\n<div style=\"text-align: justify\">En el a\u00f1o 2000 Maria Fernanda Fern\u00e1ndez Guti\u00e9rrez publica su investigaci\u00f3n dedicada al estudio hist\u00f3rico-art\u00edstico de los cinemat\u00f3grafos deI municipio de Mieres(1). Esa tesis de licenciatura, que obtuvo sobresaliente por unanimidad, dibuja en veintitr\u00e9s \u201cradiograf\u00edas\u201d detallad\u00edsimas lo que fue la actividad, en un per\u00edodo que abarca pr\u00e1cticamente un siglo, de los salones de cine que tanta importancia tuvieron en nuestro municipio.<br />\r\n<br />\r\nUn estudio que viene a llenar una laguna importante porque seg\u00fan la autora: &nbsp;\u201c Hasta ahora, el asunto del cine en el municipio de Mieres apenas hab\u00eda merecido unas l\u00edneas. El estado de la cuesti\u00f3n se resum\u00eda en menciones aisladas en obras generales sobre el concejo, en an\u00e1lisis deI fen\u00f3meno deI cine en Asturias, en algunos art\u00edculos de prensa y aislados apuntes en porfolios de fiestas\u201d. ( 2)&nbsp;<br />\r\n<br />\r\nEs esa \u201clabor de valoraci\u00f3n de los vestigios del pasado, su difusi\u00f3n y la eventual recuperaci\u00f3n\u201d(3) que nos ha parecido de gran inter\u00e9s para nuestra p\u00e1gina web. Valgan aqu\u00ed tambi\u00e9n para nosotros las palabras del padre de la autora que&nbsp;se&nbsp;ajustan perfectamente a uno de los objetivos fundacionales de elvalledeturon.net:<br />\r\n&nbsp;</div>\r\n\r\n<p>&nbsp;</p>\r\n\r\n<h4>\u00abDesempolvar la historia, escarbar en los recuerdos, reunir datos, precisar fechas y acumular hechos. Hablar, en definitiva, de un tema y de un tiempo, con protagonistas vivos y para satisfacer la curiosidad hist\u00f3rica que a uno le anima. Y ofrecer esos resultados al conocimiento p\u00fablico para dejar constancia de algo que no se sabe o no se dijo\u00bb.<br />\r\n&nbsp;</h4>\r\n\r\n<p>&nbsp;</p>\r\n\r\n<div style=\"text-align: justify\">\u00abMieres, principios de siglo\u00bb, La Nueva Espa\u00f1a, Oviedo, 29 de Julio de 1973.<br />\r\n<br />\r\n&nbsp;</div>\r\n\r\n<p>&nbsp;</p>\r\n\r\n<h2>Los siete magn\u00edficos<br />\r\n&nbsp;<img src=\"https://www.elvalledeturon.net/cultura/cines/cinema-san-andres.jpg/image\" title=\"Cinema San Andr\u00e9s.jpg\" height=\"382\" width=\"500\" alt=\"Cinema San Andr\u00e9s.jpg\" class=\"image-right\" /></h2>\r\n\r\n<div style=\"text-align: justify\">Con estos primeros art\u00edculos dedicados al cine, Mar\u00eda Fernanda empieza su colaboraci\u00f3n con el portal turon\u00e9s. Entre los veintitr\u00e9s establecimientos estudiados , siete pertenecen al valle de Tur\u00f3n:<br />\r\n&nbsp;</div>\r\n\r\n<p>1920 Cine Variedades<br />\r\n1926 Cine Froiladela<br />\r\n1928 Ateneo Obrero de Tur\u00f3n, m\u00e1s tarde Cine Espa\u00f1a y finalmente Cine Fideflor<br />\r\n1933 Cinema San Andr\u00e9s<br />\r\n1934 Cine Urbi\u00e9s, Cine Tres Hermanos y Cinema Difer<br />\r\n1961 Cine Copeval<br />\r\n1962 Cine Fano, Cine R\u00edo<br />\r\n<br />\r\n<br />\r\nEl <em><strong>Sal\u00f3n Variedades</strong></em> es pues, respetando la cronolog\u00eda, la primera de las sietes entregas que, desde el rigor del trabajo acad\u00e9mico no dejar\u00e1n de suscitar y remover, en m\u00e1s de uno, recuerdos inolvidables. Estas son algunas&nbsp;de las grandes p\u00e1ginas de la historia del ocio y de la cultura turonesa.<em><strong> \u00a1Empieza la funci\u00f3n!</strong></em><br />\r\n&nbsp;</p>\r\n\r\n<hr />\r\n<p>(1) FERN\u00c1NDEZ GUTI\u00c9RREZ, Mar\u00eda Fernanda, <em>Arquitectura y Cine en&nbsp;el concejo de Mieres: estudio hist\u00f3rico-art\u00edstico de los cinemat\u00f3grafos de la villa y concejo de Mieres</em>, Real Instituto de Estudios Asturianos, Oviedo, 2000.<br />\r\n<br />\r\n(2) FERN\u00c1NDEZ GUTI\u00c9RREZ, Mar\u00eda Fernanda,<em>op. cit., </em>p. 22.<em> </em><br />\r\n<br />\r\n(3) FERN\u00c1NDEZ GUTI\u00c9RREZ, Mar\u00eda Fernanda,<em>op. cit., </em>p. 23.<em> </em><br />\r\n&nbsp;</p>\r\n", "author_name": "", "version": "1.0", "author_url": "https://www.elvalledeturon.net/author/jorgevarela", "provider_name": "El valle de Turon", "type": "rich"}