{"provider_url": "https://www.elvalledeturon.net", "title": "El cine llega a Tur\u00f3n: sal\u00f3n Variedades.", "html": "<h2><img src=\"https://www.elvalledeturon.net/cultura/cines/salon-variedades/antonio-moreno2.jpg/image\" title=\"Antonio moreno2.jpg\" height=\"534\" width=\"300\" alt=\"Antonio moreno2.jpg\" class=\"image-right\" />Un cine en el huerto: El Habanero<br />\r\n&nbsp;</h2>\r\n\r\n<div style=\"text-align: justify\">El Sal\u00f3n Variedades (1) de Tur\u00f3n apenas aparece en la documentaci\u00f3n manejada, probablemente por haber desaparecido su licencia de construcci\u00f3n, al igual que la mayor\u00eda de las comprendidas entre 1915 y 1925, as\u00ed como la de apertura (tampoco existen las de ese per\u00edodo). Debe tratarse del popularmente conocido como Cine El Habanero, que se situaba en un huerto as\u00ed llamado por ser propiedad de un indiano (Jos\u00e9 Su\u00e1rez, de Villabazal, as\u00ed conocido en la zona). El propietario y empresario era Froil\u00e1n \u00c1lvarez, nieto del hacendado Jos\u00e9 Eustaquio \u00c1lvarez, quien hab\u00eda viajado a Estados Unidos de donde parece ser trajo el invento del cine al valle turon\u00e9s. El negocio debi\u00f3 dejar ping\u00fces beneficios, pues en el mismo a\u00f1o 1926 acometi\u00f3 la construcci\u00f3n del Salon Froiladela.<br />\r\n<br />\r\nRecoge L\u00f3pez Gonz\u00e1lez (2) que en Junio de 1925 la Directiva del Ateneo Obrero de Tur\u00f3n solicit\u00f3 de este hombre Permiso para usar el sal\u00f3n, a lo que accedi\u00f3 gratuitamente. As\u00ed nos consta c\u00f3mo el domingo 23 de Mayo de 1926 tuvo lugar en este local la fiesta con motivo de la inauguraci\u00f3n de la biblioteca atene\u00edsta, recogido por la prensa:<br />\r\n<br />\r\n<em>\u00aba las once de la ma\u00f1ana, hicimos acto de presencia en el Sal\u00f3n Variedades, el cual se hallaba art\u00edsticamente adornado con flores y follaje y lleno de selecto p\u00fablico, entre el que abundaba el bello sexo\u00bb(</em>3).&nbsp;<br />\r\n&nbsp;</div>\r\n\r\n<h2>De las aventuras de Antonio Moreno al entierro de Pablo Iglesias<br />\r\n&nbsp;</h2>\r\n\r\n<div style=\"text-align: justify\">El escenario acogi\u00f3 igualmente actuaciones de otra \u00edndole, como era habitual en esa \u00e9poca, por ejemplo las representaciones teatrales de la Agrupaci\u00f3n Art\u00edstica de Ujo, en una gira realizada por el municipio de Mieres y por el vecino de Lena(4).<br />\r\n<br />\r\nOtras dos informaciones hemerogr\u00e1ficas nos interesan ahora; en primer lugar, un art\u00edculo(5) centrado en los progresos urban\u00edsticos de La Veguina en que se comentan las sesiones infantiles del local, con las siguientes palabras:<br />\r\n<br />\r\n<em>\u00abTaladrando las paredes del cine, llegan a la calle los chillidos de la grey infantil, con las proezas de Antonio Moreno o Helmo el Poderoso\u00bb. <img src=\"https://www.elvalledeturon.net/cultura/cines/salon-variedades/entierro-de-pablo-iglesias2.jpg/image\" title=\"Entierro de Pablo Iglesias2.jpg\" height=\"356\" width=\"464\" alt=\"Entierro de Pablo Iglesias2.jpg\" class=\"image-left\" /></em><br />\r\n<br />\r\nEn segundo lugar otro que data del verano de 1926, en que se menciona la proyecci\u00f3n de una pel\u00edcula de connotaciones pol\u00edticas y gran significado en un pueblo minero y luchador, la del entierro de Pablo Iglesias.<br />\r\n<br />\r\n<em>\u201cTUR\u00d3N. La Cinta de Pablo Iglesias. Hoy, martes, se proyectar\u00e1 en el Sal\u00f3n Variedades de esta localidad la emocionante pel\u00edcula del entierro de Paplo (sic) Iglesias. Deber de todos los trabajadores de tur\u00f3n es ir a ver la hist\u00f3rica cinta cinematogr\u00e1fica, a la vez que contribuimos a una buena obra social, rendimos homenaje merecido al venerable hombre que hasta su muerte no hizo otra cosa m\u00e1s que defender a los desheredados\u00bb </em>(6).<br />\r\n<br />\r\nCasi inmediatamente debi\u00f3 clausurarse, coincidiendo con la inauguraci\u00f3n del Gran y Nuevo Sal\u00f3n Froiladela.&nbsp;<br />\r\n&nbsp;</div>\r\n\r\n<h2>El barrac\u00f3n de madera<br />\r\n&nbsp;</h2>\r\n\r\n<div style=\"text-align: justify\">De su f\u00e1brica s\u00f3lo hemos logrado saber que era un barrac\u00f3n de madera, sencillo, en el <img src=\"https://www.elvalledeturon.net/cultura/cines/salon-variedades/proyector-pathe-kok.jpg/image\" title=\"Proyector Path\u00e9 Kok.jpg\" height=\"360\" width=\"433\" alt=\"Proyector Path\u00e9 Kok.jpg\" class=\"image-right\" />que exist\u00edan bancos corridos y el escenario de elevaba sobre el solado. De \u00e9l nos ha llegado una descripci\u00f3n sin duda realista de Sandalio Su\u00e1rez a ra\u00edz de su visita a Tur\u00f3n en 1923(7). El p\u00e1rrafo dedicado al cine debe asignarse al Sal\u00f3n Variedades, primer local de proyecci\u00f3n documentado en el valle, y perfila con nitidez las caracter\u00edsticas del ocio minero y el \u00e9xito de un local que pronto qued\u00f3 obsoleto, ya en ese primer cuarto de siglo:&nbsp;<br />\r\n<br />\r\n<em>\u00abPor lo dem\u00e1s, todo el valle minero respiraba un ambiente de abundancia en el orden monetario. El cine, un edificio de madera sin cantear, ten\u00eda una demanda de localidades superior al doble de su capacidad. Intentar sacar asientos poco antes de la exhibici\u00f3n de las pel\u00edculas, era mezclarse en una greguer\u00eda vergonzosa, donde los apelotonamientos y forcejeos, eran cosa frecuente. Las tabernas y los bares de mayor cuant\u00eda resultaban otra sesi\u00f3n cinematogr\u00e1fica, despu\u00e9s de las siete de la tarde\u00bb. </em><br />\r\n<br />\r\nDurante mucho tiempo parece que se mantuvo en pie, una vez abandonado a favor del moderno Froiladela, siendo lugar de entretenimiento de ni\u00f1os hasta su desaparici\u00f3n.&nbsp;<br />\r\n<br />\r\n&nbsp;<br />\r\n<strong>\u00a9 </strong><em><strong>Mar\u00eda Fernanda FERN\u00c1NDEZ GUTI\u00c9RREZ</strong></em></div>\r\n\r\n<hr />\r\n<p>(1) FERN\u00c1NDEZ GUTI\u00c9RREZ, Mar\u00eda Fernanda, <em>Arquitectura y Cine en&nbsp;el concejo de Mieres: estudio hist\u00f3rico-art\u00edstico de los cinemat\u00f3grafos de la villa y concejo de Mieres</em>, Real Instituto de Estudios Asturianos, Oviedo, 2000, pp. 153-154.<br />\r\nCabe constar tambi\u00e9n, a modo de aclaraci\u00f3n y comentario, que en la villa de Mieres existi\u00f3 un local conocido igualmente como Sal\u00f3n Variedades. \u00c9ste fue levantado con anterioridad a 1904 y derribado en junio de 1905.<br />\r\n(2) L\u00d3PEZ GONZ\u00c1LEZ, Manuel Jes\u00fas, <em>Informaciones del Tur\u00f3n antiguo</em>, Oviedo, edici\u00f3n del autor, 1995, p. 339.<br />\r\n(3) <em>El Porvenir de Mieres</em>, Mieres, n\u00ba 8. \u201cEl acto de el (sic) Sal\u00f3n Variedades\u201d.<br />\r\n(4)<em> El Porvenir de Mieres</em>, Mieres, n\u00ba 3, p. 5<br />\r\n(5) FERN\u00c1NDEZ CASO, J., en <em>El Porvenir de Mieres</em>, Mieres, n\u00ba 9, 6 de junio de 1926.<br />\r\n(6) <em>El Noroeste</em>, Gij\u00f3n, 10 de agosto de 1926.<br />\r\n(7) \u00c9ste hab\u00eda trabajado y vivido en Tur\u00f3n, en los a\u00f1os 20, publicando tiempo despu\u00e9s sus impresiones: SU\u00c1REZ, Sandalio, <em>Mineros de Espa\u00f1a. Reportajes novelizados de los dramas del subsuelo</em>, Oviedo, \u201cLa Nueva Espa\u00f1a\u201d, 1958</p>\r\n", "author_name": "", "version": "1.0", "author_url": "https://www.elvalledeturon.net/author/jorgevarela", "provider_name": "El valle de Turon", "type": "rich"}