{"provider_url": "https://www.elvalledeturon.net", "title": "Emulsionando versos", "html": "<h3 style=\"color: rgb(136, 136, 136); text-align: justify;\"><span style=\"font-size:18px;\"><span style=\"color:#000000;\">SALES DE PLATA es el tercer libro de poemas de \u00c1ngeles Gonz\u00e1lez Fuentes. Ve la luz despu\u00e9s de dos a\u00f1os de silencio, tal vez, mientras tanto, maduraba alg\u00fan procedimiento y profundizaba en el exquisito lirismo de formas depuradas que definen su estilo ya desde los &nbsp;primeros libros: La rosa de tus vientos (2011) y Letan\u00eda de un plano inclinado (2012).</span></span></h3>\r\n\r\n<h3 style=\"color: rgb(136, 136, 136); text-align: justify;\">&nbsp;</h3>\r\n\r\n<h3 style=\"color: rgb(136, 136, 136); text-align: justify;\"><span style=\"font-size:18px;\"><span style=\"color:#000000;\">Fue presentado por don Jos\u00e9 Mar\u00eda Fern\u00e1ndez Cardo, catedr\u00e1tico de Literatura Francesa de la Universidad de Oviedo &nbsp;en el Club Prensa Asturiana de la Nueva Espa\u00f1a. Previamente la obra se hab\u00eda dado a conocer en el Ateneo de Tur\u00f3n, lugar de nacimiento de la autora,&nbsp; pueblo del que el presentador, con sonrisa c\u00f3mplice, dijo que ser de Tur\u00f3n imprime car\u00e1cter. &nbsp;\u00c1ngeles mantiene fuertes v\u00ednculos<img src=\"https://www.elvalledeturon.net/cultura/literatura/anegeles-gonzalez-fuentes/s/portada-libro.jpg/image_preview\" title=\"Portada libro\" height=\"546\" width=\"600\" alt=\"\" class=\"image-right\" /> afectivos en este valle minero donde reside actualmente. Un gesto emotivo hacia los turoneses que agradecen con su entregada absoluta a estas convocatorias literarias.</span></span></h3>\r\n\r\n<h3 style=\"color: rgb(136, 136, 136); text-align: justify;\">&nbsp;</h3>\r\n\r\n<h3 style=\"color: rgb(136, 136, 136); text-align: justify;\"><span style=\"font-size:18px;\"><span style=\"color:#000000;\">M\u00e1s que una presentaci\u00f3n al uso, el profesor Cardo ajust\u00f3 sus sabias palabras para no restar protagonismo a la lectura de poemas. Los asistentes al acto disfrutamos de una excelente velada po\u00e9tico-musical. La propia autora ley\u00f3 &nbsp;en una perfecta declamaci\u00f3n acompasada por los acordes del&nbsp; Grupo de C\u00e1mara ARSIS - Paula Garc\u00eda, a la flauta y Mar\u00eda Men\u00e9ndez, al chelo. Un recital, un regalo que la emotiva voz de \u00c1ngeles, con variados matices, expres\u00f3 dramatismo o serenidad; melancol\u00eda&nbsp; o indignaci\u00f3n;&nbsp; iron\u00eda o nostalgia; tambi\u00e9n, alguna alegr\u00eda. La recitaci\u00f3n potenci\u00f3 el significado de su obra &nbsp;como si la poes\u00eda encontrase su forma natural en la oralidad, tal como fue en sus comienzos con la Juglar\u00eda de la Edad Media.</span></span></h3>\r\n\r\n<h3 style=\"color: rgb(136, 136, 136); text-align: justify;\">&nbsp;</h3>\r\n\r\n<h3 style=\"color: rgb(136, 136, 136); text-align: justify;\"><span style=\"font-size:18px;\"><span style=\"color:#000000;\">Comienza el libro con una declaraci\u00f3n de principios: el poeta no debe \u201cestar en otro mundo\u201d, &nbsp;ni \u201crecluido en su venera sellada\u201d, no debe contemplarse a s\u00ed mismo.&nbsp; Como ya dec\u00eda el Meneses dialogante &nbsp;de Machado: \u201cEl sentimiento que est\u00e1 en el coraz\u00f3n de cada hombre empieza a no interesar\u201d. Y m\u00e1s expresivamente, Vicente Aleixandre proclama que el poeta debe cantar por todos.&nbsp;&nbsp;\u00c1ngeles Gonz\u00e1lez tambi\u00e9n se\u00f1ala lo mismo: hay que mirar hacia fuera, hacia el mundo exterior, ver &nbsp;lo que sucede a los otros.&nbsp; Solo entonces el escritor &nbsp;debe atraparlo, como lo hace el fot\u00f3grafo y \u201cfijarlo luego en un papel\u201d para denunciar, para padecer y llorar con ellos. El poeta siente por los dem\u00e1s y no solo por s\u00ed mismo.</span></span></h3>\r\n\r\n<h3 style=\"color: rgb(136, 136, 136); text-align: justify;\">&nbsp;</h3>\r\n\r\n<h3 style=\"color: rgb(136, 136, 136); text-align: justify;\"><span style=\"font-size:18px;\"><span style=\"color:#000000;\">Plasmar la realidad exterior como lo hace un fot\u00f3grafo es lo que fascina a \u00c1ngeles. La fotograf\u00eda ser\u00e1 su aliada. Ella le permitir\u00e1 ver lo lejano o lo que ya ha desaparecido. Las im\u00e1genes hacen el milagro de traer al presente un pasado, pero tambi\u00e9n nos muestran una realidad existente, maneras de vivir de otras personas. <img src=\"https://www.elvalledeturon.net/cultura/literatura/anegeles-gonzalez-fuentes/s/ilustraciones.jpg/image_preview\" title=\"Ilustraciones\" height=\"572\" width=\"600\" alt=\"\" class=\"image-left\" />Hay en el libro un importante protagonismo de la fotograf\u00eda: \u201cSales de plata\u201d, \u201cPoetas de la imagen\u201d, \u201cAgradecimientos\u201d y el \u201c\u00cdndice\u201d de obras fotogr\u00e1ficas en las que se inspira, adem\u00e1s de las pinturas de la propia autora. Pero no nos enga\u00f1emos, las verdaderas protagonistas de la obra son las palabras. El libro est\u00e1 escrito con signos ling\u00fc\u00edsticos autosuficientes en su significaci\u00f3n. &nbsp;Poemas&nbsp; escritos para leer, mientras que las im\u00e1genes son para ver, aunque el fot\u00f3grafo Man Ray &nbsp;ya dec\u00eda tambi\u00e9n de las fotograf\u00edas que \u201cno tienen que mirarse sino que leerse\u201d.&nbsp;Y mientras vamos leyendo verso a verso, no caemos en la tentaci\u00f3n de ir a buscar las fotograf\u00edas se\u00f1aladas en el \u00cdndice. (No, no lo hice). Primero, los poemas, despu\u00e9s, las im\u00e1genes. \u00bfLa fotograf\u00eda potencia el lenguaje o es el lenguaje el que potencia la fotograf\u00eda? &nbsp;La palabra y la imagen tienen mucho en com\u00fan. Paul Auster tambi\u00e9n dice de la poes\u00eda que es como hacer fotograf\u00edas.</span></span></h3>\r\n\r\n<h3 style=\"color: rgb(136, 136, 136); text-align: justify;\">&nbsp;</h3>\r\n\r\n<h3 style=\"color: rgb(136, 136, 136); text-align: justify;\"><span style=\"font-size:18px;\"><span style=\"color:#000000;\">Fot\u00f3grafos y escritores se enfrentan a un espacio en blanco, cuentan historias y detienen el tiempo, aunque la trayectoria de su lectura es distinta: el poema va de dentro a fuera y la fotograf\u00eda sigue el camino inverso, de fuera a dentro. De estas afinidades y de su potencialidad expresiva fueron muy conscientes los poetas que convivieron con los primeros tiempos de la aparici\u00f3n de la fotograf\u00eda. As\u00ed lo consider\u00f3 Antonio Machado que con su natural nostalgia triste fusiona pintura,&nbsp; fotograf\u00eda y &nbsp;poema en estos versos:</span></span></h3>\r\n\r\n<h3 style=\"color: rgb(136, 136, 136); text-align: justify;\">&nbsp;</h3>\r\n\r\n<h3 style=\"color: rgb(136, 136, 136); text-align: justify;\"><span style=\"font-size:18px;\"><span style=\"color:#000000;\"><em>Te pintar\u00e9 solitaria</em></span></span></h3>\r\n\r\n<h3 style=\"color: rgb(136, 136, 136); text-align: justify;\"><span style=\"font-size:18px;\"><span style=\"color:#000000;\"><em>en la urna imaginaria</em></span></span></h3>\r\n\r\n<h3 style=\"color: rgb(136, 136, 136); text-align: justify;\"><span style=\"font-size:18px;\"><span style=\"color:#000000;\"><em>de un dagerrotipo viejo,</em></span></span></h3>\r\n\r\n<h3 style=\"color: rgb(136, 136, 136); text-align: justify;\"><span style=\"font-size:18px;\"><span style=\"color:#000000;\"><em>viva y quieta</em></span></span></h3>\r\n\r\n<h3 style=\"color: rgb(136, 136, 136); text-align: justify;\"><span style=\"font-size:18px;\"><span style=\"color:#000000;\"><em>olvidando a tu poeta</em></span></span></h3>\r\n\r\n<h3 style=\"color: rgb(136, 136, 136); text-align: justify;\"><span style=\"font-size:18px;\"><span style=\"color:#000000;\"><img src=\"https://www.elvalledeturon.net/cultura/literatura/anegeles-gonzalez-fuentes/s/presentacion-en-club-de-prensa.jpg/image_preview\" title=\"Presentaci\u00f3n en Club de Prensa\" height=\"408\" width=\"670\" alt=\"\" class=\"image-right\" /></span></span></h3>\r\n\r\n<h3 style=\"color: rgb(136, 136, 136); text-align: justify;\">&nbsp;</h3>\r\n\r\n<h3 style=\"color: rgb(136, 136, 136); text-align: justify;\">&nbsp;</h3>\r\n\r\n<h3 style=\"color: rgb(136, 136, 136); text-align: justify;\"><span style=\"font-size:18px;\"><span style=\"color:#000000;\">Joan Mir\u00f3, en 1925, titula &nbsp;uno de sus cuadros: Pintura- poema.&nbsp;En \u00e9l escribe la palabra&nbsp; PHOTO &nbsp;y bajo una mancha azul : CECI EST LA COULEUR DE MES R\u00caVES.</span></span></h3>\r\n\r\n<h3 style=\"color: rgb(136, 136, 136); text-align: justify;\">&nbsp;</h3>\r\n\r\n<h3 style=\"color: rgb(136, 136, 136); text-align: justify;\"><span style=\"font-size:18px;\"><span style=\"color:#000000;\">Y es que \u00c1ngeles Gonz\u00e1lez tambi\u00e9n pertenece a la clase de artistas&nbsp; que son poetas con alma de pintores, o al rev\u00e9s, pintores con alma de poetas. Sus libros siempre van acompa\u00f1ados de las propias ilustraciones: expresivas abstracciones donde, a veces, asoma la figuraci\u00f3n, como en la portada del libro donde distinguimos &nbsp;una vieira- la significativa venera- o la Familia de Giacometti, una acuarela con todo su dramatismo expresivo.</span></span></h3>\r\n\r\n<h3 style=\"color: rgb(136, 136, 136); text-align: justify;\">&nbsp;</h3>\r\n\r\n<h3 style=\"color: rgb(136, 136, 136); text-align: justify;\"><span style=\"font-size:18px;\"><span style=\"color:#000000;\">As\u00ed que en el libro, entre las propias pinturas, los poemas inspirados en fotograf\u00edas y los cuadros del museo, las im\u00e1genes parecen adquirir el principal protagonismo. &nbsp;Pero no, creemos que \u00e9stas son un recurso formal para expresar la intencionalidad del poeta, que no hay que olvidar, &nbsp;no es otra que la de hacer una denuncia de situaciones injustas, la &nbsp;de compartir el sufrimiento de tantos seres abandonados a su suerte ante la indiferencia de los dem\u00e1s. Esa indiferencia de \u201cla playa en paz\u201d, la sombrilla y la cerveza\u2026ajenos a la tragedia de la muerte de inmigantes. Conmovedor poema y tr\u00e1gica fotograf\u00eda &nbsp;del asturiano Javier Bauluz.&nbsp; Los peor tratados por una vida injusta &nbsp;son los ni\u00f1os del hambre y &nbsp;basurero.</span></span></h3>\r\n\r\n<h3 style=\"color: rgb(136, 136, 136); text-align: justify;\">&nbsp;</h3>\r\n\r\n<h3 style=\"color: rgb(136, 136, 136); text-align: justify;\"><span style=\"font-size:18px;\"><span style=\"color:#000000;\"><em>Cimbrean como tierno bamb\u00fa sus once a\u00f1os,</em></span></span></h3>\r\n\r\n<h3 style=\"color: rgb(136, 136, 136); text-align: justify;\"><span style=\"font-size:18px;\"><span style=\"color:#000000;\"><em>bajo una giba enorme de chatarra</em></span></span></h3>\r\n\r\n<h3 style=\"color: rgb(136, 136, 136); text-align: justify;\"><span style=\"font-size:18px;\"><span style=\"color:#000000;\"><em>y del revoloteo de mil alas</em></span></span></h3>\r\n\r\n<h3 style=\"color: rgb(136, 136, 136); text-align: justify;\"><span style=\"font-size:18px;\"><span style=\"color:#000000;\"><em>adversarias, tenaces y asesinas,</em></span></span></h3>\r\n\r\n<h3 style=\"color: rgb(136, 136, 136); text-align: justify;\"><span style=\"font-size:18px;\"><span style=\"color:#000000;\"><em>todo huele a carro\u00f1a y no distinguen.</em></span></span></h3>\r\n\r\n<h3 style=\"color: rgb(136, 136, 136); text-align: justify;\">&nbsp;</h3>\r\n\r\n<h3 style=\"color: rgb(136, 136, 136); text-align: justify;\"><span style=\"font-size:18px;\"><span style=\"color:#000000;\">Me bastan las palabras del poeta. Son las verdaderas protagonistas, acertadas, justas, armoniosas en una composici\u00f3n po\u00e9tica que acompasa el ritmo a la <img src=\"https://www.elvalledeturon.net/cultura/literatura/anegeles-gonzalez-fuentes/s/recortes-prensa.jpg/image_preview\" title=\"Recortes prensa\" height=\"398\" width=\"600\" alt=\"\" class=\"image-left\" />emoci\u00f3n. Con ellas sentimos todo el dolor y desamparo universal:</span></span></h3>\r\n\r\n<h3 style=\"color: rgb(136, 136, 136); text-align: justify;\">&nbsp;</h3>\r\n\r\n<h3 style=\"color: rgb(136, 136, 136); text-align: justify;\"><span style=\"font-size:18px;\"><span style=\"color:#000000;\">Con la carga de denuncia, con las escenas sobrecogedoras&nbsp; del dramatismo de tantas vidas del tercer mundo, los sentimientos m\u00e1s amables quedan \u201csignificativamente\u201d en un&nbsp; segundo plano. (Seis haik\u00fas para el ni\u00f1ito) o &nbsp;Robert &nbsp;Doiseau, el fot\u00f3grafo del beso eterno en una calle de Par\u00eds, que\u2026\u201d da la espalada al ciego/del viejo acorde\u00f3n, tr\u00e9mulo en sus manos\u201d. Pero a pesar de la tristeza o de la melancol\u00eda\u2026 \u201dSon bellas las esquinas de Par\u00eds cuando duermen\u201d.</span></span></h3>\r\n\r\n<h3 style=\"color: rgb(136, 136, 136); text-align: justify;\">&nbsp;</h3>\r\n\r\n<h3 style=\"color: rgb(136, 136, 136); text-align: justify;\"><span style=\"font-size:18px;\"><span style=\"color:#000000;\">\u201cLos poemas de este cuaderno se han emulsionado y fijado a sus p\u00e1ginas gracias a las sales de plata\u201d. Gran parte de nuestro pasado est\u00e1 ligado a este soporte arg\u00e9ntico. Gracias a \u00e9l existen las fotograf\u00edas como esas que&nbsp; \u00c1ngeles guarda en una lata de galletas oxidada. En ella conserva su propia historia, la de su familia, la del bisabuelo en el que reconoce sus propios rasgos. Tambi\u00e9n est\u00e1n&nbsp; los vecinos y tantos amigos\u2026</span></span></h3>\r\n\r\n<h3 style=\"color: rgb(136, 136, 136); text-align: justify;\">&nbsp;</h3>\r\n\r\n<h3 style=\"color: rgb(136, 136, 136); text-align: justify;\"><span style=\"font-size:18px;\"><span style=\"color:#000000;\">Si Rilke daba consejos a un joven poeta y le dec\u00eda que buscase la fuente de inspiraci\u00f3n en s\u00ed mismo, que se adentrase en su yo y buscase las profundidades de donde mana la vida\u2026Con este poemario, \u00c1ngeles nos propone el camino inverso: - Mira fuera de ti, contempla y comprende el mundo que te rodea y luego\u2026escribe. Como Vicente Aleixandre, \u201cel poeta canta por todos\u201d:</span></span></h3>\r\n\r\n<p>&nbsp;</p>\r\n\r\n<h3 style=\"color:#888;\"><span style=\"font-size:18px;\"><span style=\"color:#000000;\"><em>La voz que por tu garganta, desde todos los corazones<img src=\"https://www.elvalledeturon.net/cultura/literatura/anegeles-gonzalez-fuentes/s/evelia-ovalado-con-nombre-y-fecha.jpg/image_preview\" title=\"Evelia ovalado con nombre y fecha\" height=\"184\" width=\"400\" alt=\"\" class=\"image-right\" /></em></span></span></h3>\r\n\r\n<h3 style=\"color:#888;\"><span style=\"font-size:18px;\"><span style=\"color:#000000;\"><em>esparcida,</em></span></span></h3>\r\n\r\n<h3 style=\"color:#888;\"><span style=\"font-size:18px;\"><span style=\"color:#000000;\"><em>se alza limpiamente en el aire.</em></span></span></h3>\r\n\r\n<p>&nbsp;</p>\r\n\r\n<p>&nbsp;</p>\r\n", "author_name": "", "version": "1.0", "author_url": "https://www.elvalledeturon.net/author/jorgevarela", "provider_name": "El valle de Turon", "type": "rich"}