{"provider_url": "https://www.elvalledeturon.net", "title": "Autobiograf\u00eda en blanco y negro", "html": "<div style=\"text-align: justify;\">&nbsp;</div><h2 style=\"text-align: justify;\">Soy de los fieles a su pueblo, a su paisaje y paisanaje, como se suele decir. Desde mi nacimiento, en septiembre de 1979, San Andr\u00e9s ha sido el lugar donde ha transcurrido toda mi vida. El \u00fanico alejamiento, por tierras salmantinas, lo ha sido por estudios, siguiendo como el canto de la sirena por su belleza, toda su tradici\u00f3n<img src=\"https://www.elvalledeturon.net/cultura/pintura/faustino-torre/expo-ateneu.jpg/image_large\" title=\"Expo Aten\u00e9u.jpg\" height=\"544\" width=\"500\" alt=\"Expo Aten\u00e9u.jpg\" class=\"image-right\" /> art\u00edstica y el ambiente cultural que se respira. <br /><br />Pintura y rock and roll enmarcan mis aficiones. Mi inter\u00e9s por el dibujo comienza desde peque\u00f1o. En parvulitos adoraba dibujar m\u00e1s que cualquier otra cosa en el mundo. Era una verdadera pasi\u00f3n. Fui creciendo como autodidacta hasta que me di cuenta que ten\u00eda que hacer algo para asentar las bases de esa inclinaci\u00f3n art\u00edstica. Di el paso y con la asistencia al taller de JL Varela comenz\u00f3 a crecer a\u00fan m\u00e1s mi afinidad por el dibujo y la pintura.<br /><br />Con esa extraordinaria formaci\u00f3n, mi confianza y mi t\u00e9cnica fueron desarroll\u00e1ndose de manera insospechada. M\u00e1s seguro y con una incipiente destreza, tras superar el bachiller art\u00edstico y la selectividad decid\u00ed abrir la puerta de la licenciatura  de bellas artes en Salamanca. <br /><br />Mi recorrido sin embargo no hubiera sido posible sin la gu\u00eda del maestro turon\u00e9s, bondadoso, paciente y ayud\u00e1ndome en todo. M\u00e1s all\u00e1 del propio arte, con \u00e9l me descubr\u00ed a m\u00ed mismo. Gracias a su apoyo incondicional, mi autoestima y mis habilidades fueron creciendo con el paso del tiempo. Con sus consejos y ense\u00f1anzas madur\u00f3 mi t\u00e9cnica, abri\u00e9ndome una v\u00eda, un camino en la vida que empiezo a recorrer a los 17 a\u00f1os.<br /><br /><img src=\"https://www.elvalledeturon.net/cultura/pintura/faustino-torre/montaje-4-obras.jpg/image_large\" title=\"Montaje 4 obras.jpg\" height=\"632\" width=\"550\" alt=\"Montaje 4 obras.jpg\" class=\"image-left\" />Mis t\u00e9cnicas favoritas son el l\u00e1piz, el acr\u00edlico y el \u00f3leo. El acr\u00edlico por su rapidez y colorido,  el \u00f3leo porque fomenta la paciencia, la meticulosidad y el l\u00e1piz por su sencillez a la hora de crear grandes cosas. Pero tampoco quiero prescindir de cu\u00e1ntas t\u00e9cnicas me ayuden a ir m\u00e1s all\u00e1.  Aunque intento ser un &ldquo;todoterreno&rdquo;, probando y ensayando un poco de todo, el retrato es el g\u00e9nero que prefiero, sobretodo el femenino en el que me he especializado,  sin olvidar por supuesto, no pod\u00eda ser de otra manera en nuestro valle de Tur\u00f3n, el paisaje.<br /><br />Porque el Valle y su naturaleza me inspiran con su colorido m\u00faltiple, sus grises violetas verdosos,  sus colores fugaces momentos \u00fanicos e irrepetibles. Tambi\u00e9n me empujan a pintar su pasado minero, sus formas quebradas y a la vez fauvistas, sus ef\u00edmeros tonos, su abundancia en belleza en estilos diversos.  Una armon\u00eda quebrada, con tonalidades fuertes y  brillantes y con momentos m\u00e1s apagados. Es como estar siempre en un pasado muy presente intentando construir un futuro que sea m\u00e1s justo. Como si el arte recuperase la Historia.<br /><br />Porque la inspiraci\u00f3n es fugaz, con el l\u00e1piz siempre en la mano  pueden brotar los gestos m\u00e1s imaginativos. El blanco y negro  siempre como primer trazo, sin olvidar el mundo m\u00e1s vivo del color del que escojo para m\u00ed el azul ultramar por su belleza y contraste c\u00e1lido y el rojo de cadmio por su fuerza e intensidad.<br /><br />Siento una atracci\u00f3n particular por la ilustraci\u00f3n del c\u00f3mic, los mangas japoneses o la inform\u00e1tica por sus incre\u00edbles posibilidades con el dibujo y la pintura. La cabeza llena de proyectos quiero sobretodo seguir definiendo mi estilo y contrastando mi obra con el p\u00fablico de las exposiciones, la prueba del fuego para el artista. Y quiz\u00e1s m\u00e1s tarde ense\u00f1ar,  transmitir y hacer descubrir lo que para m\u00ed es una forma de vida.</h2><br /><hr /><br /><br /><br /><br /><br /><br /><br /><br /><img src=\"https://www.elvalledeturon.net/cultura/pintura/faustino-torre/cartel-expo-colectiva.jpg/image_large\" title=\"Cartel Expo colectiva.jpg\" height=\"470\" width=\"500\" alt=\"Cartel Expo colectiva.jpg\" class=\"image-right\" /><h3>EXPOSICIONES INDIVIDUALES:</h3><div style=\"text-align: justify;\">&nbsp;</div><h5>2000 - Casa de la Juventud de Tur\u00f3n&nbsp;<br /><br />2002 - Instituto Bernardo de Quir\u00f3s<br /><br />2011 - Aten\u00e9us de Tur\u00f3n<br /><br />2012 -&nbsp;Sala de Exposiciones Celso Granda<br />&nbsp; &nbsp; &nbsp; &nbsp; &nbsp; &nbsp; Pola de Lena</h5><h3><br /><br />EXPOSICIONES COLECTIVAS:</h3><div style=\"text-align: justify;\">&nbsp;</div><h5>Varios a\u00f1os - &nbsp;Alumnos JL Varela <br />&nbsp; &nbsp; &nbsp; &nbsp; &nbsp; &nbsp; &nbsp; &nbsp; &nbsp; &nbsp; &nbsp; &nbsp;Aten\u00e9u de Tur\u00f3n&nbsp;<br /><br />2013 - &nbsp;1&ordf; Exposici\u00f3n sobre tem\u00e1tica minera<br />&nbsp; &nbsp; &nbsp; &nbsp; &nbsp; &nbsp; Casa de la Cultura - Mieres</h5>", "author_name": "", "version": "1.0", "author_url": "https://www.elvalledeturon.net/author/jorgevarela", "provider_name": "El valle de Turon", "type": "rich"}