{"provider_url": "https://www.elvalledeturon.net", "title": "Juanita L\u00f3pez Cord\u00f3n", "html": "<h2 style=\"text-align: justify;\">JUANITA L\u00d3PEZ CORD\u00d3N</h2><div style=\"text-align: justify;\">&nbsp;</div><h5><em>Discreta y humilde, Juanita, sabe lo mucho que aprendi\u00f3&nbsp;con Juan Luis Varela que para ella lo es todo: un gran pintor, una pincelada genial y una gran persona.&nbsp;Se considera m\u00e1s una aficionada apasionada que una pintora. Su pintura es &ldquo;tradicional&rdquo;, dice, pero lo que realmente le entusiasma es el retrato porque en realidad es la vida.&nbsp; <br /></em><em><br /><br /></em>... y as\u00ed de sencilla empieza la conversaci\u00f3n.<img src=\"https://www.elvalledeturon.net/cultura/pintura/juanita-lopez-cordon-1/san-pedro.jpg/image\" title=\"San Pedro.jpg\" height=\"382\" width=\"500\" alt=\"San Pedro.jpg\" class=\"image-right\" /></h5><div style=\"text-align: justify;\">&nbsp;</div><h4 style=\"text-align: justify;\">Tus recuerdos&hellip;</h4><div style=\"text-align: justify;\">&nbsp;</div><div style=\"text-align: justify;\"><br />Mis recuerdos de joven no son buenos: miseria, hambre,&hellip;un mundo duro donde hab\u00eda mucha discriminaci\u00f3n, incluso en la escuela. Mi juventud la pas\u00e9 en San Pedro, ese &ldquo;puebl\u00edn&rdquo; todo cuesta arriba, entre Lago y Enverniego. En realidad viv\u00ed all\u00ed hasta los veinticuatro a\u00f1os, cuando me cas\u00e9.<br /><br />Mi padre, Ovidio, era minero pero tuvo que salir de la mina por problemas de pulm\u00f3n. Trabaj\u00f3 en &ldquo;San Benino&rdquo; y muri\u00f3 a los 65; mi madre, Damiana, se fue a los 59. \u00c9ramos una familia numerosa, de las muchas que hab\u00eda, con tres hermanos, Ovidio, Antonio y Quico que muri\u00f3 con 50 a\u00f1os. Ten\u00eda yo nueve a\u00f1os cuando naci\u00f3 el peque\u00f1o. Sus problemas de vista le impidieron trabajar en la mina, en Tur\u00f3n. Al final fue barrenista en un &ldquo;chamizu&rdquo;.<br /><br />Fui con Pepita Caminal a la escuela de Lago y a las monjas de San Francisco. Poco m\u00e1s puedo a\u00f1adir, porque mi juventud fue sobre todo trabajo <br /><br />&nbsp;</div><h4 style=\"text-align: justify;\"><img src=\"https://www.elvalledeturon.net/cultura/pintura/juanita-lopez-cordon-1/escuela.jpg/image\" title=\"Escuela.jpg\" height=\"375\" width=\"500\" alt=\"Escuela.jpg\" class=\"image-left\" />Juventud, trabajo y aprendizaje</h4><h4 style=\"text-align: justify;\">&nbsp;</h4><div style=\"text-align: justify;\">Tuve una juventud dura, una juventud de trabajo. Empec\u00e9 de muy joven, jovenc\u00edsima, a trabajar con Cayo el sastre que estaba instalado debajo de Casa Ardura. Me acuerdo perfectamente de esa sastrer\u00eda donde aprend\u00ed todo lo que s\u00e9&hellip; de coser&hellip;. Despu\u00e9s me fui a Barcelona con veinte a\u00f1os. Era un poco rebelde y eso no iba con la situaci\u00f3n dura que ten\u00edamos. Eran tiempos en los que si no estabas conforme te ibas a intentar hacer tu vida a otro lugar, de otra manera.<br />&nbsp;&nbsp;</div><h4 style=\"text-align: justify;\">Y&nbsp;&nbsp;lo de Barcelona&hellip;</h4><h4 style=\"text-align: justify;\">&nbsp;</h4><div style=\"text-align: justify;\">Barcelona fue pues una aventura arriesgada. Todav\u00eda no era mayor de edad y me encontr\u00e9 con un mundo que me asustaba. Fui con una familia que conoc\u00eda y encontr\u00e9 trabajo en una sastrer\u00eda. Era lo que yo sab\u00eda hacer. Tuve suerte porque cuando ped\u00eda trabajo me miraban con cara extra\u00f1a porque dudaban una chica tan joven supiera hacer algo de costura. Pero la verdad era que gracias a Cayo yo sab\u00eda hacer de todo: trajes, abrigos, etc. Al final estuve all\u00ed cinco meses, hasta que cog\u00ed una gripe bastante fuerte que un vecino intent\u00f3 curar a base de penicilina. Como soy al\u00e9rgica a ese medicamente me puse fatal y no me llevaron al m\u00e9dico para no tener problemas.</div><div style=\"text-align: justify;\">&nbsp;<img src=\"https://www.elvalledeturon.net/cultura/pintura/juanita-lopez-cordon-1/tonio.jpg/image_preview\" title=\"Tonio.jpg\" height=\"300\" width=\"400\" alt=\"Tonio.jpg\" class=\"image-right\" /></div><h4 style=\"text-align: justify;\">Y a la vuelta, la independencia, &iquest;no?</h4><h4 style=\"text-align: justify;\">&nbsp;</h4><div style=\"text-align: justify;\">Casi. Aunque me hab\u00eda marchado un poco &ldquo;picada&rdquo;, no estaba enfadada con mis padres. El irme hab\u00eda sido un capricho, una manera de mostrar que me pod\u00eda valer por m\u00ed misma. A la vuelta segu\u00ed trabajando con Cayo y un poco m\u00e1s tarde con Daniel el sastre cuando ten\u00eda su taller junto a Ladreda. A los veinticuatro a\u00f1os conoc\u00ed a Tonio que hab\u00eda llegado desde Portugal a trabajar en el valle. El a\u00f1o 1968 fue importante para m\u00ed: amor e independencia, tres meses de noviazgo, nos casamos y fuimos a vivir a La Veguina.</div><h4 style=\"text-align: justify;\"><br />Nueva vida&hellip;&iquest;nuevo trabajo?</h4><div style=\"text-align: justify;\"><br />Eso no falt\u00f3. Tonio trabajaba en la mina y a la par decidimos coger un bar en La Rebaldana, el bar de Concha. Estaba un poco por encima del pozu, enfrente del comercio de Lecio. Hab\u00eda otro bar enfrente pero con tanto minero hab\u00eda gente para todos. Con el cambio de los relevos y la llegaba de los autobuses aquello se llenaba de mineros. Todo un ambiente. &iexcl;Un mundo! All\u00ed estuvimos tres a\u00f1os y despu\u00e9s llevamos un pub en Mieres durante cuatro a\u00f1os. <br /><img src=\"https://www.elvalledeturon.net/cultura/pintura/juanita-lopez-cordon-1/rebaldana-2.jpg/image_large\" title=\"Rebaldana 2.jpg\" height=\"429\" width=\"550\" alt=\"Rebaldana 2.jpg\" class=\"image-left\" />Trabajo y m\u00e1s trabajo: mi marido en la mina y yo llevando el bar&hellip;</div><h4 style=\"text-align: justify;\"><br />&iquest;Y la pasi\u00f3n por la pintura?</h4><div style=\"text-align: justify;\"><br />La pintura lleg\u00f3 tarde en mi vida<br />pero hoy es una gran pasi\u00f3n. Un d\u00eda tom\u00e9 la decisi\u00f3n de asistir a las clases que daba Varela en Los Frailes. Fue un a\u00f1o de descubrimientos y de retos. Siempre me hab\u00eda llamado la atenci\u00f3n la pintura, pero con la existencia de trabajo que llev\u00e9 no hab\u00eda espacio para nada m\u00e1s. Pero lleg\u00f3 el momento en el que tuve algo de tiempo y me dediqu\u00e9 a descubrir el mundo del dibujo con un profesor maravilloso y que admiro. Con Juan Luis descubr\u00ed un mundo, una satisfacci\u00f3n. Est\u00e1s ah\u00ed ante la cuartilla o el lienzo, ves que salen cosas interesantes y quieres m\u00e1s&hellip; Es verdad que cuando decido pintar algo, el<img src=\"https://www.elvalledeturon.net/cultura/pintura/juanita-lopez-cordon-1/africana.jpg/image_large\" title=\"Africana.jpg\" height=\"611\" width=\"500\" alt=\"Africana.jpg\" class=\"image-right\" /> lienzo en blanco impone, pero insistes y lo consigues. Me gusta ir a\u00f1adiendo detalles, pinceladas, &ldquo;toques&rdquo; de color a mis cuadros. Me siento y voy a\u00f1adiendo uno u otro, retocando&hellip; disfruto.<br />&nbsp;</div><h4 style=\"text-align: justify;\">Los colores para combatir la dureza de la vida&hellip;</h4><div style=\"text-align: justify;\"><br />Puede que s\u00ed. Yo tend\u00eda a pintar como Varela con tonos oscuros, pero a m\u00ed me gustan m\u00e1s los colores, me gusta la gente&hellip; Soy m\u00e1s retratista que paisajista. Me atrae el retrato por las personas, por la expresi\u00f3n y la vida que representan. Cuando pinto paisajes me gustan los marinos y sus colores. El color da m\u00e1s vida, por eso me gusta la luz, mucha luz&hellip; Tur\u00f3n ya tuvo bastante blanco y negro&hellip; y el verde tampoco me convence.</div><h4 style=\"text-align: justify;\"><br />Disc\u00edpula de Varela&hellip;</h4><div style=\"text-align: justify;\"><br />Ser\u00eda soberbia por mi parte. Siento no haber empezado antes, seguramente que el resultado hubiera sido m\u00e1s satisfactorio. No me considero disc\u00edpula de Varela, eso me queda un poco grande. Pero si soy una humilde alumna que aprendi\u00f3 much\u00edsimo con ese gran artista. La pintura es una actividad que me relaja, que me llena. Las etapas de la vida sin embargo traen otras ocupaciones, la familia y los nietos, que reducen bastante el tiempo, el tiempo del colorido y de la evasi\u00f3n</div><h4 style=\"text-align: justify;\"><br />&iquest;La exposici\u00f3n como satisfacci\u00f3n personal? <br />&nbsp;</h4><div style=\"text-align: justify;\">Cuando expones empiezas en colectivas para escabullirte un poco y luego, animada por los tuyos, te atreves a algo m\u00e1s personal. Expuse sola en la Casa de la Cultura de Mieres, en Galer\u00edas Preciados en Oviedo. Pero mi satisfacci\u00f3n es que la gente me pida retratos y que mis pinturas llenen sus vidas.</div><div><br />&nbsp;</div><h5 style=\"text-align: justify;\">...termina&nbsp;la conversaci\u00f3n pero sigue la pasi\u00f3n, explica sus obras, la luz, los colores...no sin antes a\u00f1adir: &nbsp;&quot;para el arte Varela y Pilu, yo me conformo con&nbsp;mi modesta satisfacci\u00f3n y mis propios l\u00edmites&quot;.&nbsp;La vida de Juanita ahora,&nbsp;amaestrada por la pintura, sigue su rumbo acompa\u00f1ada por lo m\u00e1s importante para ella: su familia.&nbsp;Una&nbsp;vida de colores, los colores del amor.<br /><br /><br /><br />&nbsp;</h5><em><strong>Conversaci\u00f3n recogida por Jorge Varela para elvalledeturon.net, Lago, mayo de 2011<br /><br /></strong></em><div>&nbsp;</div>", "author_name": "", "version": "1.0", "author_url": "https://www.elvalledeturon.net/author/jorgevarela", "provider_name": "El valle de Turon", "type": "rich"}