{"provider_url": "https://www.elvalledeturon.net", "title": "La huida demogr\u00e1fica del concejo ", "html": "<h2 style=\"text-align: right;\">La huida demogr\u00e1fica del concejo .</h2>\r\n\r\n<h3 style=\"color: rgb(136, 136, 136); text-align: right;\">El valle turon\u00e9s, un caso \u00fanico en el mapa de Espa\u00f1a</h3>\r\n\r\n<p style=\"text-align: right;\">&nbsp;</p>\r\n\r\n<p style=\"text-align: right;\"><span style=\"font-size:20px;\"><em><strong>Amadeo Gancedo</strong></em></span></p>\r\n\r\n<p>&nbsp;</p>\r\n\r\n<p style=\"text-align: justify;\"><span style=\"font-size:18px;\"><img src=\"https://www.elvalledeturon.net/historia/autores/amadeo-gancedo-1/fabrica-de-mieres.jpg/image_preview\" title=\"F\u00e1brica de Mieres\" height=\"393\" width=\"520\" alt=\"\" class=\"image-left\" />Los elementos que han provocado el despoblamiento del concejo mierense son claros, di\u00e1fanos y desde luego nada discutibles. Tambi\u00e9n lo son aquellas medidas que estaban previstas en forma de compensaci\u00f3n de actividades con posible creaci\u00f3n de empleo. Y la realidad est\u00e1 a la vista de todos, aunque no sobra, como penoso consuelo, recuperar un poco la memoria.</span></p>\r\n\r\n<p style=\"text-align: justify;\"><span style=\"font-size:18px;\">Todo comenz\u00f3 con la recesi\u00f3n de industrias, a causa, entre otras, de la falta de previsi\u00f3n por parte del gran capital, a la hora de dedicar una parte de las rentabilidades, a la actualizaci\u00f3n de modernos sistemas de explotaci\u00f3n y nuevas instalaciones, tanto en la industria siderometal\u00fargica, como en la minera. Que dicho sea en plata, poco m\u00e1s o menos, las fabricona se convirti\u00f3 en una fragua y las minas en chamizos. Entonces se escuch\u00f3 el terrible lamento de la iniciativa privada al frente de estas empresas: \u201cQue no hay rentabilidad y se corre el peligro de perder miles de puestos de trabajo\u201d. \u00a1La hecatombe! Y como recurso inmediato acude el capital p\u00fablico por decisi\u00f3n estatal, all\u00e1 por los a\u00f1os sesenta, primero para constituir grandes factor\u00edas siderometal\u00fargicas, primero en Avil\u00e9s, luego en Gij\u00f3n. Y all\u00e1 se fue, en dos tandas, con otras asturianas, F\u00e1brica de Mieres. M\u00e1s tarde se cre\u00f3 esa especie de conglomerado minero que fue Hunosa, para recoger a la mayor\u00eda de las empresas explotadoras del subsuelo que, seg\u00fan sus propietarios, estaban \u201cen n\u00fameros rojos\u201d.</span></p>\r\n\r\n<p style=\"text-align: justify;\"><span style=\"font-size:18px;\">Hubo anuncios de compensaciones que, en un primer periodo y intentaron ubicarse en el pol\u00edgono<img src=\"https://www.elvalledeturon.net/historia/autores/amadeo-gancedo-1/grafiti-minero.jpg/image_preview\" title=\"Grafiti minero\" height=\"380\" width=\"500\" alt=\"\" class=\"image-right\" /> donde anteriormente se encontraba \u201cLa Fabricona\u201d, pero quedaron casi en agua de borrajas. Luego llegaron los fondos mineros, las prejubilaciones y dem\u00e1s, \u201cpara remediar males\u201d. Se crearon equipamientos \u2013con el \u201cnon plus ultra\u201d del campus universitario\u2013 carreteras, polideportivos, por citar algunos, pero lo que es industria alternativa y creaci\u00f3n de empleo, perm\u00edtanme una c\u00e1ndida sonrisa...</span></p>\r\n\r\n<p style=\"text-align: justify;\"><span style=\"font-size:18px;\">Con todo ello el despoblamiento fue bestial, sirviendo como ejemplo, posiblemente el m\u00e1s acusado en el mapa espa\u00f1ol, el del valle turon\u00e9s que, con todo cerrado pas\u00f3 de veintid\u00f3s mil a cuatro mil habitantes.</span></p>\r\n\r\n<p style=\"text-align: justify;\"><span style=\"font-size:18px;\">La propuesta. Y con tal desbarajuste muchos beneficiados con las prejubilaciones optaron por cambiar de aires hacia puntos m\u00e1s f\u00e9rtiles y saludables del mapa asturiano, incluso en la costa mediterr\u00e1nea. Y visto todo lo expuesto Mieres se qued\u00f3 sin \u201calma\u201d, baj\u00f3 el peso espec\u00edfico de la municipalidad (\u00a1claro!, de setenta y dos mil habitantes en el concejo, ya estamos por debajo de los cuarenta), y aqu\u00ed se van perdiendo se\u00f1as identidad, sobre todo en lo referente a la acci\u00f3n ciudadana en el plano cultural y social.</span></p>\r\n\r\n<p style=\"text-align: justify;\"><span style=\"font-size:18px;\">La cr\u00edtica. \u00bfVamos a permitir que esa \u201cfuga\u201d se acreciente con las alborotadas y ruidosas noches y madrugadas en algunos puntos espec\u00edficos del casco urbano \u2013l\u00e9ase principalmente la calle La Vega\u2013 con la movida, donde grupos de j\u00f3venes, al no poder degustar un cigarrillo en el interior salen al aire libre con el consabido \u201cconcierto\u201d de voces, broncas y m\u00e1s dislates, provocando el insomnio y el nerviosismo de los propietarios de viviendas cercanas? M\u00e1s de uno manifest\u00f3 a este peri\u00f3dico que est\u00e1 estudiando la posibilidad de largarse a otro hemisferio. Ojo pues, \u00a1al dato!</span></p>\r\n\r\n<p style=\"text-align: justify;\"><img src=\"https://www.elvalledeturon.net/historia/autores/amadeo-gancedo-1/amadeo-gancedo-dni.jpg/image_preview\" title=\"Amadeo Gancedo DNI\" height=\"174\" width=\"150\" alt=\"\" class=\"image-left\" /></p>\r\n\r\n<p style=\"text-align: justify;\">&nbsp;</p>\r\n\r\n<p style=\"text-align: right;\"><span style=\"font-size:18px;\"><strong>\u00ae&nbsp;Amadeo Gancedo,&nbsp;para www.elvalledeturon.net, marzo&nbsp;2016&nbsp;</strong></span></p>\r\n\r\n<p style=\"text-align: justify;\">&nbsp;</p>\r\n", "author_name": "", "version": "1.0", "author_url": "https://www.elvalledeturon.net/author/jorgevarela", "provider_name": "El valle de Turon", "type": "rich"}