{"provider_url": "https://www.elvalledeturon.net", "title": "Ant\u00f3n Saavedra Rodr\u00edguez", "html": "<p style=\"text-align: justify;\"><img src=\"https://www.elvalledeturon.net/historia/autores/anton-saavedra-rodriguez/dni-anton-sin-nombre.jpg/image_preview\" title=\"DNI ANTON SIN NOMBRE\" height=\"227\" width=\"270\" alt=\"\" class=\"image-left\" /></p>\r\n\r\n<p style=\"text-align: justify;\">Hola a todos, soy Ant\u00f3n Saavedra y vivo en la cuenca minera asturiana del Nal\u00f3n. Nacido en Moreda de Aller, (Asturias) el 30 de mayo de 1948, desde la edad de cinco a\u00f1os vivo en la barriada minera de La Ju\u00e9cara (LANGREO). All\u00ed, en la Academia Mercantil de La Felguera (Frail\u00edn) curs\u00e9 mis estudios de bachillerato por libre, y a la edad de 20 a\u00f1os, despu\u00e9s de haber sido despedido de Constructora Gijonesa, Duro Felguera y Montajes de Cia\u00f1o por motivos sindicales, empez\u00e9 a trabajar en la minas de Hunosa (Pozo Fond\u00f3n) con la categor\u00eda de ayudante barrenista hasta el a\u00f1o 1974 que pas\u00e9 a desempe\u00f1ar el cargo de Graduado Social en el Grupo Siero (Pumarabule y Mosquitera).</p>\r\n\r\n<p style=\"text-align: justify;\">Posteriormente me licenci\u00e9 en Relaciones Industriales por la Universidad de Alcal\u00e1 de Henares, y actualmente curso estudios para la licenciatura de Ciencias Pol\u00edticas. Afiliado a la UGT y al PSOE en los inicios de los a\u00f1os 70, fui secretario general de la Federaci\u00f3n Estatal de Mineros de UGT (1976-1989), vicepresidente de la Internacional de Mineros (1978-1990), y miembro del Comit\u00e9 Ejecutivo<img src=\"https://www.elvalledeturon.net/historia/autores/anton-saavedra-rodriguez/secuestro-del-socialismo.jpg/image_preview\" title=\"Secuestro del Socialismo\" height=\"294\" width=\"300\" alt=\"\" class=\"image-right\" /> Confederal de UGT (1976-1988).Desde 1986 hasta 1994 ocup\u00e9 un lugar en la Mesa del Comit\u00e9 Consultivo de la Comunidad Europea del Carb\u00f3n y del Acero (CECA) en representaci\u00f3n de Espa\u00f1a. Durante este periodo particip\u00e9 como ponente en varios congresos y conferencias sindicales a nivel internacional, actuando en nombre de los trabajadores espa\u00f1oles ante la OIT, siendo autor del libro-informe publicado bajo el t\u00edtulo \u201cEL CARBON:UNA ALTERNATIVA A LA CRISIS ENERGETICA\u201d, que fue asumido por unanimidad de los miembros de la CECA como ponencia base en el debate sobre la politica energ\u00e9tica comunitaria en 1991.</p>\r\n\r\n<p style=\"text-align: justify;\">Entre los a\u00f1os 1991 y 1998 fui diputado del Partido de Acci\u00f3n Socialista (PSOE hist\u00f3rico) en el Parlamento Asturiano por las lista de IU, as\u00ed como miembro de sus respectivos comit\u00e9s ejecutivos federales. Soy autor de \u201cSECUESTRO DEL SOCIALISMO\u201d y \u201cEL HEREDERO DE SURESNES\u201d de muy recient\u00edsima aparici\u00f3n.</p>\r\n", "author_name": "", "version": "1.0", "author_url": "https://www.elvalledeturon.net/author/jorgevarela", "provider_name": "El valle de Turon", "type": "rich"}