{"provider_url": "https://www.elvalledeturon.net", "title": "Tardes de junio", "html": "<p style=\"text-align: justify;\"><span style=\"color:#800000;\"><strong><span style=\"font-size:20px;\"><span style=\"font-family:arial,helvetica,sans-serif;\"><img src=\"https://www.elvalledeturon.net/historia/autores/carlos-veaga-zapico/biografia/carlos-vega.jpg/image_preview\" title=\"Carlos_Vega.jpg\" height=\"151\" width=\"200\" alt=\"\" class=\"image-left\" />Recuerdos a media tarde</span></span></strong></span></p>\r\n\r\n<p style=\"text-align: justify;\">&nbsp;</p>\r\n\r\n<p style=\"text-align: justify;\"><span style=\"color:#800000;\"><strong><span style=\"font-size:20px;\"><span style=\"font-family:arial,helvetica,sans-serif;\">Carlos Vega Zapico</span></span></strong></span></p>\r\n\r\n<p style=\"text-align: justify;\">&nbsp;</p>\r\n\r\n<p style=\"text-align: justify;\">&nbsp;</p>\r\n\r\n<h3 style=\"color: rgb(136, 136, 136); text-align: center;\"><span style=\"color:#FF8C00;\"><strong><span style=\"font-size:48px;\"><span style=\"font-family:arial,helvetica,sans-serif;\">Tardes de junio</span></span></strong></span></h3>\r\n\r\n<p style=\"text-align: justify;\">&nbsp;</p>\r\n\r\n<p style=\"text-align: justify;\"><span style=\"font-size:20px;\"><span style=\"font-family:arial,helvetica,sans-serif;\">Pas\u00e9 el mes de junio, antesala del verano, fuera del Valle de Tur\u00f3n. Recorriendo otros \u201cTurones\u201d abandonados de la misma mano de Dios que el nuestro y que forman parte de esa \u201cEspa\u00f1a despoblada\u201d de la que todo dios habla pero, a la que no muchos conocen m\u00e1s que de o\u00eddas. No me content\u00e9 con verla desde lejos. Quise hablar con sus gentes, cada vez m\u00e1s <img src=\"https://www.elvalledeturon.net/historia/autores/carlos-veaga-zapico/tardes-de-junio/espana-despoblada.jpg/image_preview\" title=\"Espa\u00f1a despoblada\" height=\"473\" width=\"600\" alt=\"\" class=\"image-right\" />escasas y conocer su propia Historia, no tan diferente de la nuestra aunque ellos haya que salir, &nbsp;simplemente, para ir a la consulta del m\u00e9dico, que ni eso tienen. Aunque, el diario contacto con nuestra realidad local, me permiti\u00f3 mantener vivo ese cord\u00f3n umbilical que me une \u201ccon lo nuestro\u201d, en un mes en el que contar lo sucedido entre Polio y Cutrifera supone hilar tan fino con las palabras, que se convierte en reto, tanto para leedores como para lectores. De cualquier forma cuanto sigue no deja de ser un punto de vista personal&nbsp;y tan solo representativo que quien esto firma.</span></span></p>\r\n\r\n<p style=\"text-align: justify;\"><span style=\"font-size:20px;\"><span style=\"font-family:arial,helvetica,sans-serif;\">As\u00ed las cosas, me entero y, me llama poderosamente la atenci\u00f3n, de esa inversi\u00f3n de casi \u201cmedio mill\u00f3n de euros\u201d para \u201cimpulsar la Ciudad del Tenis de la Riquela\u201d. Mucho le debemos a Nadal, pero nunca pens\u00e9 que esas instalaciones fueran tan usadas por los turoneses para practicar el deporte de la raqueta, hasta el punto de tener que ampliarse. Si as\u00ed fuese, <img src=\"https://www.elvalledeturon.net/historia/autores/carlos-veaga-zapico/tardes-de-junio/ciudad-del-tenis-2.jpg/image_preview\" title=\"Ciudad del tenis 2\" height=\"341\" width=\"600\" alt=\"\" class=\"image-left\" />bienvenida sea la ampliaci\u00f3n aunque no estar\u00eda nada mal algo m\u00e1s de pedagog\u00eda municipal para explicarnos el uso y disfrute de las mismas. Llegados a este punto, ya veo a algunos, mal interpretando mis palabras pero, tambi\u00e9n aqu\u00ed sirve aquello de \u201cye lo que hay, compa\u00f1eru\u201d. No estar\u00eda de m\u00e1s recordar que en 2009 se invirtieron 820.000 euros \u201ccon cargo al fondo estatal de inversi\u00f3n&nbsp; local\u201d y que el \u201cedificio de servicios\u201d, levantado en 2011, super\u00f3 los 213.000 euros,&nbsp; sin que los turoneses nos enter\u00e1semos de nada, o al menos algunos. Simplemente lo dejo por escrito para que cuando unos digan que \u201caqu\u00ed no se hace nada\u201d, los otros, presenten cifras en euros. De todas maneras, \u00a1suma y sigue!.</span></span></p>\r\n\r\n<p style=\"text-align: justify;\">&nbsp;</p>\r\n\r\n<p style=\"text-align: justify;\"><span style=\"font-size:20px;\"><span style=\"font-family:arial,helvetica,sans-serif;\">Suelo seguir las salidas del Grupo Monta\u00f1ero san Bernardo a trav\u00e9s de los reportajes&nbsp; del amigo Luis\u00edn Cienfuegos y observo que, al menos en las fotos grupales, el alto n\u00famero de mujeres que participan del senderismo con asiduidad. No me atrever\u00eda a dar cifras, pero <img src=\"https://www.elvalledeturon.net/historia/autores/carlos-veaga-zapico/tardes-de-junio/montaneras-2.jpg/image_preview\" title=\"Monta\u00f1eras 2\" height=\"287\" width=\"600\" alt=\"\" class=\"image-right\" />tampoco me extra\u00f1ar\u00eda que la relaci\u00f3n Mujer/Hombre o Monta\u00f1era/Monta\u00f1ero fuese muy equilibrada, lo cual me parece algo normal en estos tiempos, y en los otros. Por eso, me llam\u00f3 poderosamente la atenci\u00f3n esa \u201cPrimera Marcha de Muyeres de Tur\u00f3n\u201d en la que no vi un solo hombre aunque ciertamente desconozco si pod\u00edan participar o era exclusividad del sexo femenino. Personalmente no me gustar\u00eda contemplar un cartel en el que se anunciase \u201cPrimera Marcha de Paisanos de Tur\u00f3n\u201d. Sin que nadie vea en ello ninguna expresi\u00f3n de feminismo ni de machismo, si no&nbsp; simplemente de mi sentido com\u00fan aunque \u00e9ste pueda ser el menos com\u00fan de mis sentidos.</span></span></p>\r\n\r\n<p style=\"text-align: justify;\"><span style=\"font-size:20px;\"><span style=\"font-family:arial,helvetica,sans-serif;\">Nueve ni\u00f1os hicieron la Primera Comuni\u00f3n en San Mart\u00edn. Qu\u00e9 tiempos aquellos en que casi <img src=\"https://www.elvalledeturon.net/historia/autores/carlos-veaga-zapico/tardes-de-junio/primera-comunion.jpg/image_preview\" title=\"Primera comuni\u00f3n\" height=\"600\" width=\"479\" alt=\"\" class=\"image-left\" />hab\u00eda un centenar, o se superaba esa cifra, de g\u00fcajes cada a\u00f1o. A m\u00ed, me toc\u00f3 hacerla en la capilla del colegio La Salle puesto que la iglesia parroquial estaba en obras. Llov\u00eda a c\u00e1ntaros y despu\u00e9s de la ceremonia religiosa pasamos al \u201cpatio cubierto\u201d que conoc\u00edamos como \u201cel tendej\u00f3n\u201d. Un chocolate con churros y un \u201cbollu&nbsp; pre\u00f1au\u201d para todos y despu\u00e9s, cada uno a su casa. Las cosas han cambiado tanto con el paso del tiempo, que ahora en un mundo lleno de tel\u00e9fonos m\u00f3viles, c\u00e1maras digitales, videoconsolas y dem\u00e1s artilugios electr\u00f3nicos los peques -y las pecas- de nuestro Valle son capaces de \u201cdejar de pensar en ellos para pensar en las necesidades de los dem\u00e1s\u201d. Espero y deseo que de seguir as\u00ed, en poco, tendremos un Valle donde la solidaridad y el cari\u00f1o fraternal sea signo de identidad. \u00a1Que lo veamos!.</span></span></p>\r\n\r\n<p style=\"text-align: justify;\">&nbsp;</p>\r\n\r\n<p style=\"text-align: justify;\"><span style=\"font-size:20px;\"><span style=\"font-family:arial,helvetica,sans-serif;\">Mientras los turoneses seguimos desesperados por la tardanza del arreglo de la carretera, \u00fanica v\u00eda de entrada y salida al Valle o por la limpieza de ese r\u00edo que nos regal\u00f3 &nbsp;hasta su propio nombre y que en muchos sitios se sabe d\u00f3nde est\u00e1 por el ruido de sus escasas aguas pero que somos incapaces de ver por estar cubierto de maleza, estoy esperando con verdadera ilusi\u00f3n y optimismo que el SOMA&nbsp; presente un estudio serio y riguroso sobre proyectos que \u201ccreen empleo\u201d en este Valle \u201cparadigma de la reconversi\u00f3n industrial\u201d, al igual que lo hace para otras zonas de las cuencas. Ten\u00edan &nbsp;planes para almacenar medicamentos y ahora \u201creclama un impulso al grupo de trabajo para que se generen recursos, empleo y <img src=\"https://www.elvalledeturon.net/historia/autores/carlos-veaga-zapico/tardes-de-junio/diasa.jpg/image_preview\" title=\"DIASA\" height=\"337\" width=\"600\" alt=\"\" class=\"image-right\" />oportunidades de desarrollo\u201d. Supongo que ya ser\u00e1 hora de que nos toque algo serio y solo me atrevo a pedirles que, por favor, no sea algo como Urue\u00f1a o Diasa. Tenemos una poblaci\u00f3n escasa y sobre todo envejecida y la soluci\u00f3n, en mi opini\u00f3n y con los nulos datos que hasta la fecha se ofrecieron a los turoneses, no son los \u201cpisos tutelados de La Salle\u201d. Si quieren, podemos hacer un listado de las muchas personas que tuvieron que abandonar su propio entorno para pasar sus \u00faltimos d\u00edas en una residencia, geri\u00e1trico o similar, fuera de Tur\u00f3n. No habr\u00eda mejor homenaje a nuestros mayores que tanto trabajaron para&nbsp; dejarnos un mundo mejor y a los que, de momento, no hemos correspondido como se merecen. \u00a1Co\u00f1o, a ver cuando nos toca, de verdad, algo bueno!.</span></span></p>\r\n\r\n<p style=\"text-align: justify;\"><span style=\"font-size:20px;\"><span style=\"font-family:arial,helvetica,sans-serif;\"><img src=\"https://www.elvalledeturon.net/historia/autores/carlos-veaga-zapico/tardes-de-junio/futbol.jpg/image_preview\" title=\"futbol\" height=\"600\" width=\"411\" alt=\"\" class=\"image-left\" />No soy muy &nbsp;futbolero pero, mi sincera felicitaci\u00f3n a esas personas que d\u00eda a d\u00eda mantienen viva la afici\u00f3n futbol\u00edstica de nuestros menores y que no contentos con ello, vuelvan a celebrar ese \u201cCampus 2022\u201d, en su IV edici\u00f3n y que ya me apresuro a decir que fue todo un \u00e9xito de participaci\u00f3n y organizaci\u00f3n. Nada menos que 55 ni\u00f1os&nbsp; participantes y 12 monitores, durante cinco d\u00edas, con un programa pensado en los g\u00fcajes que se lo pasaron de lo lindo. Tuve oportunidad de presenciar alguna de las actividades por lo que felicito a participantes, encargados y a ese Club Deportivo Tur\u00f3n, que \u201cbuscan perres hasta debajo de les piedres\u201d, lo dicho, mi sincera felicitaci\u00f3n y \u00e1nimo para seguir en a\u00f1os venideros, aunque la natalidad, en el Valle, est\u00e9 en contra. Por si no fuera suficiente el ex\u00edto de los peques, tambi\u00e9n los veteranos alcanzaron el primer puesto en ese \u201cCampeonato de Asturias de Veteranos\u201d. Est\u00e1 visto que ni los a\u00f1os ni los kilos hacen mella en ellos. \u00c1nimo y lo dicho: \u00a1 a seguir llevando el nombre de Tur\u00f3n por esos campos asturianos!.</span></span></p>\r\n\r\n<p style=\"text-align: justify;\"><span style=\"font-size:20px;\"><span style=\"font-family:arial,helvetica,sans-serif;\">Me alegra inmensamente tratar de recuperar una tradici\u00f3n perdida. Me refiero a la \u201cFoguera\u201d. Recuerdo aquellos a\u00f1os infantiles en que los g\u00fcajes sub\u00edamos y baj\u00e1bamos escombrera arriba y abajo cargados de aquellas pesadas soleras con&nbsp; las que los mayores constru\u00edan \u201cla foguera\u201d. Era un aut\u00e9ntico trabajo comunitario. Unos, \u201ccarret\u00e1bamos\u201d la madera y todo cuanto pudiese arder, otros montaban aquellas verdaderas pir\u00e1mides de le\u00f1a y nuestras <img src=\"https://www.elvalledeturon.net/historia/autores/carlos-veaga-zapico/tardes-de-junio/foguera-2.jpg/image_preview\" title=\"Foguera 2\" height=\"298\" width=\"600\" alt=\"\" class=\"image-right\" />abuelas y madres aportaban aquel chocolate y aquellos churros que nos supon\u00edan un verdadero manjar cuando acud\u00edamos con aquellos&nbsp; \u201ctanques\u201d destartalados por tanta ca\u00edda al suelo. Y sobre todo, disfrut\u00e1bamos y \u00e9ramos felices. \u00a1Qu\u00e9 tiempos aquellos!. Llegados a este punto, imposible olvidar al popular \u201cPatuca\u201d a quien, despu\u00e9s de tantos a\u00f1os pasados los g\u00fcajes de aquella \u00e9poca seguimos recordando cada a\u00f1o por estas fechas. Todos los barrios hac\u00edan su \u201cfoguera\u201d, hasta el punto de, tanque en mano, recorrer distintos lugares como la Crucina, el Foller\u00f3n o Los Barracones, Villabazal o los mism\u00edsimo \u201cCuarteles Viejos\u201d.</span></span></p>\r\n\r\n<p style=\"text-align: justify;\"><span style=\"font-size:20px;\"><span style=\"font-family:arial,helvetica,sans-serif;\">Con el tiempo y durante algunos a\u00f1os, Villapendi recuper\u00f3 la tradici\u00f3n pero supongo que el cansancio de las mismas personas hizo que desapareciera hace ya alg\u00fan tiempo. Veremos a <img src=\"https://www.elvalledeturon.net/historia/autores/carlos-veaga-zapico/tardes-de-junio/la-veguina.jpg/image_preview\" title=\"La Veguina\" height=\"600\" width=\"534\" alt=\"\" class=\"image-left\" />ver esta nueva iniciativa de So.Tu.Fe. si tiene el suficiente arraigo como para durar en el tiempo. De momento mi sincera felicitaci\u00f3n por la iniciativa y \u00a1larga vida a la foguera de San Juan!</span></span></p>\r\n\r\n<p style=\"text-align: justify;\"><span style=\"font-size:20px;\"><span style=\"font-family:arial,helvetica,sans-serif;\">Por lo dem\u00e1s, ya pasa de verg\u00fcenza la falta de ese trozo de barandilla que falta desde principios de a\u00f1o y por la que vengo clamando desde el mismo d\u00eda de su destrozo. \u00a1Es nuestro destino!. Esperar, esperar y seguir esperando, tanto como se esper\u00f3 por el derribo de esa casa que ya no contaba ni con tejado, en La Veguina. Ah\u00ed, conoc\u00ed viviendo a Felipe a Dora e Hip\u00f3lito, a Leonor , hijos de Avelino Bello Vega y de Rosaura Arag\u00f3n Gord\u00f3n (1). Creo que eran dos hermanos m\u00e1s, Manolito y otro, cuyo nombre no recuerdo pero del que e dec\u00eda que \u201cera de la escolta de Franco\u201d y viv\u00eda en Madrid. Y al lado, el \u201cretrete\u201d que usaban los clientes del bodeg\u00f3n de \u201cGinio\u201d, situado en el bajo de \u201cLa Casa de Todos\u201d, donde adem\u00e1s de comprar chucher\u00edas se cambiaban todo tipo de cuentos y novelas, sobre todo aquellas de Marcial Lafuente Estefan\u00eda. Quisiera recordar que con el tiempo, all\u00ed vivieron Manolo \u201cel churrero\u201d, aquel que iba por los pueblos anunciando aquello de \u201cchurr\u00edbiri calent\u00edbiri\u201d y su mujer Eloina. En aquel callej\u00f3n pon\u00eda su&nbsp; puesto de fruta y verdura Matilde, una mujer de fuerte car\u00e1cter que tra\u00eda las mercanc\u00edas de Grao. Alg\u00fan d\u00eda tendr\u00e9 que escribir algo sobre aquella \u201cmilla de oro\u201d. Se lo debo a aquellos mis vecinos de tiempos infantiles. &nbsp;Le tengo cari\u00f1o a esa zona puesto que, a escasos metros vine a este mundo. La obra perfecta, ahora falta que el <img src=\"https://www.elvalledeturon.net/historia/autores/carlos-veaga-zapico/tardes-de-junio/piscina-y-moras.jpg/image_preview\" title=\"Piscina y moras\" height=\"443\" width=\"600\" alt=\"\" class=\"image-right\" />Ayuntamiento o a quien le corresponda, limpie la \u201cmierda\u201d que est\u00e1 detr\u00e1s de la pared. No se ve, pero se siente y se padece. De hacer las cosas, hacerlas bien, Y eso, no eleva tanto el presupuesto municipal, ni se tarda tanto tiempo en limpiarlo. \u00bfDe acuerdo?. Pero, no se piensen nuestras autoridades municipales que con la reparaci\u00f3n y ampliaci\u00f3n del parque infantil y \u201clo de la casa\u201d, ya tenemos cubierto el cupo de necesidades. Ah\u00ed, en Vistalegre y en El Lago quedan algunas \u201cruinas de Pompeya\u201d que meten miedo.</span></span></p>\r\n\r\n<p style=\"text-align: justify;\"><span style=\"font-size:20px;\"><span style=\"font-family:arial,helvetica,sans-serif;\">Por lo dem\u00e1s, se abri\u00f3 el tiempo de piscina a falta de que&nbsp; las condiciones climatol\u00f3gicas acompa\u00f1en durante el verano y ya \u201cles mores\u201d est\u00e1n en flor esperando el calor del verano que espero nos siente bien a todos</span></span></p>\r\n\r\n<p style=\"text-align: justify;\"><span style=\"font-size:20px;\"><span style=\"font-family:arial,helvetica,sans-serif;\"><span style=\"color:#696969;\"><em><strong>\u00a9&nbsp;Carlos Vega Zapico,&nbsp; Tur\u00f3n, 30 de junio de 2022</strong></em></span></span></span></p>\r\n\r\n<hr />\r\n<p>&nbsp;</p>\r\n\r\n<p>(1)&nbsp; Siguiendo nuestra vocaci\u00f3n primera, damos datos \"geneal\u00f3gicos\" de esta familia.&nbsp; El matrimonio Avelino y Rosaura es oriundo de la provincia de Le\u00f3n. La esposa de Carboneras en el municipio de Pola de Gord\u00f3n y \u00e9l de Santas Martas de la comarca de Vega del Esla. Ambos llegaron casados y con familia al valle de Tur\u00f3n.&nbsp; Vivieron en Villabazal y all\u00ed nacieron los dos \u00faltimos hijos, Leonor el 17 de septiembre de 1929 y Manuel, que estuvo en B\u00e9lgica trabajando, el 21 de diciembre de 1932.&nbsp;</p>\r\n", "author_name": "", "version": "1.0", "author_url": "https://www.elvalledeturon.net/author/jorgevarela", "provider_name": "El valle de Turon", "type": "rich"}