{"provider_url": "https://www.elvalledeturon.net", "title": "Triple memoria", "html": "<h3 style=\"color:#888;\"><img src=\"https://www.elvalledeturon.net/historia/autores/carlos-veaga-zapico/que-cada-palo-aguante-su-vela/que-cada-palo-aguante-su-vela-1/dni.jpg/image_preview\" title=\"DNI\" height=\"121\" width=\"160\" alt=\"\" class=\"image-left\" />Lleg\u00f3 la hora:<strong><span style=\"color:#FF0000;\"> \u00a1ALERTA&nbsp; ROJA!</span></strong></h3>\r\n\r\n<p>&nbsp;</p>\r\n\r\n<p style=\"text-align: justify;\">&nbsp;</p>\r\n\r\n<p style=\"text-align: justify;\">&nbsp;</p>\r\n\r\n<p style=\"text-align: justify;\">Parece que fue ayer, y sin embargo ya hace un siglo, \u00a1CIEN A\u00d1OS!, cuando ante D. Francisco Hurtado de Sarache, notario \u00e9l, un grupo de sider\u00fargicos vascos deciden constituir la empresa minera Sociedad Hulleras del Tur\u00f3n. Comenzaba para nuestro Valle un camino de permanente marginaci\u00f3n y continuo abandono. Porque, \u00a1no nos equivoquemos! Las distintas empresas encargadas de la explotaci\u00f3n de nuestro Valle, a lo largo de estos cien a\u00f1os, l\u00e9ase Hulleras del Tur\u00f3n, Altos Hornos de Vizcaya y Hunosa, <img src=\"https://www.elvalledeturon.net/historia/autores/carlos-veaga-zapico/triple-memoria/escombrera.jpg/image_preview\" title=\"Escombrera\" height=\"460\" width=\"600\" alt=\"\" class=\"image-right\" />por mucho que le demos vueltas, no nos han dejado m\u00e1s que cerca de trescientos focos o dep\u00f3sitos de est\u00e9riles mineros, lo que popularmente se conoce como escombreras, m\u00e1s otros doscientos treinta de menos envergadura que convierten al Valle del Tur\u00f3n en el principal n\u00facleo habitable afectado por esa degradaci\u00f3n ambiental. No las he contado, pero me f\u00edo de las palabras del Director Regional del medio Ambiente del Principado de Asturias, el turon\u00e9s Antonio Su\u00e1rez Marcos.</p>\r\n\r\n<p style=\"text-align: justify;\">Tantos a\u00f1os, \u00a1un siglo! no han sido tiempo suficiente para que,&nbsp; cuantos trabajadores dejaron lo mejor de su vida en el duro trabajo de la mina, puedan reunirse cada d\u00eda en un digno y merecido Hogar del Jubilado. \u00bfPara cu\u00e1ndo?</p>\r\n\r\n<p style=\"text-align: justify;\">Pero, no nos alejemos tanto en el tiempo. Hablar a toro pasado puede resultarnos muy f\u00e1cil. El reciente anuncio del Ministerio de Industria de que este mismo a\u00f1o, \u00a1no todo se dejan para el 92! a instancias de la C.E debe comenzar el proceso de reconversi\u00f3n en la miner\u00eda nos tiene que hacer pensar en el futuro.</p>\r\n\r\n<p style=\"text-align: justify;\">Es verdad que en los \u00faltimos a\u00f1os se han hecho cosas pero cabe preguntarse: \u00bfes que Tur\u00f3n no las merec\u00eda?. \u00bfEs que los habitantes del Valle deb\u00edamos entrar en el siglo XXI sin tener derecho a unas viviendas dignas?.\u00bfCu\u00e1ntos a\u00f1os deber\u00edamos seguir padeciendo el lamentable estado de nuestra \u00fanica v\u00eda de comunicaci\u00f3n?. Las preguntas que podr\u00edamos hacernos ser\u00edan tanteas que, \u00a1mejor dejarlo!.</p>\r\n\r\n<p style=\"text-align: justify;\">En breve, se impone un an\u00e1lisis sincero y profundo de la realidad que nos espera. Realidad que debe afrontarse, sin m\u00e1s p\u00e9rdida de tiempo, desde las distintas y m\u00faltiples sociedades con que contamos en el Valle. Porque, la pregunta que debemos hacernos es muy clara: \u00bfestamos preparados para la reconversi\u00f3n de la miner\u00eda?</p>\r\n\r\n<p style=\"text-align: justify;\">\u00a1No nos enga\u00f1emos!, de nada sirve decir que el Estado tiene una deuda moral contra\u00edda con la cuenca minera asturiana. \u00a1Nadie nos ha regalado nada!, incluso me atrever\u00eda a decir, que se nos ha privado de nuestros derechos durante muchos a\u00f1os. Si de verdad somos el segundo n\u00facleo de poblaci\u00f3n en <img src=\"https://www.elvalledeturon.net/historia/autores/carlos-veaga-zapico/triple-memoria/fucomi.jpg/image_preview\" title=\"FUCOMI\" height=\"399\" width=\"600\" alt=\"\" class=\"image-left\" />importancia del Concejo, debe traducirse en hechos concretos y no en peque\u00f1os regalos en \u00e9pocas de elecciones.</p>\r\n\r\n<p style=\"text-align: justify;\">Es hora de que Centrales Sindicales y Partidos Pol\u00edticos, sin afanes electoralistas, se acerquen al Valle y expliquen el alcance de las medidas que se nos avecinan, de una manera real por dura que esta pueda parecernos porque, para nosotros, los que padecemos el deterioro de nuestros montes, los que sufrimos, a diario, viendo el lamentable estado en que se encuentra nuestro r\u00edo, los que padecemos la falta de espacio para poder practicar deporte, los que esperamos la Casa de Oficios prometida para antes del verano, \u00bfde qu\u00e9 a\u00f1o?, los que padecemos las inundaciones por causa de acuerdo entre quienes nos explotaron la riqueza, los que, en definitiva, cumplimos con nuestro deber de ciudadanos a la hora de pagar nuestros impuestos y de acudir a las urnas, que, en estos momentos, \u00a1bien se acuerdan de nosotros!, debemos hacer causa com\u00fan ante el futuro que se nos viene encima y exigir, \u00a1s\u00ed, exigir! realidades concretas, porque, para nosotros, sin querer pecar de pesimista, ma\u00f1ana puede ser tarde. Lleg\u00f3 la hora: \u00a1estamos en alerta roja!</p>\r\n\r\n<p style=\"text-align: justify;\">(Carlos Vega Zapico- Publicado en el \u00c1lbum de Fiestas. Septiembre 1990)</p>\r\n\r\n<h3 style=\"color:#888;\">\u00bfQ\u00daE NOS PASA?&nbsp;\u00bfPOR QU\u00c9 PIENSAN POR NOSOTROS?</h3>\r\n\r\n<p style=\"text-align: justify;\">&nbsp;</p>\r\n\r\n<p style=\"text-align: justify;\">En el \u00c1lbum del pasado a\u00f1o&nbsp; firmaba uno de los trabajos con el t\u00edtulo: \u201cLleg\u00f3 la hora: \u00a1Alerta Roja!\u201d. Algunos, y as\u00ed me lo comentaron, vieron en \u00e9l pesimismo y derrota. Nada m\u00e1s lejos de mi intenci\u00f3n. Por eso y ante la oportunidad de que una mayor\u00eda de los turoneses \u201clean\u201d los trabajos de esta Album 1991, quiero hacer algunas reflexiones sobre la situaci\u00f3n que vive nuestro Valle. Por supuesto que se trata de opiniones personales, pero siempre \u201ctransferibles\u201d, puesto que tengo la impresi\u00f3n de no ser el \u00fanico turon\u00e9s que no ve nada claro nuestro futuro, aunque estoy convencido que existen soluciones.</p>\r\n\r\n<p style=\"text-align: justify;\">No renuncio a nuestro pasado: banda de m\u00fasica, tertulias literarias y un largo etc\u00e9tera de cosas de las que sin duda, muchos sabr\u00e9is m\u00e1s que yo. Pero no puedo dejar de pensar en el futuro que se nos avecina de una manera real. Somos un pueblo con una dependencia total del carb\u00f3n, y, \u00bfdespu\u00e9s qu\u00e9?.<img src=\"https://www.elvalledeturon.net/historia/autores/carlos-veaga-zapico/triple-memoria/coros.jpg/image_preview\" title=\"COROS\" height=\"559\" width=\"600\" alt=\"\" class=\"image-right\" /></p>\r\n\r\n<p style=\"text-align: justify;\">Lo sab\u00edamos. Estaba claro. Tuvieron que pasar las elecciones municipales para que comenzasen a sonar los nombres de los pozos de carb\u00f3n con poco futuro. Y claro est\u00e1, en todas las listas aparec\u00eda el nombre de nuestro Valle dl Tur\u00f3n. Hab\u00edamos propuesto, y lo seguimos haciendo, que Sindicatos, Paridos pol\u00edticos y Sociedades del valle estudiasen la realidad del momento. \u00a1Hasta la fecha, nada!.</p>\r\n\r\n<p style=\"text-align: justify;\">Los partidos pol\u00edticos s\u00ed acudieron a la cita pero\u2026 desde la \u00f3ptica electoralista y demag\u00f3gica. Todos quieren hacernos del valle un para\u00edso, pero sin contar con los propios turoneses. Y esto no es justo, aunque se amparen en los votos obtenidos. Claro, que ser\u00eda necesario revisar las promesas incumplidas en anteriores ocasiones.</p>\r\n\r\n<p style=\"text-align: justify;\">Las centrales Sindicales \u00bfconocen el futuro del carb\u00f3n?. En este mismo \u00c1lbum aparecen opiniones que el propio lector debe valorar en la medida que estas se merecen.</p>\r\n\r\n<p style=\"text-align: justify;\">Y, las Sociedades del Valle \u00bfqu\u00e9 hacen?. Contamos con un n\u00famero de Asociaciones elevado. Todo lo tenemos asociado: vecinos, deportes, cultura\u2026 pero, \u00bfparticipan los socios en el funcionamiento de la Sociedad\u2019, \u00bfnos limitamos a pagar nuestra cuota y basta?.</p>\r\n\r\n<p style=\"text-align: justify;\">Nadie nos va a regalar nada. Entonces, \u00bfqu\u00e9 nos pasa?. Basta leer la prensa regional para observar que otros piensan por nosotros y, como muestra, me atrevo a reproducir algunos titulares aparecidos en las \u00faltimas fechas:</p>\r\n\r\n<ul style=\"list-style-type:circle;\">\r\n\t<li style=\"text-align: justify;\">\u201cEl valle de Tur\u00f3n tomar\u00e1 medidas para mantener todos los puestos de trabajo\u201d.</li>\r\n\t<li style=\"text-align: justify;\">\u201cTur\u00f3n, los votos m\u00e1s disputados\u201d.</li>\r\n\t<li style=\"text-align: justify;\">\u201clos turoneses consideran que la Junta Municipal de Distrito puede ser positiva\u201d.</li>\r\n\t<li style=\"text-align: justify;\">\u201cTur\u00f3n deber\u00e1 esperar a que pasen las elecciones para pensar en autonom\u00eda\u201d.</li>\r\n\t<li style=\"text-align: justify;\">\u201cTur\u00f3n tendr\u00e1 casa de Oficios antes del verano, tras un pacto con Hunosa2.</li>\r\n\t<li style=\"text-align: justify;\">Tur\u00f3n contar\u00e1, en breve, con un hogar para la Tercera Edad\u201d.</li>\r\n</ul>\r\n\r\n<p style=\"text-align: justify;\"><img src=\"https://www.elvalledeturon.net/historia/autores/carlos-veaga-zapico/triple-memoria/colladiella.jpg/image_preview\" title=\"Colladiella\" height=\"411\" width=\"600\" alt=\"\" class=\"image-left\" />Y nosotros, los turoneses, con los que tan solo se cuenta una vez cada cuatro a\u00f1os \u00bfqu\u00e9 hacemos\u2019, \u00a1qu\u00e9 pensamos?. Pues\u2026 tenemos que enterarnos por la prensa que la tan esperada remodelaci\u00f3n del barrio de San Francisco \u201cfue tras una cumbre gastron\u00f3mica cerca del Alto de la Colladiella\u201d.</p>\r\n\r\n<p style=\"text-align: justify;\">Tenemos que enterarnos que la Federaci\u00f3n de vecinos del caudal critica el trazado de la carretera a Tur\u00f3n propuesto, en su d\u00eda por el Colectivo 3/91. \u00bfPara qu\u00e9 seguir?. Piensan por nosotros. Nos hacen los grandes favores, las grandes obras, las mejoras. Y nos quedamos tan tranquilos, claro que, luego, la cr\u00edtica callejera y de chigre llega a los puntos m\u00e1s insospechados, y, tan solo nos queda protestar porque nuestro parque albergar\u00e1 los carruseles durante una semana.</p>\r\n\r\n<p style=\"text-align: justify;\">\u00bfQu\u00e9 nos queda?. En mi opini\u00f3n, sentarnos en una mesa y comenzar a conocer nuestra realidad. Pensar por nosotros mismos, tomar decisiones, convencernos de que podemos salir delante de esta \u201ccrisis\u201d que se nos avecina. Hasta la fecha, la riqueza de nuestro Valle, el carb\u00f3n, sal\u00eda del interior y exterior sin que una sola peseta nos quedara en inversiones. \u00a1Basta!. No sigamos enga\u00f1\u00e1ndonos y aplicando la t\u00e9cnica del avestruz. Cuando consigamos que nuestras Sociedades caminen unidad y que su voz y opini\u00f3n reflejen el sentir de nuestro pueblo habremos comenzado a caminar por la senda del futuro. Tenemos que pedir, porque se nos debe; exigir, porque es nuestro compromiso para con los poderes municipales, auton\u00f3micos y nacionales y olvidarnos de una vez para siempre de que en Tur\u00f3n todo se nos hizo por favor. Es nuestro y lo exigimos.</p>\r\n\r\n<p style=\"text-align: justify;\">Podemos cometer errores, pero ser\u00e1n nuestros. Tendremos dificultades, pero saldremos fortalecidos para seguir luchando. De esta manera sabremos lo que queremos. De otra, seguir sentados esperando nuestra propia muerte.</p>\r\n\r\n<p style=\"text-align: justify;\">(Carlos Vega Zapico-Publicado en el \u00c1lbum de Fiestas. Septiembre&nbsp; de 1991)</p>\r\n\r\n<p style=\"text-align: justify;\">&nbsp;</p>\r\n\r\n<h3 style=\"color:#888;\">Una apuesta por el FUTURO</h3>\r\n\r\n<p style=\"text-align: justify;\">&nbsp;</p>\r\n\r\n<p style=\"text-align: justify;\">Ahora s\u00ed. Ahora si que se nota el 92. Resulta, que en Sevilla han convertido el p\u00e1ramo en vergel. Ser\u00e1 una fiesta continua durante seis meses, con unas infraestructuras que son la envidia de todos. Y por ello no <img src=\"https://www.elvalledeturon.net/historia/autores/carlos-veaga-zapico/triple-memoria/pozu-sanat-barbara.jpg/image_preview\" title=\"POZU SANAT B\u00c1RBARA\" height=\"321\" width=\"600\" alt=\"\" class=\"image-right\" />dejan de bombardearnos continuamente, aunque sea con una competencia del todo desleal.</p>\r\n\r\n<p style=\"text-align: justify;\">Llegar a Barcelona es abrir la boca porque se ha trabajado a destajo. Se ha ganado casi una ciudad al mar. Catalu\u00f1a entera se ha volcado con sus Juegos Ol\u00edmpicos y Catalu\u00f1a entera, con Barcelona a la cabeza, van a ascar un provecho importante del 92.</p>\r\n\r\n<p style=\"text-align: justify;\">Hasta el tren de alta velocidad -ll\u00e1mese AVE, por favor, no TAV- va a ser algo de lo que alg\u00fan d\u00eda podamos presumir, Ah\u00ed est\u00e1 reluciente, r\u00e1pico, rapid\u00edsimo. Con sus mesas de trabajo para ejecutivos, sus tel\u00e9fonos como en las pel\u00edculas americanas y esos ba\u00f1os especialmente dise\u00f1ados para que las mam\u00e1s puedan cambiar a sus beb\u00e9s de pa\u00f1al.</p>\r\n\r\n<p style=\"text-align: justify;\">Ya es hora, ya somos Europa</p>\r\n\r\n<p style=\"text-align: justify;\">Pero \u00bfy para nosotros los turoneses?, \u00bfha llegado el 92?. Tambi\u00e9n, pero con otro signo muy distinto. Lleg\u00f3 bajo el pomposo y triste t\u00edtulo de: RECONVERSI\u00d3N.</p>\r\n\r\n<p style=\"text-align: justify;\">Est\u00e1 claro que los planes de Hunosa para todas las explotaciones mineras condenan a Tur\u00f3n a quedarse, por el momento, con el pozo santa B\u00e1rbara como \u00fanica instalaci\u00f3n minera. Hasta la fecha, la pr\u00e1ctica totalidad de la poblaci\u00f3n del Valle tiene una dependencia&nbsp; de forma directa o indirecta de la actividad minera. Generaci\u00f3n tras generaci\u00f3n, desde hace m\u00e1s de un siglo, vinieron dedicando su esfuerzo y su vida a la extracci\u00f3n del carb\u00f3n. No contamos con otros sectores industriales y nuestra poblaci\u00f3n, unos 8000 habitantes, va descendiendo y envejeciendo paulatinamente.</p>\r\n\r\n<p style=\"text-align: justify;\">Esta es nuestra realidad. Y no podemos, ni por un momento, aplicar la pol\u00edtica del avestruz. Por eso, tenemos que comenzar una nueva etapa con la esperanza de que el tiempo futuro no pueda ser peor que el presente. No podemos perder m\u00e1s tiempo en discusiones localistas, que por otra parte no conducen a <img src=\"https://www.elvalledeturon.net/historia/autores/carlos-veaga-zapico/triple-memoria/barrio-santa-barbara.jpg/image_preview\" title=\"Barrio Santa B\u00e1rbara\" height=\"465\" width=\"600\" alt=\"\" class=\"image-left\" />nada, y, debemos aunar esfuerzos que puedan y deban conducirnos a un futuro. No peor, sino distinto.</p>\r\n\r\n<p style=\"text-align: justify;\">Un pueblo que fue capaz de movilizarse el 26 de febrero no debe cruzarse de brazos ante uno de los momentos m\u00e1s dif\u00edciles de nuestra reciente Historia. Hasta el momento, todos son proyectos pero es necesario que \u00e9stos se plasmen en realidades concretas. Podemos comenzar con un sustancial cambio en nuestro aspecto externo. Tierra vegetal e intentar un proceso de forestaci\u00f3n no parece un precio excesivo a pagar por quienes dejaron en Tur\u00f3n el 80% de las escombreras con las que cuenta el municipio de Mieres.&nbsp; Cientos de escombreras se reparten por el Valle turon\u00e9s entre enormes dep\u00f3sitos de est\u00e9riles y peque\u00f1os mont\u00edculos, dif\u00edciles de cualificar, que fueron producidos por la febril actividad minera de monta\u00f1a en este Valle. Sin olvidarnos del r\u00edo. Tan castigado por los lavaderos de carb\u00f3n y en el que raro es el a\u00f1o en el que, sin que se lleguen a conocer las verdaderas causas, se acaba con gran parte de la riqueza pisc\u00edcola. La Comisi\u00f3n de Ecolog\u00eda y Medio Ambiente del Ayuntamiento de Mieres, \u00a1de nuestro Ayuntamiento! Y la Comisi\u00f3n de medio Ambiente del principado, \u00a1nuestra Consejer\u00eda!, tienen trabajo.</p>\r\n\r\n<p style=\"text-align: justify;\">Tur\u00f3n necesita viviendas. Est\u00e1n anunciadas las 82 que completar\u00e1n la tercera fase del barrio de San Francisco y la construcci\u00f3n de otras 60 en El Lago. pero, no es suficiente. Todav\u00eda existe en el valle terrenos donde poder construir nuevas viviendas. Para ello ser\u00eda necesario, entre otras cosas, contar con la participaci\u00f3n activa y directa en la adecuaci\u00f3n y recisi\u00f3n del Plan general de Ordenaci\u00f3n Urbana, cuya redacci\u00f3n se acometer\u00e1 en un corto per\u00edodo de tiempo.</p>\r\n\r\n<p style=\"text-align: justify;\">En el campo tur\u00edstico, est\u00e1 puesta la primera piedra de un D\u00eda gastron\u00f3mico del Valle del tur\u00f3n. Debe servir para potenciar y darnos a conocer, incluso fuera de nuestro Concejo, hasta que la festividad de Santa B\u00e1rbara se convierta en una verdadera jornada de fiesta local con arraigo minero. El certamen del quesu&nbsp;de Urbi\u00e9s, \u00fanico elaborado en el municipio pudiera ser atractivo suficiente para potenciar la parte alta de nuestro Valle, sin olvidar el Monumento al Minero y la Mina Imagen de la Colladiella, actualmente <img src=\"https://www.elvalledeturon.net/historia/autores/carlos-veaga-zapico/triple-memoria/quesu-urbies.jpg/image_preview\" title=\"QUESU URBI\u00c9S\" height=\"412\" width=\"600\" alt=\"\" class=\"image-right\" />en estado lamentable.</p>\r\n\r\n<p style=\"text-align: justify;\">El proyecto de convertir en ferrocarril-museo la l\u00ednea minera la Cuadriella-Reicastro debe ir acompa\u00f1ado, en todo momento, de otra serie de iniciativas que pudieran atraer al posible visitante.</p>\r\n\r\n<p style=\"text-align: justify;\">A esas personas, que indudablemente tendr\u00e1n su puesto de trabajo fuera del Valle, tenemos que seguir ofreci\u00e9ndoles comodidades para sus momentos de ocio y descanso. Zonas donde puedan practicar deporte. \u00a1esperemos no nos construyan m\u00e1s angares como el del parque!. Bibliotecas donde mejorar su importante aspecto cultural. Una zona de esparcimiento y paseo a lo largo del mirador que nos ofrecen las obras efectuadas en la Red general de Abastecimiento de Aguas. La conocida como \u201ccarretera del agua\u201d.</p>\r\n\r\n<p style=\"text-align: justify;\">No estoy so\u00f1ando. Debe ser nuestro Tur\u00f3n del futuro. De un futuro no muy lejano. Pero, sigamos.</p>\r\n\r\n<p style=\"text-align: justify;\">En el campo educativo debe ofrecerse una salida a cuantos j\u00f3venes terminen la ense\u00f1anza secundaria. Ramas como la hosteler\u00eda ser\u00edan de suma importancia. Y una buena programaci\u00f3n de actividades en una casa de la Juventud a pleno funcionamiento, ser\u00eda el complemento ideal a una juventud que en los momentos actuales no cuenta con ning\u00fan tipo de instalaci\u00f3n donde pasar sus momentos de ocio y esparcimiento.</p>\r\n\r\n<p style=\"text-align: justify;\">El progresivo envejecimiento de nuestra poblaci\u00f3n hace muy necesaria la r\u00e1pida construcci\u00f3n del tan deseado Hogar del Jubilado, que cuente con una programaci\u00f3n de actividades reales y din\u00e1micas para nuestros mayores. De nada servir\u00eda un magn\u00edfico edificio si no se le saca la suficiente rentabilidad social.</p>\r\n\r\n<p style=\"text-align: justify;\">A estas alturas del escrito, alguien puede estar pensando que cuanto antecede es producto de la fantas\u00eda. \u00bfPor qu\u00e9 somos tan desastre cuando tratamos de poner en marcha un proyecto con suficiente tiempo de antelaci\u00f3n y&nbsp; somos perfectos para sacar adelante, en el \u00faltimo minuto, lo que podr\u00eda parecernos imposible?.Como ya ha ocurrido en otros lugares de Europa que han vivido la experiencia de reconversiones industriales, Tur\u00f3n, nuestro Tur\u00f3n, se abre ahora a las perspectivas de una nueva cultura, la del ocio y la del tiempo libre, totalmente opuesta a la conocida de la febril actividad laboral minera. Y este debe ser nuestro reto. No el reto de unos pocos.</p>\r\n\r\n<p style=\"text-align: justify;\"><img src=\"https://www.elvalledeturon.net/historia/autores/carlos-veaga-zapico/triple-memoria/cuadriella-zona-industrial.jpg/image_preview\" title=\"CUADRIELLA ZONA INDUSTRIAL\" height=\"473\" width=\"600\" alt=\"\" class=\"image-left\" />Tenemos suelo industrial. Podr\u00e1n venir peque\u00f1as&nbsp;empresas a instalarse en el Valle pero ante todo es preciso ir cambiando la mentalidad y aparcando la que algunos denominaron \u201ccultura del carb\u00f3n\u201d. Y para ello es necesario la uni\u00f3n de todas las instituciones y fuerzas sociales del Valle</p>\r\n\r\n<p style=\"text-align: justify;\">El Ayuntamieno, \u00a1nuestro Ayuntamiento! No lo olvidemos,&nbsp; debe ser receptor de cuantas ideas e iniciativas le sean presentadas por los ciudadanos, lo que supondr\u00eda un claro ejemplo de civismo y trabajo comunitario en defensa de intereses comunes.</p>\r\n\r\n<p style=\"text-align: justify;\">Tur\u00f3n pide, en estos momentos, lo que es de justicia. Lo que se le debe. No sirve hablar del pasado. De lo que se pudo hacer y no se hizo. Es el momento de pensar, comentar, discutir, si fuera necesario y comenzar a materializar los proyectos en realidades. En definitiva, en preparar nuestro futuro inminente.</p>\r\n\r\n<p style=\"text-align: justify;\">Lo c\u00f3modo es dejar en manos de un reducido grupo de personas toda la responsabilidad, para m\u00e1s tarde poder criticar la labor que puedan realizar. Lo justo es aunar esfuerzos, sobre todo en los momentos dif\u00edciles. Y esa debe ser nuestra \u00fanica meta. La meta de un pueblo que se resiste a morir y quiere seguir luchando por lo que cree le pertenece. Entre todos debemos luchar por un futuro, a costa de un pasado lleno de momentos de gran abandono y olvido. Ideas no nos faltan. Sin dudarlo un solo instante, \u00a1apostemos por el futuro!.</p>\r\n\r\n<p style=\"text-align: justify;\"><strong>(Carlos Vega Zapico-Publicado en el \u00c1lbum de Fiestas. septiembre 1992)</strong></p>\r\n", "author_name": "", "version": "1.0", "author_url": "https://www.elvalledeturon.net/author/jorgevarela", "provider_name": "El valle de Turon", "type": "rich"}