{"provider_url": "https://www.elvalledeturon.net", "title": "El \u00e1ngel de Los Cuarteles", "html": "<p style=\"text-align: justify;\">Despuntaba junio del 1962, primeros d\u00edas de calor despu\u00e9s de un largo invierno con frio y nieve, con lluvia y hielo, y con barro en abundancia en el barrio de San Francisco (recuerdo que todas las calles eran de tierra y&nbsp; piedras, y durante oto\u00f1o e invierno siempre estaban embarradas).</p>\r\n\r\n<p style=\"text-align: justify;\">Est\u00e1bamos unos cuantos \u201cguajes\u201d jugando en el vest\u00edbulo del&nbsp; cine Fideflor&nbsp; donde se apilaban en paneles&nbsp; (carteleras) fotos de las escenas m\u00e1s interesantes de las pel\u00edculas que se exhibir\u00edan a la tarde y en d\u00edas sucesivos. All\u00ed estaba la mesa vac\u00eda, que en unas horas <img src=\"https://www.elvalledeturon.net/historia/homenajes/patuca-carinoso-y-familiar.jpg/image_preview\" title=\"Patuca cari\u00f1oso y familiar\" height=\"351\" width=\"700\" alt=\"\" class=\"image-right\" />\u201cPrima\u201d llenar\u00eda de caramelos, cacahuetes, avellanas, pirul\u00eds, pan de higo, regaliz y cajetillas de tabaco, para ganarse un peque\u00f1o jornal vendiendo todas esas mercanc\u00edas a la gente que iba a ver aquellas memorables sesiones de cine en doble programa.</p>\r\n\r\n<p style=\"text-align: justify;\">De repente aparca delante del cine una furgoneta que ten\u00eda rotulada \u201cLa Casa de la Radio \u2013 Mieres\u201d, se apearon dos hombres y nos preguntaron\u2026..\u201d\u00bf D\u00f3nde vive Laureano Garc\u00eda Iglesias ?\u201d.... Nosotros con cara de extra\u00f1eza miramos unos para otros y torcimos la cabeza con una mueca inequ\u00edvoca de que no ten\u00edamos ni idea. Yo que siempre tuve una memoria privilegiada comenc\u00e9 a repasar los Laureanos que hab\u00eda en los cuarteles pero Laureano Garcia Iglesias no hab\u00eda nadie a nuestro pensar. Alguien pregunt\u00f3: \u201c\u00bfY c\u00f3mo es el Laureano ese?\u201d. Definici\u00f3n inequ\u00edvoca: menudo, delgado, vivaracho, calvo muy simp\u00e1tico y buena persona\u2026 y todos al un\u00edsono dijimos, \u201cPatuca\u201d. Alguien a\u00f1adi\u00f3, \u201c\u00a1nuestro Jefe!\u201d. A d\u00eda de hoy yo me atrever\u00eda a definirlo como \u201cnuestro \u00e1ngel de la guarda\u201d el \u00e1ngel de la guarda de los guajes de los Cuarteles, el hombre con m\u00e1s paciencia que conoc\u00ed. Enseguida le dije: \u201cvive en el n\u00ba 44 bajo derecha\u2026pero no est\u00e1\u201d. Aquel se\u00f1or moreno y con gafas me mir\u00f3 y dijo\u2026\u201d.\u00bfT\u00fa qu\u00e9 sabes?\u201d Saltamos todos a la vez, \u201cest\u00e1 trabajando en el pozu\u201d. Otro dijo \u201cta picando carb\u00f3n, ahora no est\u00e1 en casa, ni su mujer Irene, &nbsp;la vi yo ir al Conomato\u201d. Ah, sigui\u00f3 a\u00f1adiendo, \u201cy despu\u00e9s del trabajo y comer sal un poco a la partida y luego al cine\u201d. El de las gafas cada vez m\u00e1s at\u00f3nito. \u201cS\u00ed al cine, dije yo, pues a veces hace de acomodador, &nbsp;otras despacha vasos de vino al descanso en el bar y en invierno se encarga de la calefacci\u00f3n para que el local est\u00e9 bien ambientado y que nadie tenga frio\u201d. \u201cY lo mejor, cuando hay pel\u00edculas de vaqueros o de romanos nos cuela a los \u201cnenos\u201d porque solo tenemos dinero para el cine infantil de los domingos\u201d.</p>\r\n\r\n<p style=\"text-align: justify;\"><img src=\"https://www.elvalledeturon.net/historia/homenajes/patuca-y-sus-protegidos.jpg/image_preview\" title=\"Patuca y sus protegidos\" height=\"444\" width=\"600\" alt=\"\" class=\"image-left\" />\u00a1Qu\u00e9 e ingenuidad la nuestra, cont\u00e1ndole todo al de las gafas y al otro m\u00e1s joven: c\u00f3mo Patuca estaba picando carb\u00f3n en el pozo San Jos\u00e9, c\u00f3mo se sacaba un sobresueldo en el Cine Fideflor, siendo hombre para todo, pues en aquella \u00e9poca la vida era muy muy dura.</p>\r\n\r\n<p style=\"text-align: justify;\">Seguimos con nuestro relato de ni\u00f1os\u2026.el due\u00f1o del Cine era \u201cFlor\u201d, aquel se\u00f1or rizoso, bajo y fuerte, que siempre nos acariciaba la cabeza y constantemente &nbsp;ten\u00eda en la boca un puro habano y que era el padre de Mar\u00eda Elena, aquella ni\u00f1a tan guapa y que a m\u00ed tanto me gustaba\u2026\u2026 pero para nosotros el \u201cJefe\u201d era Patuca.</p>\r\n\r\n<p style=\"text-align: justify;\">Alguien coment\u00f3, adem\u00e1s \u201cye el que organiza la mejor foguera del mundo\u201d. Y &nbsp;as\u00ed era, dirig\u00eda a todos los \u201cguajes de los Cuarteles\u201d, grandes, medianos y peque\u00f1os en los trabajos de buscar le\u00f1a, colocarla, ir a pedir donativos para costear el chocolate con churros que en el d\u00eda de la&nbsp; hoguera cocinar\u00edan las mujeres capitaneadas por Irene e Ita, ayudadas de las vecinas y que degustar\u00eda todo el pueblo al calor de la impresionante pira ardiente y del bullicio festero.</p>\r\n\r\n<p style=\"text-align: justify;\">Patuca fue el padre de las macro hogueras y de la fiesta m\u00e1gica de la noche de San Juan en Tur\u00f3n. El 23 de junio, v\u00edspera de San Juan, detr\u00e1s del Cine Fideflor y en el muro sobre el r\u00edo luc\u00eda majestuosa aquella pila impresionante de madera de mina que todos hab\u00edamos acarretado desde las distintas escombreras, en espera de que llegara la hora de que el fuego hiciera su cometido. Recuerdo que yo era uno de los encargados de ir con \u00e9l a buscar la gasolina y los cotones para forrar el interior y rociar la madera, todo esto nos lo daban en la lampister\u00eda del pozo San Jos\u00e9.</p>\r\n\r\n<p style=\"text-align: justify;\">De repente dijo el de las gafas\u2026..\u201dpues nosotros venimos para eso\u201d. Una vuelta al coraz\u00f3n, \u00e9stos nos van a prohibir la \u201cfoguera\u201d\u2026pero no. Dijo: \u201ceste a\u00f1o va a haber m\u00fasica y baile, pues venimos a ultimar el alquiler de un pick up y un amplificador con sus respectivos altavoces y a bailar todo el mundo\u201d.</p>\r\n\r\n<p style=\"text-align: justify;\">Por primera vez hubo un gran baile en una hoguera en nuestro pueblo, aunque yo recuerdo con mucho m\u00e1s cari\u00f1o bailando el famoso<img src=\"https://www.elvalledeturon.net/historia/homenajes/patuca-la-marcha-y-la-contemplacion.jpg/image_preview\" title=\"Patuca la marcha y la contemplaci\u00f3n\" height=\"331\" width=\"700\" alt=\"\" class=\"image-right\" /> \u201cR\u00edo Verde\u201d, en el centro del gigantesco corro que form\u00e1bamos todos los guajes despu\u00e9s de haber saboreado el delicioso chocolate y los crujientes churros, con la ni\u00f1a que ten\u00eda los ojos azules m\u00e1s bonitos que vi en mi vida\u2026Raquel la hija del \u201cJefe\u201d.</p>\r\n\r\n<p style=\"text-align: justify;\">Patuca tambi\u00e9n organizaba eventos para los mayores, era todo actividad. Recuerdo las famosas excursiones a San Froil\u00e1n en Le\u00f3n. En este momento lo estoy viendo bailando con Leontina la de Ortega, eran simpatiqu\u00edsimos y con sus amigos del alma Luis Arranz y Gelin el de Mari la del Quioscu. Donde ellos estaban nunca hab\u00eda penas.</p>\r\n\r\n<p style=\"text-align: justify;\">Pasados unos a\u00f1os nuestro \u201c\u00e1ngel\u201d nos dej\u00f3 solos, se fue a vivir a Cabojal con su familia y aunque de vez en cuando ven\u00eda por el barrio, pues otra parte de la familia a\u00fan viv\u00eda en el n\u00ba 44, ya nada fue igual.</p>\r\n\r\n<p style=\"text-align: justify;\">M\u00e1s tarde se fue a vivir a Figaredo y nosotros fuimos creciendo. Despu\u00e9s de unos a\u00f1os sin hoguera en los Cuarteles, yo tom\u00e9 el testigo y la organizamos aunque cambiando de lugar, de donde el rio pasamos a donde las carboneras y la huerta de Valiente el de Josefa, pero jam\u00e1s con la relevancia de las hogueras de Patuca.</p>\r\n\r\n<p style=\"text-align: justify;\">Una terrible enfermedad acab\u00f3 con su vida en el Hospital General en la planta donde trabajaba mi mujer. Una triste tarde lleg\u00f3 a casa despu\u00e9s del trabajo y me dijo \u201choy acaba de irse al cielo tu \u00e1ngel y el de todos vosotros\u201d.</p>\r\n\r\n<p style=\"text-align: justify;\">Sinceramente creo que este hombre es uno de los grandes olvidados por el pueblo de Tur\u00f3n. Que este escrito sirva para recordar a un hombre bueno que siempre trabaj\u00f3 desinteresadamente por su pueblo.</p>\r\n\r\n<p style=\"text-align: justify;\">\u00a1 Patuca, nosotros\u2026.los guajes de los Cuarteles jam\u00e1s te olvidaremos, y s\u00e9 que seguir\u00e1s protegi\u00e9ndonos all\u00e1 donde est\u00e9s, pues siempre fuiste nuestro \u00e1ngel de la guarda, y los que ya se fueron estar\u00e1n a tu lado esperando a los dem\u00e1s para preparar en el cielo la m\u00e1s impresionante hoguera que se haya visto ! .</p>\r\n\r\n<p>&nbsp;</p>\r\n\r\n<p><em><strong><img src=\"https://www.elvalledeturon.net/historia/homenajes/secades-dni.jpg/image_preview\" alt=\"\" title=\"Secades DNI\" width=\"250\" height=\"167\" />&nbsp; &nbsp; &nbsp;JC Secades, Tur\u00f3n, 2015</strong></em></p>\r\n", "author_name": "", "version": "1.0", "author_url": "https://www.elvalledeturon.net/author/jorgevarela", "provider_name": "El valle de Turon", "type": "rich"}