{"provider_url": "https://www.elvalledeturon.net", "title": "2017- Enero a Marzo", "html": "<p class=\"elu-fonction\" style=\"text-align: justify;\"><img src=\"https://www.elvalledeturon.net/historia/turon-es-noticia/2017-enero-a-marzo-1/calendario-enero-lupa.jpg/image_preview\" title=\"Calendario enero lupa\" height=\"189\" width=\"300\" alt=\"\" class=\"image-right\" /></p>\r\n\r\n<h2 class=\"elu-fonction\" style=\"color: rgb(136, 136, 136); text-align: center;\"><span style=\"color:#800000;\"><span style=\"font-family:comic sans ms,cursive;\">el a\u00f1o 2017 turon\u00e9s</span></span></h2>\r\n\r\n<p class=\"elu-fonction\" style=\"text-align: justify;\">&nbsp;</p>\r\n\r\n<p class=\"elu-fonction\" style=\"text-align: justify;\"><img src=\"https://www.elvalledeturon.net/historia/turon-es-noticia/2017-enero-a-marzo-1/inversiones-izquierda-inclinada.jpg/image_preview\" title=\"Inversiones izquierda inclinada\" height=\"165\" width=\"250\" alt=\"\" class=\"image-left\" /></p>\r\n\r\n<p class=\"elu-fonction\" style=\"text-align: justify;\">&nbsp;</p>\r\n\r\n<p class=\"elu-fonction\" style=\"text-align: justify;\">&nbsp;</p>\r\n\r\n<p class=\"elu-fonction\" style=\"text-align: justify;\"><span style=\"color:#800000;\"><strong><span style=\"font-family:arial,helvetica,sans-serif;\">HUNOSA vende los economatos</span></strong></span></p>\r\n\r\n<p style=\"text-align: justify;\"><span style=\"font-size:18px;\"><span style=\"font-family:arial,helvetica,sans-serif;\">Comienzo&nbsp; de a\u00f1o&nbsp; movido para una hist\u00f3rica instituci\u00f3n comercial de las Cuencas: los economatos, sacados a la venta por Hunosa en diciembre de 2016. Seg\u00fan el acuerdo con los sindicatos, la empresa&nbsp; estipular\u00e1 entre las condiciones de compra el mantenimiento de los empleos y la promesa que todos sigan abiertos, por lo menos, hasta finales del 2020. Los doce establecimientos, entre los cuales se encuentran Mieres, Ujo y Tur\u00f3n, &nbsp;tendr\u00e1n un&nbsp; precio de casi dos millones de euros por centro. La compa\u00f1\u00eda estatal ya tiene varias ofertas sobre la mesa, entre ellas . Masymas, Alcampo, el grupo Los Norte\u00f1os, de ra\u00edz asturiana, y el madrile\u00f1o Santagadea.</span></span></p>\r\n\r\n<p class=\"elu-fonction\" style=\"text-align: justify;\"><span style=\"color:#800000;\"><span style=\"font-size:18px;\"><span style=\"font-family:arial,helvetica,sans-serif;\"><img src=\"https://www.elvalledeturon.net/historia/turon-es-noticia/2017-enero-a-marzo-1/fucomi.jpg/image_preview\" title=\"Fucomi\" height=\"282\" width=\"400\" alt=\"\" class=\"image-left\" />FUCOMI</span></span></span></p>\r\n\r\n<p style=\"text-align: justify;\"><span style=\"font-size:18px;\"><span style=\"font-family:arial,helvetica,sans-serif;\">La Fundaci\u00f3n perdi\u00f3 la mayor\u00eda de los fondos de formaci\u00f3n. supuestamente por su bajo nivel de inserci\u00f3n de s\u00f3lo el 40%, inferior a la media del Principado. Tras su solicitud de subvenci\u00f3n para 22 cursos, &nbsp;Fucomi, con sede en La Cuadriella,&nbsp; solamente recibi\u00f3 unos escasos 56.656 euros para impartir un \u00fanico taller. Un grave riesgo de desaparici\u00f3n para una actividad que a trav\u00e9s del programa de acompa\u00f1amiento al empleo \"Avante XI\" plantea la orientaci\u00f3n laboral para 180 desempleados y propone escuelas de jardiner\u00eda, atenci\u00f3n a personas dependientes y pintura. A pesar del declive territorial que estamos padeciendo Fucomi es otra herramienta necesaria para la reconversi\u00f3n.</span></span></p>\r\n\r\n<p class=\"elu-fonction\" style=\"text-align: justify;\"><span style=\"color:#800000;\"><span style=\"font-size:18px;\"><span style=\"font-family:arial,helvetica,sans-serif;\">El soterramiento de l\u00edneas en Tur\u00f3n</span></span></span></p>\r\n\r\n<p style=\"text-align: justify;\"><span style=\"font-size:18px;\"><span style=\"font-family:arial,helvetica,sans-serif;\">Con la voluntad de reforzar su presencia en el concejo la empresa el\u00e9ctrica Viesgo decide invertir alrededor de cuatro millones en Mieres. Con una imagen un poco da\u00f1ada por los problemas de la subestaci\u00f3n de La Mayacina,&nbsp; la el\u00e9ctrica&nbsp; inici\u00f3 trabajos de reforma de instalaciones, mejoras tecnol\u00f3gicas,&nbsp; aumentos de capacidad, una inversi\u00f3n en telegesti\u00f3n, automatizaci\u00f3n de varios centros de distribuci\u00f3n del casco urbano de Mieres y renovaci\u00f3n de redes a\u00e9reas en n\u00facleos rurales. Un gasto de 2,1 millones en 2016 y una previsi\u00f3n de 1,7 para 2017 para obras entre las cuales se encuentra finalmente el soterramiento de l\u00edneas en Tur\u00f3n.</span></span></p>\r\n\r\n<p class=\"elu-fonction\" style=\"text-align: justify;\"><span style=\"color:#800000;\"><span style=\"font-size:18px;\"><span style=\"font-family:arial,helvetica,sans-serif;\">Cuatro millones para el concejo de Mieres</span></span></span></p>\r\n\r\n<p style=\"text-align: justify;\"><span style=\"font-size:18px;\"><span style=\"font-family:arial,helvetica,sans-serif;\">Las jornadas de estudio \"Construyendo el Mieres del siglo XXI\" permitieron al consejero de Presidencia, Guillermo Mart\u00ednez, anunciar la futura inversi\u00f3n del &nbsp;Gobierno del Principado de Asturias de m\u00e1s de cuatro millones de euros en el concejo. Entre los proyectos propuestos figuran la construcci\u00f3n del consultorio de Tur\u00f3n y la reforma del centro de salud de Mieres Norte. El \u00e1rea de Sanidad&nbsp;&nbsp;dedicar\u00e1 800.000 a estas reclamadas obras</span>.</span></p>\r\n\r\n<p style=\"text-align: justify;\">&nbsp;</p>\r\n\r\n<p style=\"text-align: justify;\"><img src=\"https://www.elvalledeturon.net/historia/turon-es-noticia/2017-enero-a-marzo-1/patrimonio-industrial-izquierda-inclinada-bis.jpg/image_preview\" title=\"Patrimonio industrial izquierda inclinada bis\" height=\"171\" width=\"300\" alt=\"\" class=\"image-left\" /></p>\r\n\r\n<p style=\"text-align: justify;\">&nbsp;</p>\r\n\r\n<p style=\"text-align: justify;\">&nbsp;</p>\r\n\r\n<p style=\"text-align: justify;\">&nbsp;</p>\r\n\r\n<p class=\"elu-fonction\" style=\"text-align: justify;\"><span style=\"color:#800000;\"><span style=\"font-size:18px;\"><span style=\"font-family:arial,helvetica,sans-serif;\"><strong>Podemos con el patrimonio industrial turon\u00e9s</strong></span></span></span></p>\r\n\r\n<p style=\"text-align: justify;\"><span style=\"font-size:18px;\"><span style=\"font-family:arial,helvetica,sans-serif;\">Despu\u00e9s de una visita a los pozos turoneses la diputada de Podemos, Luc\u00eda Montejo, exigi\u00f3 al<img src=\"https://www.elvalledeturon.net/historia/turon-es-noticia/2017-enero-a-marzo-1/santa-barbara.jpg/image_preview\" title=\"Santa Barbara\" height=\"423\" width=\"300\" alt=\"\" class=\"image-right\" /> Principado un plan integral para la recuperaci\u00f3n del patrimonio industrial. Una propuesta que seg\u00fan ella evitar\u00eda el despilfarro de dinero como ocurri\u00f3 con San Jos\u00e9 que a\u00fan sigue parado. Despu\u00e9s de su recorrido por los rehabilitados pozos de San Jos\u00e9 y de santa B\u00e1rbara insisti\u00f3 en que Asturias, y nuestra cuenca en especial, tienen conjuntos patrimoniales de primer nivel en Europa y que es lamentable que est\u00e9n cayendo y abandonados. Desde Podemos luchar\u00e1n para que nuestras administraciones sigan los ejemplos de Alemania e incluso de Catalu\u00f1a cuyo patrimonio industrial rehabilitado se encuentra repertoriado y conectado en Google.</span></span></p>\r\n\r\n<p class=\"elu-fonction\" style=\"text-align: justify;\"><span style=\"color:#800000;\"><span style=\"font-size:18px;\"><span style=\"font-family:arial,helvetica,sans-serif;\"><strong>Mieres reclama la cesi\u00f3n del pozo Santa B\u00e1rbara </strong></span></span></span></p>\r\n\r\n<p style=\"text-align: justify;\"><span style=\"font-size:18px;\"><span style=\"font-family:arial,helvetica,sans-serif;\">El gobierno municipal urge al Principado a mediar para que Hunosa ceda las instalaciones del pozo Santa B\u00e1rbara al Ayuntamiento. El edil de cultura pidi\u00f3 m\u00e1s &nbsp;apoyo y compromiso con el patrimonio con el que cuenta Mieres. La cesi\u00f3n&nbsp; de las instalaciones de la Rebaldana permitir\u00eda tramitar la petici\u00f3n de ayudas a trav\u00e9s del programa 1,5% cultural ya que a \u00e9ste solo pueden optar las administraciones p\u00fablicas. &nbsp;La primera intervenci\u00f3n, en 2015, &nbsp;cost\u00f3 662.483 y se centr\u00f3 principalmente en los dos castilletes, &nbsp;la sala de compresores y el pozo de ventilaci\u00f3n que una limitada programaci\u00f3n de visitas permite contemplar. La obtenci\u00f3n de esos fondos complementarios permitir\u00eda&nbsp; abrir una segunda fase de rehabilitaci\u00f3n para nuestro pozo de Santa B\u00e1rbara, cerrado el 31 de julio de 1995 y catalogado como Bien de Inter\u00e9s Cultural (BIC) en 2009.</span></span></p>\r\n\r\n<p style=\"text-align: justify;\">&nbsp;</p>\r\n\r\n<p style=\"text-align: justify;\"><img src=\"https://www.elvalledeturon.net/historia/turon-es-noticia/2017-enero-a-marzo-1/protagonistas-izquierda-inclinada.jpg/image_preview\" title=\"Protagonistas izquierda inclinada\" height=\"160\" width=\"250\" alt=\"\" class=\"image-left\" /></p>\r\n\r\n<p style=\"text-align: justify;\">&nbsp;</p>\r\n\r\n<p style=\"text-align: justify;\">&nbsp;</p>\r\n\r\n<p style=\"text-align: justify;\">&nbsp;</p>\r\n\r\n<p class=\"elu-fonction\" style=\"text-align: justify;\"><span style=\"color:#800000;\"><span style=\"font-size:18px;\"><span style=\"font-family:arial,helvetica,sans-serif;\"><strong>Sonia y su casadiella campeona </strong></span></span></span></p>\r\n\r\n<p style=\"text-align: justify;\"><span style=\"font-size:18px;\"><span style=\"font-family:arial,helvetica,sans-serif;\">Con una receta de la abuela Angelina, Sonia Zapico, que junto a su marido Paco Burguet, regenta la cafeter\u00eda del centro social de mayores de Tur\u00f3n, alcanz\u00f3 el premio en La Foz a la mejor casadiella casera del mundo. Una receta ganadora con el an\u00eds justo y una cocci\u00f3n que tiene su propio secreto. La Hermandad La Probe de Morcin recompensa los artesanos <img src=\"https://www.elvalledeturon.net/historia/turon-es-noticia/2017-enero-a-marzo-1/sonia-zapico.jpg/image_preview\" title=\"Sonia Zapico\" height=\"278\" width=\"400\" alt=\"\" class=\"image-left\" />de este postre asturiano que, seg\u00fan la base del concurso no pueden exceder los 70 gramos. Para obtener pues la merecida recompensa Sonia tuvo que rebajar los habituales 85 gramos de sus suculentas \u201ccasadielles\u201d y tener en cuenta el peso final despu\u00e9s del frito.</span></span></p>\r\n\r\n<p class=\"elu-fonction\" style=\"text-align: justify;\"><span style=\"color:#800000;\"><span style=\"font-size:18px;\"><span style=\"font-family:arial,helvetica,sans-serif;\"><strong>Otro triunfo para Patricia Pariente</strong></span></span></span></p>\r\n\r\n<p style=\"text-align: justify;\"><span style=\"font-size:18px;\"><span style=\"font-family:arial,helvetica,sans-serif;\">Con este ya son muchos los premios obtenidos por la mejor voz femenina del valle, Patricia Pariente. El II Concurso de tonada \"Ciud\u00e1 de Llangr\u00e9u\", con &nbsp;Jes\u00fas Noriega Galguera como gaitero oficial, cerr\u00f3 el certamen con una gala y la intervenci\u00f3n de los ganadores de esta convocatoria: nuestra artista turonesa y Sergio Men\u00e9ndez en categor\u00eda absoluta, y Ricardo Balmori y Adelita Fern\u00e1ndez, que llevaron el galard\u00f3n en la secci\u00f3n de aficionados. Gran nivel de los int\u00e9rpretes participantes y un triunfo merecido.</span></span></p>\r\n\r\n<p style=\"text-align: justify;\">&nbsp;</p>\r\n\r\n<p style=\"text-align: justify;\">&nbsp;</p>\r\n\r\n<p style=\"text-align: justify;\"><img src=\"https://www.elvalledeturon.net/historia/turon-es-noticia/2017-enero-a-marzo-1/cultura-izquierda-inclinada.jpg/image_preview\" title=\"Cultura  izquierda inclinada\" height=\"169\" width=\"250\" alt=\"\" class=\"image-left\" /></p>\r\n\r\n<p style=\"text-align: justify;\">&nbsp;</p>\r\n\r\n<p class=\"elu-fonction\" style=\"text-align: justify;\">&nbsp;</p>\r\n\r\n<p class=\"elu-fonction\" style=\"text-align: justify;\"><span style=\"color:#800000;\"><span style=\"font-size:18px;\"><span style=\"font-family:arial,helvetica,sans-serif;\">El IES de Tur\u00f3n celebra la Paz</span></span></span></p>\r\n\r\n<p style=\"text-align: justify;\"><span style=\"font-size:18px;\"><span style=\"font-family:arial,helvetica,sans-serif;\">No pod\u00eda ser de otra manera para un centro y una comunidad educativa comprometidos socialmente. Gran celebraci\u00f3n del IES Valle de Tur\u00f3n en el D\u00eda Escolar de la No Violencia y la Paz. Murales, exposiciones, lecturas sobre la paz, la amistad o la tolerancia y un recuerdo especial de la figura del Mahatma Gandhi cuya fecha de fallecimiento coincide con esta conmemoraci\u00f3n. Adem\u00e1s de estas actividades los alumnos repartieron tarjetas de paz y entonaron las ya emblem\u00e1ticas canciones de \"Blowin in &nbsp;the wind\" y \"Contam\u00edname\" de Bob Dylan y Pedro Guerra respectivamente. Una celebraci\u00f3n rematada con la lectura de un manifiesto por la paz.</span></span></p>\r\n\r\n<p style=\"text-align: justify;\">&nbsp;</p>\r\n\r\n<p style=\"text-align: justify;\"><img src=\"https://www.elvalledeturon.net/historia/turon-es-noticia/2017-enero-a-marzo-1/medio-ambiente-izquierda-inclinada.jpg/image_preview\" title=\"Medio ambiente izquierda inclinada\" height=\"155\" width=\"250\" alt=\"\" class=\"image-left\" /></p>\r\n\r\n<p style=\"text-align: justify;\"><img src=\"https://www.elvalledeturon.net/historia/turon-es-noticia/2017-enero-a-marzo-1/vertedero.jpg/image_preview\" title=\"Vertedero\" height=\"313\" width=\"350\" alt=\"\" class=\"image-right\" /></p>\r\n\r\n<p class=\"elu-fonction\" style=\"text-align: justify;\">&nbsp;</p>\r\n\r\n<p class=\"elu-fonction\" style=\"text-align: justify;\">&nbsp;</p>\r\n\r\n<p class=\"elu-fonction\" style=\"text-align: justify;\"><span style=\"color:#800000;\"><span style=\"font-size:18px;\"><span style=\"font-family:arial,helvetica,sans-serif;\"><strong>Vertederos pirata</strong></span></span></span></p>\r\n\r\n<p style=\"text-align: justify;\"><span style=\"font-size:18px;\"><span style=\"font-family:arial,helvetica,sans-serif;\">El PSOE reclama la erradicaci\u00f3n de esa lacra para nuestro medio ambiente turon\u00e9s, que son los vertederos pirata. El Ayuntamiento de Mieres ya localiz\u00f3 el pasado a\u00f1o 45 basureros salvajes repartidos por distintos puntos del concejo. En nuestro valle esta falta de civismo medioambiental se refleja en demasiados puntos de nuestro paisaje protegido. Testigos de estos actos irresponsables, la zona del Aten\u00e9u, la Riquela, los pozos de Santa B\u00e1rbara, de San Jos\u00e9 o de San V\u00edctor, Tablao, Primero San Jos\u00e9, la Rebaldana, Armiello y algunos m\u00e1s perdidos por nuestros montes.</span></span></p>\r\n\r\n<p class=\"elu-fonction\" style=\"text-align: justify;\">&nbsp;</p>\r\n\r\n<p class=\"elu-fonction\" style=\"text-align: justify;\"><img src=\"https://www.elvalledeturon.net/historia/turon-es-noticia/2017-enero-a-marzo-1/para-la-historia-izquierda-inclinada.jpg/image_preview\" title=\"Para la historia izquierda inclinada\" height=\"152\" width=\"250\" alt=\"\" class=\"image-left\" /></p>\r\n\r\n<p class=\"elu-fonction\" style=\"text-align: justify;\">&nbsp;</p>\r\n\r\n<p class=\"elu-fonction\" style=\"text-align: justify;\">&nbsp;</p>\r\n\r\n<p class=\"elu-fonction\" style=\"text-align: justify;\"><span style=\"color:#800000;\"><strong style=\"font-family: arial, helvetica, sans-serif; font-size: 18px;\">ROMEO Y JULIETA EN SAN ANDRES</strong></span></p>\r\n\r\n<p style=\"text-align: justify;\"><span style=\"font-size:18px;\"><span style=\"font-family:arial,helvetica,sans-serif;\">El historiador Ernesto Burgos, gran conocedor de la cr\u00f3nica turonesa, exhume en su art\u00edculo los tr\u00e1gicos Romeo y Julieta turoneses:&nbsp;&nbsp; <strong>\u201cLos amantes de San Andr\u00e9s</strong>. Casimiro Fern\u00e1ndez Iglesias y Mar\u00eda Asunci\u00f3n Gonz\u00e1lez Viesca se pegaron un tiro en la cabeza en 1913 ante las dificultades para contraer matrimonio\u201d. (leer la entrega en nuestra p\u00e1gina)&nbsp;</span></span></p>\r\n\r\n<p style=\"text-align: justify;\"><img src=\"https://www.elvalledeturon.net/historia/turon-es-noticia/2017-enero-a-marzo-1/calendario-febrero-lupa.jpg/image_preview\" title=\"Calendario febrero lupa\" height=\"189\" width=\"300\" alt=\"\" class=\"image-left\" /></p>\r\n\r\n<p style=\"text-align: justify;\">&nbsp;</p>\r\n\r\n<p style=\"text-align: justify;\">&nbsp;</p>\r\n\r\n<p style=\"text-align: justify;\">&nbsp;</p>\r\n\r\n<p style=\"text-align: justify;\"><img src=\"https://www.elvalledeturon.net/historia/turon-es-noticia/2017-enero-a-marzo-1/gastronomia-derecha-inclinada.jpg/image_preview\" title=\"Gastronomia derecha inclinada\" height=\"196\" width=\"300\" alt=\"\" class=\"image-right\" /></p>\r\n\r\n<p style=\"text-align: justify;\">&nbsp;</p>\r\n\r\n<p style=\"text-align: justify;\">&nbsp;</p>\r\n\r\n<p style=\"text-align: justify;\">&nbsp;</p>\r\n\r\n<p style=\"text-align: justify;\">&nbsp;</p>\r\n\r\n<p style=\"text-align: justify;\">&nbsp;</p>\r\n\r\n<p class=\"elu-fonction\" style=\"text-align: right;\"><span style=\"color:#800000;\"><span style=\"font-size:18px;\"><span style=\"font-family:arial,helvetica,sans-serif;\">Un pote con sabor a victoria</span></span></span></p>\r\n\r\n<p style=\"text-align: justify;\"><span style=\"font-size:18px;\"><span style=\"font-family:arial,helvetica,sans-serif;\">El consejero de Empleo, Industria y Turismo, Francisco Blanco, firm\u00f3 la declaraci\u00f3n oficial del Pote como Fiesta de Inter\u00e9s Tur\u00edstico, distinci\u00f3n que hasta ahora ostentaba en solitario la romer\u00eda de Los M\u00e1rtires. M\u00e1s que un merecido reconocimiento, este logro es un verdadero triunfo para una tradici\u00f3n gastron\u00f3mica turonesa que cuenta con 25 a\u00f1os de historia y un largo y esforzado trabajo de toda la hosteler\u00eda del valle. Un men\u00fa tradicional, pote, compango y tarta turonesa, que durante d\u00e9cadas tuvo su cita en Casa Lelo en La <img src=\"https://www.elvalledeturon.net/historia/turon-es-noticia/2017-enero-a-marzo-1/natalia-menendez.jpg/image_preview\" title=\"Natalia Men\u00e9ndez\" height=\"281\" width=\"400\" alt=\"\" class=\"image-left\" />Cuadriella y que hoy ofrecen todos los hosteleros del valle coincidiendo con las fiestas de Santa B\u00e1rbara, a principios del mes de diciembre. Tur\u00f3n, merecido centro gastron\u00f3mico, tradicional y festivo de Asturias.<img src=\"https://www.elvalledeturon.net/historia/turon-es-noticia/2017-enero-a-marzo-1/ambulatorio-derecha-inclinada.jpg/image_preview\" title=\"Ambulatorio derecha inclinada\" height=\"163\" width=\"250\" alt=\"\" class=\"image-right\" /></span></span></p>\r\n\r\n<p style=\"text-align: justify;\">&nbsp;</p>\r\n\r\n<p style=\"text-align: justify;\">&nbsp;</p>\r\n\r\n<p style=\"text-align: justify;\">&nbsp;</p>\r\n\r\n<p class=\"elu-fonction\" style=\"text-align: justify;\">&nbsp;</p>\r\n\r\n<p class=\"elu-fonction\" style=\"text-align: right;\">&nbsp;</p>\r\n\r\n<p class=\"elu-fonction\" style=\"text-align: right;\"><span style=\"color:#800000;\"><span style=\"font-size:18px;\"><span style=\"font-family:arial,helvetica,sans-serif;\">2018,&nbsp; el a\u00f1o del ambulatorio</span></span></span></p>\r\n\r\n<p style=\"text-align: justify;\"><span style=\"font-size:18px;\"><span style=\"font-family:arial,helvetica,sans-serif;\">Con el anuncio de Francisco Del Busto, Consejero de Sanidad, se hace real el proyecto del ambulatorio de Tur\u00f3n. Un proyecto demandado por la ciudadan\u00eda que unificar\u00e1 el centro base de La Cuadriella y el perif\u00e9rico de Lago. La construcci\u00f3n se ubicar\u00e1 en el colegio de La Salle donde empezar\u00e1n las obras a finales de este a\u00f1o. El ambulatorio dar\u00e1 servicio a 4.500 usuarios pero se mantendr\u00e1n abiertos, para m\u00e1s proximidad, los consultorios de Urbi\u00e9s y de San Andr\u00e9s. Tras m\u00e1s de 10 a\u00f1os de espera y de anuncios el centro sanitario ser\u00e1 realidad gracias a un presupuesto total de casi dos millones de euros. El consultorio albergar\u00e1 medicina de familia, enfermer\u00eda, pediatr\u00eda o atenci\u00f3n continuada, odonto-estomatolog\u00eda y espacio para futuras ampliaciones.</span></span></p>\r\n\r\n<p style=\"text-align: justify;\">&nbsp;</p>\r\n\r\n<p style=\"text-align: justify;\">&nbsp;</p>\r\n\r\n<p style=\"text-align: justify;\"><img src=\"https://www.elvalledeturon.net/historia/turon-es-noticia/2017-enero-a-marzo-1/patrimonio-industrial-derecha-inclinada.jpg/image_preview\" title=\"Patrimonio industrial derecha inclinada\" height=\"142\" width=\"250\" alt=\"\" class=\"image-right\" /></p>\r\n\r\n<p class=\"elu-fonction\" style=\"text-align: justify;\">&nbsp;</p>\r\n\r\n<p class=\"elu-fonction\" style=\"text-align: justify;\">&nbsp;</p>\r\n\r\n<p class=\"elu-fonction\" style=\"text-align: right;\"><span style=\"color:#800000;\"><span style=\"font-size:18px;\"><span style=\"font-family:arial,helvetica,sans-serif;\">Recuperando el \"polvor\u00edn\" del Grupo Espinos</span></span></span></p>\r\n\r\n<p style=\"text-align: justify;\"><span style=\"font-size:18px;\"><span style=\"font-family:arial,helvetica,sans-serif;\">El colectivo de arqueolog\u00eda minera Santa B\u00e1rbara sigue con su infatigable y minuciosa actuaci\u00f3n recuperando nuestros vestigios mineros. Ahora toca la limpieza y el rescate del olvidado polvor\u00edn de <img src=\"https://www.elvalledeturon.net/historia/turon-es-noticia/2017-enero-a-marzo-1/polvorin-y-cuadra-de-espinos.jpg/image_preview\" title=\"Polvor\u00edn y cuadra de Espinos\" height=\"311\" width=\"400\" alt=\"\" class=\"image-right\" />Espinos que cubr\u00eda las necesidades de minas repartidas en nueve niveles. La galer\u00eda donde se almacenaban dinamita y detonadores se encuentra medio escondida por encima de la que fue en su d\u00eda la cuadra del grupo Espinos, en el camino-carretera hacia San Justo. Una encomiable labor para el acondicionamiento de un elemento industrial que data de 1934. Un nuevo t\u00fanel de m\u00e1s de catorce metros de fuerte desnivel&nbsp; que completar\u00e1 otras dos restauraciones turonesas, del colectivo minero, las bocaminas de San V\u00edctor y de La Rebaldana.</span></span></p>\r\n\r\n<p style=\"text-align: justify;\">&nbsp;</p>\r\n\r\n<p style=\"text-align: justify;\">&nbsp;</p>\r\n\r\n<p style=\"text-align: justify;\"><img src=\"https://www.elvalledeturon.net/historia/turon-es-noticia/2017-enero-a-marzo-1/medio-ambiente-derecha-inclinada.jpg/image_preview\" title=\"Medio ambiente derecha inclinada\" height=\"155\" width=\"250\" alt=\"\" class=\"image-right\" /></p>\r\n\r\n<p class=\"elu-fonction\" style=\"text-align: justify;\">&nbsp;</p>\r\n\r\n<p class=\"elu-fonction\" style=\"text-align: right;\">&nbsp;</p>\r\n\r\n<p class=\"elu-fonction\" style=\"text-align: right;\"><span style=\"color:#800000;\"><span style=\"font-size:18px;\"><span style=\"font-family:arial,helvetica,sans-serif;\">10.000 mapas &nbsp;para el Paisaje Protegido</span></span></span></p>\r\n\r\n<p style=\"text-align: justify;\"><span style=\"font-size:18px;\"><span style=\"font-family:arial,helvetica,sans-serif;\">Un mapa gu\u00eda, presentado al p\u00fablico en Fitur pretende promocionar el Paisaje Protegido de las Cuencas Mineras. 10.000 ejemplares para dar a conocer los recursos del territorio, sus rutas y sendas. Al lado de los conocidos como el Ecomuseo minero de Samu\u00f1o tambi\u00e9n tienen cabida el aula de interpretaci\u00f3n del pozo Espinos y el centro Pozo Fortuna. A la espera est\u00e1n una web dedicada al espacio de&nbsp; las Cuencas y la puesta en marcha de los pozos de San Jos\u00e9 y Santa B\u00e1rbara.</span></span></p>\r\n\r\n<p class=\"elu-fonction\" style=\"text-align: right;\"><span style=\"color:#800000;\"><span style=\"font-size:18px;\"><span style=\"font-family:arial,helvetica,sans-serif;\">Senderismo y monta\u00f1a</span></span></span></p>\r\n\r\n<p style=\"text-align: justify;\"><span style=\"font-size:18px;\"><span style=\"font-family:arial,helvetica,sans-serif;\">Coincidiendo como cada a\u00f1o vuelven los encuentros de senderismo en Tur\u00f3n y las Jornadas de Monta\u00f1a de Mieres. Una oferta dividida entre el Aten\u00e9u turon\u00e9s y la Casa de la Cultura en Mieres. Un proganismo turon\u00e9s al que no es ajena la tremenda y larga labor de nuestro colaborador \u00c1ngel Fern\u00e1ndez Ortega. Unas charlas que duran 5 d\u00edas y que ser\u00e1n tambi\u00e9n el marco de presentaci\u00f3n de la nueva edici\u00f3n del dif\u00edcil y concurrido Tur\u00f3n Trail Running \"Villapendi 2.0\".</span></span></p>\r\n\r\n<p style=\"text-align: justify;\">&nbsp;</p>\r\n\r\n<p class=\"elu-fonction\" style=\"text-align: justify;\"><img src=\"https://www.elvalledeturon.net/historia/turon-es-noticia/2017-enero-a-marzo-1/para-la-historia-derecha-inclinada.jpg/image_preview\" title=\"Para la historia derecha inclinada\" height=\"155\" width=\"250\" alt=\"\" class=\"image-right\" /></p>\r\n\r\n<p class=\"elu-fonction\" style=\"text-align: justify;\">&nbsp;</p>\r\n\r\n<p class=\"elu-fonction\" style=\"text-align: justify;\">&nbsp;</p>\r\n\r\n<p class=\"elu-fonction\" style=\"text-align: right;\"><span style=\"color:#800000;\"><span style=\"font-size:18px;\"><span style=\"font-family:arial,helvetica,sans-serif;\"><img src=\"https://www.elvalledeturon.net/historia/turon-es-noticia/2017-enero-a-marzo-1/tren-puente-caburnu.jpg/image_preview\" title=\"Tren Puente Caburnu\" height=\"261\" width=\"400\" alt=\"\" class=\"image-left\" />Para la Historia</span></span></span></p>\r\n\r\n<p style=\"text-align: justify;\"><span style=\"font-size:18px;\"><span style=\"font-family:arial,helvetica,sans-serif;\">Este mes tambi\u00e9n fueron noticia para la historia turonesa los excelentes art\u00edculos de dos reconocidos cronistas y colaboradores de nuestra p\u00e1gina:</span></span></p>\r\n\r\n<p style=\"text-align: justify;\"><span style=\"font-size:18px;\"><span style=\"font-family:arial,helvetica,sans-serif;\"><strong>La palabra de Federica Montseny</strong>. La visita a Mieres y al valle de Tur\u00f3n en 1936 de una de las grandes figuras del anarquismo espa\u00f1ol y la primera mujer en ocupar un Ministerio en el pa\u00eds, por Ernesto Burgos</span></span></p>\r\n\r\n<p style=\"text-align: justify;\"><span style=\"font-size:18px;\"><span style=\"font-family:arial,helvetica,sans-serif;\"><strong>Noval y el ferrocarril de Tur\u00f3n</strong>. Homenaje p\u00f3stumo a un trabajador que estuvo treinta a\u00f1os en los trenes del valle minero mierense,&nbsp;&nbsp;por Manuel Jes\u00fas L\u00f3pez, \u201cLito\u201d&nbsp;</span></span></p>\r\n\r\n<p style=\"text-align: justify;\"><img src=\"https://www.elvalledeturon.net/historia/turon-es-noticia/2017-enero-a-marzo-1/calendario-marzo-lupa.jpg/image_preview\" title=\"Calendario marzo lupa\" height=\"189\" width=\"300\" alt=\"\" class=\"image-right\" /></p>\r\n\r\n<p style=\"text-align: justify;\">&nbsp;</p>\r\n\r\n<p style=\"text-align: justify;\">&nbsp;</p>\r\n\r\n<p class=\"elu-fonction\" style=\"text-align: justify;\">&nbsp;</p>\r\n\r\n<p class=\"elu-fonction\" style=\"text-align: justify;\"><img src=\"https://www.elvalledeturon.net/historia/turon-es-noticia/2017-enero-a-marzo-1/cultura-izquierda-inclinada.jpg/image_preview\" title=\"Cultura  izquierda inclinada\" height=\"169\" width=\"250\" alt=\"\" class=\"image-left\" /></p>\r\n\r\n<p class=\"elu-fonction\" style=\"text-align: justify;\">&nbsp;</p>\r\n\r\n<p class=\"elu-fonction\" style=\"text-align: justify;\">&nbsp;</p>\r\n\r\n<p class=\"elu-fonction\" style=\"text-align: justify;\"><span style=\"color:#800000;\">Un Instituto con historia</span></p>\r\n\r\n<p style=\"text-align: justify;\">Para celebrar, aunque con cierto retraso, el 50 aniversario de su inauguraci\u00f3n el IES Valle de Tur\u00f3n organiz\u00f3 una exposici\u00f3n fotogr\u00e1fica restrospectiva: \"Ayer y hoy del Instituto de Tur\u00f3n\". Un acto concurrido donde no faltaron los vecinos y exalumnos encantados con todos los recuerdos expuestos. El director del centro, Jos\u00e9 Espi\u00f1o, acompa\u00f1ado por el alcalde An\u00edbal V\u00e1zquez, y el concejal de Cultura Juan Ponte, abri\u00f3 el acto con un r\u00e1pido recorrido de la historia del centro educativo. La actuaci\u00f3n del Coro Minero y la proyecci\u00f3n de un documental sobre el centro y su vinculaci\u00f3n con el valle cerraron el evento.</p>\r\n\r\n<p class=\"elu-fonction\" style=\"text-align: justify;\"><span style=\"color:#800000;\">Los cient\u00edficos de Vega de Guceo</span></p>\r\n\r\n<p style=\"text-align: justify;\">Noventa alumnos del colegio Vega de Guceo de Tur\u00f3n participaron en el taller \"Xplora la ciencia con Quimi\", organizado por el Ayuntamiento y dirigido por la cient\u00edfica Ana Fern\u00e1ndez \"Quimi\". Fueron unos sencillos experimentos creativos y sorprendentes, al alcance de los m\u00e1s peque\u00f1os, que despertaron en m\u00e1s uno una cierta afici\u00f3n cient\u00edfica.</p>\r\n\r\n<p style=\"text-align: justify;\"><img src=\"https://www.elvalledeturon.net/historia/turon-es-noticia/2017-enero-a-marzo-1/ritmica-de-turon-bis.jpg/image_preview\" title=\"Ritmica de Turon bis\" height=\"277\" width=\"450\" alt=\"\" class=\"image-right\" /></p>\r\n\r\n<p style=\"text-align: justify;\">&nbsp;</p>\r\n\r\n<p style=\"text-align: justify;\">&nbsp;</p>\r\n\r\n<p style=\"text-align: justify;\">&nbsp;</p>\r\n\r\n<p class=\"elu-fonction\" style=\"text-align: justify;\"><img src=\"https://www.elvalledeturon.net/historia/turon-es-noticia/2017-enero-a-marzo-1/protagonistas-izquierda-inclinada.jpg/image_preview\" title=\"Protagonistas izquierda inclinada\" height=\"224\" width=\"350\" alt=\"\" class=\"image-left\" /></p>\r\n\r\n<p class=\"elu-fonction\" style=\"text-align: justify;\">&nbsp;</p>\r\n\r\n<p class=\"elu-fonction\" style=\"text-align: justify;\"><span style=\"color:#800000;\">Unas brillantes gimnastas</span></p>\r\n\r\n<p style=\"text-align: justify;\">El R\u00edtmica Valle de Tur\u00f3n sigue cosechando triunfos clasificando a ocho de sus representantes para el Campeonato de Espa\u00f1a en Guadalajara en abril.. El Palacio de los Deportes de Gij\u00f3n recibi\u00f3 con aplausos la gran actuaci\u00f3n de nuestras deportistas turonesas. Entre las m\u00e1s destacadas figuran Nerea Garc\u00eda, campeona y Nayara Gonz\u00e1lez bronce en categor\u00eda prebenjam\u00edn, el primer puesto en categor\u00eda alev\u00edn Lara Dapena, las infantiles Ainhoa Mediavilla y Nerea Fern\u00e1ndez fueron quinta y sexta respectivamente. En la categor\u00eda cadete Paula Vargas campeona y Eva V\u00e1zquez novena. Por \u00faltimo Naiara Corrales und\u00e9cima en categor\u00eda juvenil y Clara Gonz\u00e1lez, en su primera participaci\u00f3n en una prueba de tan alto nivel, se qued\u00f3 a las puertas de la clasificaci\u00f3n.</p>\r\n\r\n<p class=\"elu-fonction\" style=\"text-align: justify;\">&nbsp;</p>\r\n\r\n<p class=\"elu-fonction\" style=\"text-align: justify;\">&nbsp;</p>\r\n\r\n<p class=\"elu-fonction\" style=\"text-align: justify;\"><img src=\"https://www.elvalledeturon.net/historia/turon-es-noticia/2017-enero-a-marzo-1/patrimonio-industrial-izquierda-inclinada-bis.jpg/image_preview\" title=\"Patrimonio industrial izquierda inclinada bis\" height=\"171\" width=\"300\" alt=\"\" class=\"image-left\" /></p>\r\n\r\n<p class=\"elu-fonction\" style=\"text-align: justify;\">&nbsp;</p>\r\n\r\n<p class=\"elu-fonction\" style=\"text-align: justify;\">&nbsp;</p>\r\n\r\n<p class=\"elu-fonction\" style=\"text-align: justify;\"><span style=\"color:#800000;\">Santa B\u00e1rbara y Espinos en miniatura</span></p>\r\n\r\n<p style=\"text-align: justify;\">El patrimonio minero llega a Playmobil. Unas r\u00e9plica miniaturas &nbsp;de la mina y del pozo Espinos y del pozo de Santa B\u00e1rbara a escala 1.32 y desarrolladas con impresoras l\u00e1ser en 3D fueron presentadas en p\u00fablico y expuestas en las Cuencas. Dos nuevos proyectos del centro de El Trabanqu\u00edn que ha contado con la colaboraci\u00f3n de la asociaci\u00f3n cultural y minera \"Santa B\u00e1rbara\", y el colectivo \"Cultura y Sociedad\". El pozo Espinos es el m\u00e1s reconocible por su arquitect\u00f3nica&nbsp; \u00fanica mientras que el de la Rebaldana fue reproducido en base a su explotaci\u00f3n original. Otra manera de visualizar nuestro patrimonio.&nbsp;</p>\r\n\r\n<p class=\"elu-fonction\" style=\"text-align: justify;\">&nbsp;</p>\r\n\r\n<p class=\"elu-fonction\" style=\"text-align: justify;\">&nbsp;</p>\r\n\r\n<p class=\"elu-fonction\" style=\"text-align: justify;\"><img src=\"https://www.elvalledeturon.net/historia/turon-es-noticia/2017-enero-a-marzo-1/inversiones-izquierda-inclinada.jpg/image_preview\" title=\"Inversiones izquierda inclinada\" height=\"198\" width=\"300\" alt=\"\" class=\"image-left\" /></p>\r\n\r\n<p class=\"elu-fonction\" style=\"text-align: justify;\">&nbsp;</p>\r\n\r\n<p class=\"elu-fonction\" style=\"text-align: justify;\">&nbsp;</p>\r\n\r\n<p class=\"elu-fonction\" style=\"text-align: justify;\"><span style=\"color:#800000;\">La reforma total de la carretera del valle de Tur\u00f3n</span></p>\r\n\r\n<p style=\"text-align: justify;\">La carretera AS-337 dibuja el valle hasta la Colladiella y m\u00e1s all\u00e1. El recorrido de nuestra principal v\u00eda <img src=\"https://www.elvalledeturon.net/historia/turon-es-noticia/2017-enero-a-marzo-1/polio.jpg/image_preview\" title=\"Polio\" height=\"305\" width=\"400\" alt=\"\" class=\"image-left\" />de comunicaci\u00f3n tiene demasiados tramos con graves deficiencias lo que afecta la propia seguridad vial. El alcalde, An\u00edbal V\u00e1zquez, ha remitido a la correspondiente Consejer\u00eda&nbsp; el malestar del Ayuntamiento y de los propios turoneses a la vez que exige la puesta en marcha de una actuaci\u00f3n integral que evite los remiendos de asfalto y se ejecute rigor y profesionalidad exigible\". Nunca es tarde pero ya va siendo hora.</p>\r\n\r\n<p class=\"elu-fonction\" style=\"text-align: justify;\"><span style=\"color:#800000;\">Polio 50 metros de altura a\u00f1adida</span></p>\r\n\r\n<p style=\"text-align: justify;\">La tramitaci\u00f3n de su permiso llev\u00f3 m\u00e1s de dos a\u00f1os pero la antena de medici\u00f3n del potencial e\u00f3lico ya est\u00e1 en la cumbre de monte Polio. Hunosa ha instalado una antena de 50 metros de altura y varios puntos de lectura que permitir\u00e1 durante un a\u00f1o la recogida de datos fiables que puedan determinar el posible inter\u00e9s de la empresa en instalar aerogeneradores.</p>\r\n\r\n<p>&nbsp;</p>\r\n\r\n<p><em><strong>\u00a9 JorgeVarela para www.elvalledeturon.net&nbsp;&nbsp;Enero 2018</strong></em></p>\r\n", "author_name": "", "version": "1.0", "author_url": "https://www.elvalledeturon.net/author/jorgevarela", "provider_name": "El valle de Turon", "type": "rich"}