{"provider_url": "https://www.elvalledeturon.net", "title": "Drones en el cielo turon\u00e9s", "html": "<p class=\"elu-fonction\"><span style=\"font-size:28px;\"><span style=\"color:#800000;\"><span style=\"font-family:comic sans ms,cursive;\">EL A\u00d1O 2017 TURON\u00c9S<img src=\"https://www.elvalledeturon.net/historia/turon-es-noticia/2017-julio-a-septiembre/agosto.jpg/image_preview\" title=\"AGOSTO\" height=\"189\" width=\"300\" alt=\"\" class=\"image-right\" /></span></span></span></p>\r\n\r\n<p class=\"elu-fonction\">&nbsp;</p>\r\n\r\n<p class=\"elu-fonction\">&nbsp;</p>\r\n\r\n<p style=\"text-align: justify;\">&nbsp;</p>\r\n\r\n<p style=\"text-align: justify;\">&nbsp;</p>\r\n\r\n<p style=\"text-align: justify;\"><span style=\"color:#800000;\"><strong><img src=\"https://www.elvalledeturon.net/historia/turon-es-noticia/2017-julio-a-septiembre/calidad-de-vida-y-medio-ambiente-izquierda.jpg/image_preview\" title=\"CALIDAD DE VIDA y MEDIO AMBIENTE IZQUIERDA\" height=\"158\" width=\"250\" alt=\"\" class=\"image-left\" /></strong></span></p>\r\n\r\n<p style=\"text-align: justify;\">&nbsp;</p>\r\n\r\n<p style=\"text-align: justify;\">&nbsp;</p>\r\n\r\n<p style=\"text-align: justify;\"><span style=\"color:#800000;\"><strong>DRONES EN EL CIELO TURON\u00c9S</strong></span></p>\r\n\r\n<p style=\"text-align: justify;\">Los drones tambi\u00e9n han llegado al valle de Tur\u00f3n. Desde el cielo, a la altura de la escombrera de Figaredo, las naves voladoras controlan los avances de la explotaci\u00f3n de los est\u00e9riles destinados a la central t\u00e9rmica de la Pereda.</p>\r\n\r\n<p style=\"text-align: justify;\">El proyecto puesto en marcha por Hunosa, adem\u00e1s de controlar el trabajo de excavaci\u00f3n tambi\u00e9n sirve para un levantamiento topogr\u00e1fico m\u00e1s preciso de nuestros montes. Una utilizaci\u00f3n tecnol\u00f3gica de punta que podr\u00eda servir para controlar el estado de nuestros montes y al fin y al cabo de todo nuestro patrimonio minero.</p>\r\n\r\n<p style=\"text-align: justify;\"><span style=\"color:#800000;\"><strong>FELECHOS CON MALEZA<img src=\"https://www.elvalledeturon.net/historia/turon-es-noticia/2017-julio-a-septiembre/rozamayor.jpg/image_preview\" title=\"Rozamayor\" height=\"338\" width=\"500\" alt=\"\" class=\"image-right\" /></strong></span></p>\r\n\r\n<p style=\"text-align: justify;\">Rozamayor es como un enclave turon\u00e9s por extensi\u00f3n festiva. Un \u00e1rea r\u00fastica tan ligada a la gira de Los Felechos del mes de agosto. Unas semanas antes de la pr\u00f3xima celebraci\u00f3n, el PP mierense denuncia el abandono y la lamentable situaci\u00f3n de esa zona recreativa tambi\u00e9n conocida como \u201cEl Rancho\u201d, un espacio &nbsp;de los m\u00e1s utilizados por los vecinos del concejo por su naturaleza y vistas incomparables.</p>\r\n\r\n<p style=\"text-align: justify;\">Seguramente esta vez ya no solo sea suficiente el desbroce y una limpieza somera poco antes de las tradicionales fiestas.&nbsp; Seg\u00fan los populares el acceso a la zona&nbsp; adem\u00e1s de la excesiva maleza y de las cunetas sin desbrozar, el conocido y agradable bosque de pinos est\u00e1 totalmente abandonado, la fuente perdiendo agua por la base enfangando todo el entorno y el mobiliario para las meriendas campestres deteriorado. Una labor que requiere un cuidado m\u00e1s asiduo y no s\u00f3lo un adecentamiento puntual.</p>\r\n\r\n<p style=\"text-align: justify;\"><span style=\"color:#800000;\"><strong>DEGRADACI\u00d3N Y OLVIDO PARA LOS PUEBLOS</strong></span></p>\r\n\r\n<p style=\"text-align: justify;\">La Asociaci\u00f3n Mejoras del Valle alerta de la degradaci\u00f3n y del olvido que sufren los pueblos del Valle. No s\u00f3lo denuncia la ausencia de inversiones para mejorar el \u00e1rea sino que tambi\u00e9n llama la atenci\u00f3n sobre el abandono de las aceras, la presencia de peligrosas casas ruinosas y el estado desastroso del r\u00edo que califican de verdadero Amazonas.</p>\r\n\r\n<p style=\"text-align: justify;\">Una vez m\u00e1s el sentimiento de desatenci\u00f3n cala en los vecinos. Con el pasado dorado ya olvidado, el valle, dicen los responsables turoneses, se ha ido marchitando al comp\u00e1s de los cierres de las propias minas. Pero a\u00fan quedan miles de vecinos que quieren ejercer su derecho a ser escuchados y sobre todo atendidos. &nbsp;Una indignaci\u00f3n un\u00e1nime con las administraciones de todo nivel.</p>\r\n\r\n<p style=\"text-align: justify;\">Desde Mejoras del Valle se exige que se corrija la situaci\u00f3n y que de entrada &nbsp;empiece el derribo de los edificios en ruinas o se responsabilice a los propietarios cuya dejadez pone en riesgo la circulaci\u00f3n por algunos barrios del valle. Por \u00faltimo, los vecinos de Tur\u00f3n advierten que de no acometerse el saneamiento en profundidad del r\u00edo Tur\u00f3n, principalmente en el tramo de Lago a La Felguera, se corren grandes riesgos de inundaci\u00f3n en tiempos de grandes lluvias.</p>\r\n\r\n<p style=\"text-align: justify;\">En conclusi\u00f3n Silvia Su\u00e1rez, vicepresidenta del colectivo, asegur\u00f3 que \"nos tienen olvidados y la gente est\u00e1 ya iniciando campa\u00f1as y denuncias por las redes sociales\u201d.<img src=\"https://www.elvalledeturon.net/historia/turon-es-noticia/2017-julio-a-septiembre/social-y-economia-derecha.jpg/image_preview\" title=\"SOCIAL Y ECONOM\u00cdA DERECHA\" height=\"121\" width=\"200\" alt=\"\" class=\"image-right\" /></p>\r\n\r\n<p style=\"text-align: justify;\">&nbsp;</p>\r\n\r\n<p style=\"text-align: justify;\">&nbsp;</p>\r\n\r\n<p style=\"text-align: right;\"><span style=\"color:#800000;\"><strong>LLEGA &nbsp;\u201cEL ECONOMATO\u201d</strong></span></p>\r\n\r\n<p style=\"text-align: right;\"><img src=\"https://www.elvalledeturon.net/historia/turon-es-noticia/2017-julio-a-septiembre/economato.jpg/image_preview\" title=\"Economato\" height=\"352\" width=\"450\" alt=\"\" class=\"image-left\" /></p>\r\n\r\n<p style=\"text-align: justify;\">\u00a1Cu\u00e1ntas generaciones han pisado alguna vez un economato laboral de Hunosa! Recordatorios que cada uno tiene de esas compras y, remontando un poco m\u00e1s el pasado, de las famosas libretas. En su d\u00eda fueron hasta veinte los establecimientos que con sus &nbsp;precios y facilidades&nbsp; ofrec\u00edan a los trabajadores de la empresa lo necesario para su vida dom\u00e9stica.</p>\r\n\r\n<p style=\"text-align: justify;\">El Arco, grupo langreano cuyos cuatro socios sol\u00edan ir al economato con sus padres, empiezan con su plantilla de 100 trabajadores una nueva etapa comercial. Todas las declaraciones de los nuevos propietarios tienden a tranquilizarnos y hacernos entrever el futuro de \u201cEl Economato\u201d con cierto optimismo. \"No vamos a convertirlos en hipermercados, nuestra idea es preservar su identidad y esp\u00edritu y mantener esa ra\u00edz que son los economatos laborales de Hunosa y de toda Asturias\u201d.&nbsp; Un giro de modernidad pues para una nueva etapa que deseamos exitosa y duradera.</p>\r\n\r\n<p style=\"text-align: justify;\">&nbsp;</p>\r\n\r\n<p style=\"text-align: justify;\">&nbsp;</p>\r\n\r\n<p style=\"text-align: justify;\"><img src=\"https://www.elvalledeturon.net/historia/turon-es-noticia/2017-julio-a-septiembre/patrimonio-industrial-izquierda.jpg/image_preview\" title=\"PATRIMONIO INDUSTRIAL IZQUIERDA\" height=\"115\" width=\"200\" alt=\"\" class=\"image-left\" /></p>\r\n\r\n<p style=\"text-align: justify;\">&nbsp;</p>\r\n\r\n<p style=\"text-align: justify;\"><span style=\"color:#800000;\"><strong>LA NUEVA BOCAMINA DE LA REBALDANA</strong></span></p>\r\n\r\n<p style=\"text-align: justify;\">La labor del grupo de arqueolog\u00eda industrial de la Asociaci\u00f3n Santa B\u00e1rbara sigue incansable abordando y rematando nuevos proyectos de recuperaci\u00f3n. Una nueva bocamina&nbsp; en la Rebaldana, en el pozo Santa B\u00e1rbara, ser\u00e1 el nuevo proyecto.</p>\r\n\r\n<p style=\"text-align: justify;\">Es un elemento m\u00e1s antiguo que el socav\u00f3n recuperado en el mismo grupo minero, explotado seguramente ya a finales del XIX. Los primeros trabajos atacar\u00e1n el exterior tapado por much\u00edsima maleza y una caseta de aperos que siempre fue visible desde Pervaca. Un trabajo previo a la recuperaci\u00f3n de la propia mina.</p>\r\n\r\n<p style=\"text-align: justify;\">El informe inicial presentado a Hunosa fue recibido positivamente dado que la bocamina est\u00e1 incluida en el espacio declarado Bien de Inter\u00e9s Cultural (BIC). Contar\u00e1n pues con el apoyo de la empresa hullera pero tambi\u00e9n con el Ayuntamiento de Mieres, que siempre ha respaldado las iniciativas de la Asociaci\u00f3n.</p>\r\n\r\n<p style=\"text-align: justify;\">Es de resaltar el gran trabajo de la Asociaci\u00f3n \"Santa B\u00e1rbara\", la generosidad de sus miembros a la hora de poner las manos a la obra para la recuperaci\u00f3n de los elementos patrimoniales de nuestro municipio.</p>\r\n\r\n<p style=\"text-align: justify;\"><img src=\"https://www.elvalledeturon.net/historia/turon-es-noticia/2017-julio-a-septiembre/para-la-historia-derecha.jpg/image_preview\" title=\"PARA LA HISTORIA DERECHA\" height=\"121\" width=\"200\" alt=\"\" class=\"image-right\" /></p>\r\n\r\n<p style=\"text-align: justify;\">&nbsp;</p>\r\n\r\n<p style=\"text-align: right;\">&nbsp;</p>\r\n\r\n<p style=\"text-align: right;\"><span style=\"color:#800000;\"><strong>DE TUR\u00d3N A CITR\u00d3N</strong></span></p>\r\n\r\n<p style=\"text-align: justify;\">&nbsp;</p>\r\n\r\n<p style=\"text-align: justify;\">Los talleres gijoneses tienen su origen en el negocio creado a finales del siglo XIX por la familia Ortiz en el valle. Un art\u00edculo interesante de Jos\u00e9 Antonio &nbsp;Vega , escrito como un historia en forma de cierre de bucle con una constataci\u00f3n de fracaso final.<img src=\"https://www.elvalledeturon.net/historia/turon-es-noticia/2017-julio-a-septiembre/zitron.jpg/image_preview\" title=\"Zitr\u00f3n\" height=\"439\" width=\"450\" alt=\"\" class=\"image-right\" /></p>\r\n\r\n<p style=\"text-align: justify;\">Recuerda nuestro colaborador la historia exclusivamente rural del valle, las primeras explotaciones mineras, con Vicente Fern\u00e1ndez Blanco y su \"Coto Paz de Figaredo\" o la familia langreana, Ortiz, con \"Mina Clavelina\" y finalmente, en 1890, la fundaci\u00f3n de Hulleras de Turon de la mano de un grupo de sider\u00fargicos vascos. In\u00fatil recordar la larga enumeraci\u00f3n de todos los yacimientos que horadaron nuestro paisaje, desde Urbi\u00e9s hasta La Cuadriella, los lavaderos, los cables a\u00e9reos &nbsp;y el &nbsp;transporte por v\u00eda f\u00e9rrrea del mineral hasta Reicastro.</p>\r\n\r\n<p style=\"text-align: justify;\">Cerrada definitivamente la p\u00e1gina minera, Vega recuerda que, por decirlo de alguna manera, parte de la riqueza del valle de Tur\u00f3n est\u00e1 presente en Gij\u00f3n a trav\u00e9s de los talleres \"Zitr\u00f3n\". Debido \u00e9sto a que el capital con el que se fund\u00f3 esta empresa surgi\u00f3 de la venta de una concesi\u00f3n minera en la zona de Mieres que pose\u00eda la familia Ortiz. De ah\u00ed sali\u00f3 el nombre de la empresa gijonesa: \"Ortiz Nietos\"; Ortiz \"n\", que escrito al rev\u00e9s, el apellido, &nbsp;da como resultado \"Zitr\u00f3n\". Empresa nacida por y para la miner\u00eda que ha sabido reciclarse, salir al exterior, y ahora, cuando la crisis golpea con fuerza la estructura econ\u00f3mica del pa\u00eds, ha conseguido dar esquinazo a la ca\u00edda de la actividad espa\u00f1ola y tomar aire gracias al negocio internacional. El pasado minero de Tur\u00f3n y sus riquezas han contribuido al desarrollo de otros lugares y de diferentes formas.</p>\r\n\r\n<p style=\"text-align: justify;\">&nbsp;</p>\r\n\r\n<p style=\"text-align: justify;\"><img src=\"https://www.elvalledeturon.net/historia/turon-es-noticia/2017-julio-a-septiembre/agosto.jpg/image_preview\" title=\"AGOSTO\" height=\"189\" width=\"300\" alt=\"\" class=\"image-left\" /></p>\r\n\r\n<p style=\"text-align: justify;\">&nbsp;</p>\r\n\r\n<p style=\"text-align: justify;\">&nbsp;</p>\r\n\r\n<p style=\"text-align: right;\"><img src=\"https://www.elvalledeturon.net/historia/turon-es-noticia/2017-julio-a-septiembre/social-y-economia-derecha.jpg/image_preview\" title=\"SOCIAL Y ECONOM\u00cdA DERECHA\" height=\"121\" width=\"200\" alt=\"\" class=\"image-right\" /></p>\r\n\r\n<p style=\"text-align: right;\">&nbsp;</p>\r\n\r\n<p style=\"text-align: right;\">&nbsp;</p>\r\n\r\n<p style=\"text-align: right;\">&nbsp;</p>\r\n\r\n<p style=\"text-align: right;\">&nbsp;</p>\r\n\r\n<p style=\"text-align: right;\"><span style=\"color:#800000;\"><strong>UN AMBULATORIO POR VENIR</strong></span></p>\r\n\r\n<p style=\"text-align: justify;\">Era una promesa vieja de diez a\u00f1os. La espera es una larga tradici\u00f3n turonesa. Con el desbloqueo pol\u00edtico y la publicaci\u00f3n en el BOPA,&nbsp; la construcci\u00f3n del nuevo ambulatorio para el Valle asoma ya. Si se cumple el plazo de 14 meses, los 2 millones permitir\u00e1n a un renovado edificio de La Salle el abrir sus puertas en 2018.&nbsp; Un consultorio de 1500 metros cuadrados digno del siglo XXI que atender\u00e1 a 3.800 vecinos y acabar\u00e1 adem\u00e1s con la lamentable situaci\u00f3n del emblem\u00e1tico y c\u00e9ntrico edificio. Atentos estaremos todos los turoneses a que el hist\u00f3rico consultorio de La Cuadriella tenga una utilidad p\u00fablica y no se convierta en una de esas ruinas habituales que pueblan nuestro valle.</p>\r\n\r\n<p style=\"text-align: justify;\"><img src=\"https://www.elvalledeturon.net/historia/turon-es-noticia/2017-julio-a-septiembre/calidad-de-vida-y-medio-ambiente-izquierda.jpg/image_preview\" title=\"CALIDAD DE VIDA y MEDIO AMBIENTE IZQUIERDA\" height=\"127\" width=\"200\" alt=\"\" class=\"image-left\" /></p>\r\n\r\n<p style=\"text-align: justify;\">&nbsp;</p>\r\n\r\n<p style=\"text-align: right;\">&nbsp;</p>\r\n\r\n<p><span style=\"color:#800000;\"><strong>DESBROZANDO CARRETERAS</strong></span></p>\r\n\r\n<p style=\"text-align: justify;\">Buena noticia tambi\u00e9n el asfaltado del tramo entre La Felguera y Lago y el desbroce de caminos y aceras invadidos por la maleza. Una decisi\u00f3n del Principado despu\u00e9s de numerosas cr\u00edticas y peticiones por parte de los colectivos del valle. Con eso acabar\u00edan las situaciones de inseguridad que conlleva esa dejadez medioambiental.</p>\r\n\r\n<p style=\"text-align: justify;\"><img src=\"https://www.elvalledeturon.net/historia/turon-es-noticia/2017-julio-a-septiembre/homenaje-derecha.jpg/image_preview\" title=\"HOMENAJE DERECHA\" height=\"132\" width=\"200\" alt=\"\" class=\"image-right\" /><br />\r\n&nbsp;</p>\r\n\r\n<p style=\"text-align: justify;\">&nbsp;</p>\r\n\r\n<p style=\"text-align: right;\"><span style=\"color:#800000;\"><strong>LOS \u00c1NGELES DE MARCO</strong></span></p>\r\n\r\n<p style=\"text-align: justify;\">Esta podr\u00eda ser una de esas noticias que nadie quiere contar. La desgracia de un joven de treinta a\u00f1os que se qued\u00f3 dormido con el port\u00e1til sobre la cama, ocasionando un incendio que calcin\u00f3 toda la habitaci\u00f3n. Pero el destino quiso que Marco Ovia\u00f1o no estuviera en su casa de Santa Marina (Tur\u00f3n, Mieres) la pasada madrugada: \"Unos amigos me dijeron de ir a tomar algo a Mieres y, aunque era entre semana, dije que s\u00ed\". Decisi\u00f3n que le salv\u00f3 la vida. Adem\u00e1s, ahora sabe que tiene \u00e1ngeles entre sus vecinos <img src=\"https://www.elvalledeturon.net/historia/turon-es-noticia/2017-julio-a-septiembre/santo-tomas.jpg/image_preview\" title=\"Santo Tom\u00e1s\" height=\"304\" width=\"450\" alt=\"\" class=\"image-left\" />(aunque s\u00f3lo lleva dos meses en el barrio): tres chicos, dos menores de edad, desafiaron al fuego y al humo negro que lo cubr\u00eda todo para buscar a Ovia\u00f1o. Izan Calleja (14 a\u00f1os), Adri\u00e1n G\u00f3mez (17 a\u00f1os) y C\u00e9sar \u00c1lvarez (32 a\u00f1os) tuvieron que ser trasladados al Hospital \u00c1lvarez Buylla por una intoxicaci\u00f3n. Los bomberos agradecieron la colaboraci\u00f3n de los tres chavales.&nbsp; Ellos son los \u00e1ngeles de Marco. Y lo m\u00e1s bonito de esta historia: los tres chavales que entraron en la casa en llamas no conoc\u00edan de nada a Marco Ovia\u00f1o&nbsp; (Extracto de&nbsp; LNE, 11 agosto 2017)</p>\r\n\r\n<p><span style=\"color:#800000;\"><strong>SANTO TOM\u00c1S, UN DEBER DE MEMORIA</strong></span></p>\r\n\r\n<p>Hacia 40 a\u00f1os que no ocurr\u00eda una cat\u00e1strofe de tanta envergadura. Veinticinco d\u00edas despu\u00e9s de los cuatro muertos de Santa B\u00e1rbara la tragedia volv\u00eda a enlutar la prensa, el valle y a las familias mineras. El lunes 14 de agosto, hace ya 50 a\u00f1os, a las ocho de la ma\u00f1ana, en la capa doce del Grupo Santo Tom\u00e1s, a un kil\u00f3metro de la entrada de la mina, el mon\u00f3xido de carbono consumi\u00f3 la vida del equipo: vigilante, picadores, barrenistas, vagoneros y ayudantes. En la lampister\u00eda el recuento de las l\u00e1mparas despachadas al primer relevo dej\u00f3 claro el drama, un tributo de once nuevas vidas. Para que la indiferencia&nbsp;&nbsp; no arrincone el triste recuerdo, Carlos Vega, m\u00e1ximo impulsor del homenaje, encabez\u00f3 el acto del 50 aniversario. Una celebraci\u00f3n sobria y sencilla record\u00f3 este funesto evento para evitar, mientras se pueda, que el olvido no desbanque a la memoria de un pueblo. Palabras de circunstancia, ofrendas florales, el descubrimiento de un panel conmemorativo, un minuto de silencio y&nbsp; la emotiva actuaci\u00f3n del coro minero. Un momento importante para estar como pueblo</p>\r\n\r\n<p style=\"text-align: justify;\">&nbsp;</p>\r\n\r\n<p style=\"text-align: justify;\"><img src=\"https://www.elvalledeturon.net/historia/turon-es-noticia/2017-julio-a-septiembre/cultura-y-festejos-izquierda.jpg/image_preview\" title=\"CULTURA Y FESTEJOS  IZQUIERDA\" height=\"116\" width=\"200\" alt=\"\" class=\"image-left\" /></p>\r\n\r\n<p style=\"text-align: right;\">&nbsp;</p>\r\n\r\n<p><span style=\"color:#800000;\"><strong>LA PELEA POR EL CRISTO DE LA...PAZ</strong></span></p>\r\n\r\n<p style=\"text-align: justify;\">Los vecinos de La Crucina reclaman la vuelta de la imagen del Cristo de la Paz trasladada a La Felguera hace dos a\u00f1os para la fiesta. Una&nbsp; ac\u00e9rrima guerra de feligres\u00edas. Los de la ermita arguyen que son ellos los que la limpian y mantienen viva la veneraci\u00f3n del Cristo y los dem\u00e1s iconos conservados. Tambi\u00e9n recuerdan &nbsp;la<img src=\"https://www.elvalledeturon.net/historia/turon-es-noticia/2017-julio-a-septiembre/la-crucina.jpg/image_preview\" title=\"La Crucina\" height=\"353\" width=\"500\" alt=\"\" class=\"image-right\" /> historia con la carta de 1858 al Obispo en la que se relata que \u00aben Sobrepuenes haya una efigie del Cristo de la Paz al que en esta parroquia hay una gran devoci\u00f3n, y que son muchos los que oran a la intemperie\u00bb. Un escrito en el que se solicita la construcci\u00f3n de una capilla para albergar al Cristo y facilitar su culto.&nbsp;&nbsp;&nbsp;&nbsp;&nbsp;&nbsp;&nbsp;&nbsp;&nbsp;&nbsp;&nbsp;&nbsp;&nbsp;&nbsp;&nbsp;&nbsp;&nbsp;&nbsp;&nbsp;&nbsp;&nbsp;&nbsp;&nbsp;&nbsp;&nbsp;&nbsp;&nbsp; Los parroquianos de la Felguera, m\u00e1s fundamentados en la costumbre que en la historia, &nbsp;avanzan que la ubicaci\u00f3n perfecta es el emblem\u00e1tico templo de San Mart\u00edn y que el traslado de la cruz, ya bastante deteriorada, puede ocasionar problemas a\u00f1adidos. Di\u00e1logo \u201cespiritual\u201d de sordos mientras no llegue la inspiraci\u00f3n.</p>\r\n\r\n<p><span style=\"color:#800000;\"><strong>EL JAZZ AL BORDE DE LA PISCINA</strong></span></p>\r\n\r\n<p style=\"text-align: justify;\">Siempre es buena se\u00f1al que un evento festivo celebre su segunda edici\u00f3n. El II Festival de Jazz de Tur\u00f3n es pues un agradable presagio para la actividad musical en nuestro valle. Un nuevo e inusitado g\u00e9nero musical invitado por Mejoras del Valle en el concurrido y popular sal\u00f3n de actos de la piscina.&nbsp;Nada m\u00e1s y nada menos que el conocido &nbsp;tr\u00edo de jazz \"Three for Three\", formado por el bajista alem\u00e1n Patric Siewert, el bater\u00eda chileno Jaime Moraga, el guitarrista turon\u00e9s Alfredo Mor\u00e1n y la cantante Elissa Ploqu\u00edn, como artista invitada.</p>\r\n\r\n<p style=\"text-align: justify;\"><img src=\"https://www.elvalledeturon.net/historia/turon-es-noticia/2017-julio-a-septiembre/patrimonio-industrial-derecha.jpg/image_preview\" title=\"PATRIMONIO INDUSTRIAL DERECHA\" height=\"113\" width=\"200\" alt=\"\" class=\"image-right\" /></p>\r\n\r\n<p style=\"text-align: justify;\">&nbsp;</p>\r\n\r\n<p style=\"text-align: justify;\">&nbsp;</p>\r\n\r\n<p style=\"text-align: right;\"><span style=\"color:#800000;\"><strong>DEL CEMENTERIO AL POZO</strong></span></p>\r\n\r\n<p style=\"text-align: justify;\">En el plan de gesti\u00f3n de sus recursos tur\u00edsticos el Ayuntamiento incorpora en las &nbsp;&nbsp;visitas guiadas recorridos explicativos por el Pozo Santa B\u00e1rbara declarado Bien de Inter\u00e9s Cultural (BIC) &nbsp;y el cementerio protestante vinculado a la antigua F\u00e1brica de Mieres, en La Rebollada y recuperado por la agrupaci\u00f3n de arqueolog\u00eda industrial de la Asociaci\u00f3n Cultural y Minera Santa B\u00e1rbara. Dos nuevos eslabones de nuestro patrimonio integrados&nbsp; a las ya tradicionales visitas del Poblado Minero de Bustiello y del Pozo Espinos.</p>\r\n\r\n<p style=\"text-align: justify;\"><img src=\"https://www.elvalledeturon.net/historia/turon-es-noticia/2017-julio-a-septiembre/septiembre.jpg/image_preview\" title=\"SEPTIEMBRE\" height=\"189\" width=\"300\" alt=\"\" class=\"image-right\" /></p>\r\n\r\n<p style=\"text-align: justify;\">&nbsp;</p>\r\n\r\n<p style=\"text-align: justify;\">&nbsp;</p>\r\n\r\n<p style=\"text-align: justify;\">&nbsp;</p>\r\n\r\n<p style=\"text-align: justify;\">&nbsp;</p>\r\n\r\n<p style=\"text-align: justify;\">&nbsp;</p>\r\n\r\n<p style=\"text-align: justify;\"><img src=\"https://www.elvalledeturon.net/historia/turon-es-noticia/2017-julio-a-septiembre/cultura-y-festejos-izquierda.jpg/image_preview\" title=\"CULTURA Y FESTEJOS  IZQUIERDA\" height=\"116\" width=\"200\" alt=\"\" class=\"image-left\" /></p>\r\n\r\n<p style=\"text-align: justify;\">&nbsp;</p>\r\n\r\n<p style=\"text-align: justify;\">&nbsp;</p>\r\n\r\n<p style=\"text-align: justify;\"><span style=\"color:#800000;\"><strong>EL CORO MINERO CANTA CON SUS AMIGOS</strong></span></p>\r\n\r\n<p style=\"text-align: justify;\">Hac\u00eda tiempo que el Coro Minero no pasaba por los estudios de grabaci\u00f3n. Veinte a\u00f1os despu\u00e9s, el concierto ofrecido en el Auditorio de la Casa de Cultura de Mieres permiti\u00f3 descubrir su nuevo disco. Un momento muy esperado por sus numerosos seguidores que adem\u00e1s de las tradicionales voces mineras pudieron disfrutar de los artistas amigos que acompa\u00f1aban a la masa coral en su presentaci\u00f3n. Compartieron escenario, como era de esperar, el gaitero Imanol y nuestra gran cantante Patricia Pariente, <img src=\"https://www.elvalledeturon.net/historia/turon-es-noticia/2017-julio-a-septiembre/coro-minero.jpg/image_preview\" title=\"Coro Minero\" height=\"333\" width=\"500\" alt=\"\" class=\"image-left\" />ambos de Tur\u00f3n,&nbsp; pero tambi\u00e9n el Coro \"San Mart\u00edn\" de Sotrondio, el \"Ochote Langreano\" &nbsp;y los cantantes \"Jandro, Cerra y Mari Carmen\". Un gran concierto y una primicia musical con los doce temas de la reciente&nbsp; grabaci\u00f3n.</p>\r\n\r\n<p style=\"text-align: justify;\">El disco, sin t\u00edtulo, es un recopilatorio de sus grandes \u00e9xitos. Han sido elegidos por votaci\u00f3n entre los integrantes de la formaci\u00f3n turonesa con 'Santa B\u00e1rbara bendita' para abrir su noveno trabajo discogr\u00e1fico y con los siempre esperados &nbsp;&nbsp;'Axunt\u00e1bense', 'Andaluces de Ja\u00e9n' o 'Mocina dame un bes\u00edn'. &nbsp;Un pre\u00e1mbulo musical para una decena de actuaciones en las pr\u00f3ximas semanas.</p>\r\n\r\n<p style=\"text-align: justify;\"><span style=\"color:#800000;\"><strong>TUR\u00d3N CON EL CRISTO</strong></span></p>\r\n\r\n<p style=\"text-align: justify;\">Hace d\u00e9cadas que nuestro valle despide el verano celebrando sus tradicionales &nbsp;fiestas del Cristo de la Paz. El esperado chupinazo lanz\u00f3 las fiestas poco antes de que el concurrido preg\u00f3n llenara una&nbsp; vez m\u00e1s el sal\u00f3n de actos del Colegio de La Salle. Despu\u00e9s de la coronaci\u00f3n de la reina y de las damas de honor, &nbsp;Luis Alberto Fern\u00e1ndez, nuestro artista m\u00e1s internacional habl\u00f3 del valle desde el recuerdo pero tambi\u00e9n con esa &nbsp;proximidad emocional que siempre arranca la adhesi\u00f3n y los aplausos. La actuaci\u00f3n brillante y jaranera de Patricia Pariente fue el broche musical de una inauguraci\u00f3n muy lograda.</p>\r\n\r\n<p style=\"text-align: justify;\">No faltaron en la carpa, instalada este a\u00f1o en el parque para reubicar el coraz\u00f3n del j\u00fabilo turon\u00e9s, los grandes momentos musicales con la orquesta Domin\u00f3, el DJ Esperteyu, \"Estampas de M\u00e9xico\" o &nbsp;\"Zona Astur\". Hubo \"bollu\", festival de tonada, gaita y &nbsp;monologuista. Pero tambi\u00e9n unos espectaculares fuegos artificiales &nbsp;y un colorido desfile de carrozas, con salida desde la localidad de Lago, &nbsp;acompa\u00f1adas por la Banda de Gaitas \"Villa de Mieres\" y Grupo de Baile \"Prau Ller\u00f3n\".</p>\r\n\r\n<p style=\"text-align: justify;\">No pod\u00edan faltar las citas deportivas con eco m\u00e1s all\u00e1 de nuestro valle:&nbsp; los encuentros de f\u00fatbol del&nbsp; \"XIII Memorial Luis Fenro\", la II Ruta Ecuestre \"Valle del Tur\u00f3n\", la apasionante carreras de cintas a caballo &nbsp;y en la cancha oficial el torneo de bolos \"Gabriel Mier Su\u00e1rez\".</p>\r\n\r\n<p style=\"text-align: justify;\">Los homenajes religiosos al Cristo fueron acompa\u00f1ados, gran novedad, por el grupo \"Estampas de M\u00e9xico\". Una misa cantada diferente e inaudita aplaudida por todos los asistentes. El programa de actos en la iglesia de La Felguera concluy\u00f3 con la celebraci\u00f3n del XXXVII Encuentro de Masas Corales.</p>\r\n\r\n<p style=\"text-align: justify;\"><span style=\"color:#800000;\"><strong>VII PREMIO DAVID VARELA PARA SANTA B\u00c1RBARA</strong></span></p>\r\n\r\n<p style=\"text-align: justify;\"><img src=\"https://www.elvalledeturon.net/historia/turon-es-noticia/2017-julio-a-septiembre/vii-premio-david-varela.jpg/image_preview\" title=\"VII Premio David Varela\" height=\"340\" width=\"500\" alt=\"\" class=\"image-right\" />El VII Premio David Varela recompens\u00f3 este a\u00f1o la extraordinaria labor llevada a cabo por La Secci\u00f3n de Arqueolog\u00eda Industrial de la Asociaci\u00f3n Santa B\u00e1rbara en nuestro municipio con un reconocimiento particular a la restauraci\u00f3n del socav\u00f3n de Santa B\u00e1rbara en la Rebaldana, el Polvor\u00edn del Grupo Espinos, la digitalizaci\u00f3n del legado del fot\u00f3grafo turon\u00e9s Mu\u00f1oz, el rescate de una nueva bocamina en el mismo Grupo del Pozo Santa B\u00e1rbara y la reciente aportaci\u00f3n a la recuperaci\u00f3n del emplazamiento conmemorativo del tr\u00e1gico accidente de Santo Tom\u00e1s. Los Atomiums fueron entregados por las autoridades presentes y el promotor del premio, &nbsp;David Varela, a cada uno de los siete componentes de la agrupaci\u00f3n &nbsp;mierense. &nbsp;</p>\r\n\r\n<p style=\"text-align: justify;\">El portal turon\u00e9s que cumple siete a\u00f1os de existencia, coincidiendo con las fiestas patronales del Cristo de Tur\u00f3n, a\u00f1adi\u00f3 18.448 nombres a su base de datos geneal\u00f3gicos. Este trabajo de investigaci\u00f3n y de compilaci\u00f3n, de m\u00e1s de 18 a\u00f1os,&nbsp; a partir de los registros civiles y religiosos iniciado por David Varela y su hijo Jorge, afincados en la conocida ciudad belga de Waterloo, ofrece pues a los aficionados a la genealog\u00eda&nbsp; m\u00e1s de 232.449 entre nacimientos, matrimonios o defunciones y abarca cuatro siglos desde 1626 hasta 1949. Una labor de consulta f\u00e1cil, para todo tipo de p\u00fablico, reconocida por Hispagen como una de las m\u00e1s importantes fuentes de informaci\u00f3n geneal\u00f3gica digitalizada de los pa\u00edses de habla hispana.</p>\r\n\r\n<p style=\"text-align: justify;\">Adem\u00e1s de la aportaci\u00f3n geneal\u00f3gica y de las secciones dedicadas a la vida sociopol\u00edtica del valle, la p\u00e1gina web, con una media 30.000 visitas mensuales y un total acumulado de 2.119.676 visitas, inaugur\u00f3 un nuevo proyecto llamado Turonpedia.</p>\r\n\r\n<p style=\"text-align: justify;\"><img src=\"https://www.elvalledeturon.net/historia/turon-es-noticia/2017-julio-a-septiembre/homenaje-derecha.jpg/image_preview\" title=\"HOMENAJE DERECHA\" height=\"132\" width=\"200\" alt=\"\" class=\"image-right\" /></p>\r\n\r\n<p style=\"text-align: justify;\">&nbsp;</p>\r\n\r\n<p style=\"text-align: right;\">&nbsp;</p>\r\n\r\n<p style=\"text-align: right;\"><span style=\"color:#800000;\"><strong>UNA BOLA DE FUEGO EN SANTO TOM\u00c1S</strong></span></p>\r\n\r\n<p style=\"text-align: right;\">&nbsp;</p>\r\n\r\n<p style=\"text-align: justify;\"><span style=\"color:#FF0000;\">( En homenaje a Valent\u00edn Su\u00e1rez publicamos el art\u00edculo \u00edntegro de La Nueva Espa\u00f1a del 24 de septiembre 2018 )</span></p>\r\n\r\n<p style=\"text-align: justify;\">\"Vi una bola grande de fuego, llam\u00e9 a mis compa\u00f1eros, pero ya no pod\u00edan contestar\"</p>\r\n\r\n<p style=\"text-align: justify;\"><strong>El accidente</strong></p>\r\n\r\n<p style=\"text-align: justify;\">Valent\u00edn Su\u00e1rez, \u00fanico superviviente del accidente que mat\u00f3 a once mineros en el pozo Santo Tom\u00e1s, fue homenajeado por el colectivo \"Santa B\u00e1rbara\"</p>\r\n\r\n<p style=\"text-align: justify;\"><img src=\"https://www.elvalledeturon.net/historia/turon-es-noticia/2017-julio-a-septiembre/valentin-con-ramo-de-flores.jpg/image_preview\" title=\"Valent\u00edn con ramo de flores\" height=\"334\" width=\"500\" alt=\"\" class=\"image-left\" />Valent\u00edn Su\u00e1rez se acerca a la bocamina del pozo Santo Tom\u00e1s (La Cuadriella, Tur\u00f3n). Lleva un ramo de flores y, con la otra mano, sostiene a su nieta Candela. Amarre al presente para no perderse en el recuerdo: hace cincuenta a\u00f1os, Valent\u00edn Su\u00e1rez volvi\u00f3 a nacer en esa mina de Tur\u00f3n. Fue el \u00fanico superviviente de la explosi\u00f3n de gris\u00fa que mat\u00f3 a sus once compa\u00f1eros. Todos los d\u00edas los recuerda. La Asociaci\u00f3n Cultural y Minera \"Santa B\u00e1rbara\" organiz\u00f3 ayer un homenaje al minero allerano, testigo de un accidente que cambi\u00f3 el sector y oblig\u00f3 a reforzar la seguridad en las minas.</p>\r\n\r\n<p style=\"text-align: justify;\">En el tajo era \"Felechosa\". Y era el \"guaje\" de todos. Hab\u00eda empezado a trabajar en enero, con 16 a\u00f1os. \"Los 17 a\u00f1os los hice en junio, dos meses antes de que marcharan\". Levanta la vista al cielo. \"Marcharon\" el 14 de agosto de 1967, al relevo de la ma\u00f1ana. Dicen los vecinos que, tras el accidente, el \"turullu\" son\u00f3 en el valle m\u00e1s fuerte que nunca. Y que repicaron las campanas de la iglesia, como un aviso de que ese d\u00eda ser\u00eda muy negro.</p>\r\n\r\n<p style=\"text-align: justify;\">Valent\u00edn Su\u00e1rez no recuerda las campanas ni el \"turullu\". S\u00ed se acuerda de que la ma\u00f1ana empez\u00f3 tranquila. \"Est\u00e1bamos todos aqu\u00ed en la lampister\u00eda. El vigilante, Tino (Celestino Gonz\u00e1lez), ten\u00eda que hacer unos recados antes de entrar en la galer\u00eda. Le dijo a Manol\u00edn 'Ponton\u00e1' (Manuel V\u00e1zquez) que fuera a por el martillo porque era picador, y a mi que buscara una pala\", explica con la voz temblorosa.</p>\r\n\r\n<p style=\"text-align: justify;\">Cumplieron, como siempre. \"\u00c9ramos un buen equipo, todos, los once. Siempre capitaneados por Tino. Ese hombre, el primer vigilante que conoc\u00ed en la mina, era un gran trabajador y un l\u00edder nato\". Poco despu\u00e9s se reunieron todos en la galer\u00eda. Manol\u00edn \"Ponton\u00e1\" se gir\u00f3 hacia \"Felechosa\" y le dijo: \"Como traes la pala, vete limpiando un poco detr\u00e1s de nosotros\". El \u00faltimo encargo de un \"\u00e1ngel de la guarda\" que le salv\u00f3 la vida. \"De repente vi una bola de fuego, les llam\u00e9 a todos pero nadie contestaba\". Las piernas empezaron a temblarle, cay\u00f3 desmayado porque se dio cuenta de que el fuego lo hab\u00eda borrado todo. Tambi\u00e9n a sus compa\u00f1eros: \"Mi intenci\u00f3n era subir hacia la galer\u00eda, quer\u00eda ver qu\u00e9 hab\u00eda pasado, pero salv\u00e9 al perder el conocimiento. Si lleg\u00f3 a entrar ah\u00ed hubiera muerto por el gas que hab\u00eda\".</p>\r\n\r\n<p style=\"text-align: justify;\">\"\u00a1Felechosa!\", \"\u00a1Manol\u00edn!\", \"\u00a1Tuiza!\". Desde el suelo escuch\u00f3 que otros compa\u00f1eros les llamaban para comprobar si estaban bien. Despert\u00f3 sin casco, sin foco, pero encontr\u00f3 la l\u00e1mpara que llevaba la mula. Arrastr\u00e1ndose casi a oscuras, con la fuerza de todo lo que a\u00fan falta por vivir a los 17 a\u00f1os, lleg\u00f3 a la galer\u00eda general.</p>\r\n\r\n<p style=\"text-align: justify;\"><strong>Larga recuperaci\u00f3n<img src=\"https://www.elvalledeturon.net/historia/turon-es-noticia/2017-julio-a-septiembre/valentin-ante-la-placa-conmemorativa.jpg/image_preview\" title=\"Valent\u00edn ante la placa conmemorativa\" height=\"348\" width=\"500\" alt=\"\" class=\"image-right\" /></strong></p>\r\n\r\n<p style=\"text-align: justify;\">All\u00ed le encontraron sus compa\u00f1eros, que todav\u00eda no sab\u00edan que era el \u00fanico superviviente. Le sacaron en camilla, le trasladaron al Hospital \u00c1lvarez Buylla. De all\u00ed al Hospital Central de Asturias y luego al Adaro de Sama. Operaciones, curas, medicinas para el dolor. La rehabilitaci\u00f3n para el cuerpo. Aquello dur\u00f3 seis meses. Las suturas en el alma tardaron en sanar, y las cicatrices a\u00fan duelen: \"Todos los 14 de agosto me pongo nervioso, me emociono. Me acuerdo de todos ellos\", dice, pasando la mano por la fotograf\u00eda de sus compa\u00f1eros.</p>\r\n\r\n<p style=\"text-align: justify;\">Son Celestino Gonz\u00e1lez, Manuel V\u00e1zquez, F\u00e9lix Gonz\u00e1lez, Rafael Alonso, Francisco Lobeto, Luis Fl\u00f3rez, Juan D\u00edaz, Jos\u00e9 Antonio L\u00f3pez, Manuel Granda, Jos\u00e9 Mart\u00ednez y Adriano Augusto Teixeiro. Para ellos, adem\u00e1s de \"Felechosa\", tambi\u00e9n era \"Valentin\u00edn\". Aquel d\u00eda en la mina, naci\u00f3 Valent\u00edn. Un chaval que, tras dos a\u00f1os de baja, empez\u00f3 a trabajar en el exterior del pozo San Jos\u00e9. El que iba a los bailes, y conoci\u00f3 a Isabel V\u00e1zquez. El que se cas\u00f3 y tuvo un hijo, tambi\u00e9n Valent\u00edn de nombre.</p>\r\n\r\n<p style=\"text-align: justify;\">Ellos estaban ayer entre el p\u00fablico, junto al resto de su familia. Al terminar el homenaje, Valent\u00edn Su\u00e1rez quiso hacerse una foto con todos los asistentes. Mir\u00f3 al cielo, y luego a los que ten\u00eda al lado. Como el que repasa una historia de \"Elige tu propia aventura\", las novelas juveniles en las que el lector escoge entre dos tramas posibles. Para Valent\u00edn Su\u00e1rez, el destino eligi\u00f3 el mejor gui\u00f3n posible.</p>\r\n\r\n<p style=\"text-align: justify;\">&nbsp;</p>\r\n\r\n<p style=\"text-align: justify;\"><em><strong>\u00a9 Jorge Varela para&nbsp; www.elvalledeturon.net&nbsp; Mayo&nbsp;2018</strong></em></p>\r\n", "author_name": "", "version": "1.0", "author_url": "https://www.elvalledeturon.net/author/jorgevarela", "provider_name": "El valle de Turon", "type": "rich"}