{"provider_url": "https://www.elvalledeturon.net", "title": "Nueva etapa para SO.TU.FE.", "html": "<h2>La Rebaldana y Santa B\u00e1rbara<img src=\"https://www.elvalledeturon.net/ocio/entrevista/el-optimismo-de-coble/santa-barbara.jpg/image_large\" title=\"Santa B\u00e1rbara.jpg\" height=\"445\" width=\"580\" alt=\"Santa B\u00e1rbara.jpg\" class=\"image-right\" /></h2>\r\n\r\n<div style=\"text-align: justify;\"><br />\r\nMi infancia transcurri\u00f3 a la sombra del pozo Santa B\u00e1rbara que muchos llaman el pozo la Rebaldana. Viv\u00ed en las casas de la izquierda, en el portal que estaba despu\u00e9s del segundo bar que ya no existe. Obviamente, como tantas cosas y sitios del valle&nbsp;todo eso ha cambiado. Han tirado muchas casas y seguramente con raz\u00f3n pero todos mis recuerdos est\u00e1n ligados al lugar. Nuestro bloque estaba enfrente del puesto de Mar\u00eda Alejandro. \u00a1Cu\u00e1ntas an\u00e9cdotas! Aunque no subo mucho por el pueblo mis recuerdos son de aquella \u00e9poca en que el pozo funcionaba a tope y aquellos d\u00edas de paga en que se llenaba toda la plazoleta de mercaderes, las aceras de gente, de mineros, con aquel vaiv\u00e9n de los relevos. No es nostalgia porque eran tiempos duros pero esas primeras p\u00e1ginas de la vida siempre quedan bien marcadas en la memoria. Hoy el panorama que queda es bastante desolador, casi no me lo puedo imaginar, sobre todo la otra cara, la de atr\u00e1s, la que uno ve desde el camino de la v\u00eda, al otro lado del r\u00edo \u2026 cuatro casas en ruina, un mal sue\u00f1o.<br />\r\n<img src=\"https://www.elvalledeturon.net/ocio/entrevista/el-optimismo-de-coble/pequenin-en-la-rebaldana.jpg/image_large\" title=\"Peque\u00f1\u00edn en La  Rebaldana.jpg\" height=\"513\" width=\"350\" alt=\"Peque\u00f1\u00edn en La  Rebaldana.jpg\" class=\"image-left\" /><br />\r\nYo nac\u00ed en 1957 en la Rebaldana de Arriba, de padres turoneses, Juan y Aquilina, y abuelos paternos andaluces de And\u00fajar y de Linares, Paula y Celedonio, que viv\u00edan en San Andr\u00e9s en unas casas cerca del Trabancu donde se iba a ba\u00f1ar toda la juventud del pueblo. Soy el mediano de los hermanos y sigo teniendo amigos de aquella \u00e9poca \u201cdorada\u201d de la infancia en mi barrio, por ejemplo con Antonio M\u00f3nico, m\u00e9dico especialista en acupuntura, con el que comparto un espacio de veinte minutos en radio Parpayuela.<br />\r\n<br />\r\nLa Rebaldana en pleno auge ten\u00eda entre 800 y 1000 trabajadores, dos bares funcionando a tope y los autobuses llenos. El d\u00eda de los cobros en la ventanilla y las compras en la plazoleta, era como un d\u00eda de fiesta. Entre los recuerdos m\u00e1s antiguos que tengo est\u00e1 el de una familia que viv\u00eda en el mismo portal que nosotros, en el piso de arriba, y que estuvieron en B\u00e9lgica\u2026Pep\u00edn el hermano de Ton\u00edn el taxista, sobrino de Fernando, que tuvo precisamente un accidente en un brazo en B\u00e9lgica en una f\u00e1brica metal\u00fargica. Pero tambi\u00e9n me vienen a la mente, con agrado, aquellos domingos cogiendo el tren hasta San Esteban de Pravia. Era nuestra odisea a la playa. Y&nbsp;esas im\u00e1genes de aquel bar m\u00e1s arriba de mi casa con unos impresionantes pellejos de vino, el Bar de Visita. Y la antigua iglesia de San Andr\u00e9s y el cine los domingos. Algo as\u00ed como club juvenil que adem\u00e1s pasaba las tardes jugando al f\u00fatbol delante de la escuela.</div>\r\n\r\n<h2>De la escuela a la Panader\u00eda Serrano</h2>\r\n\r\n<div style=\"text-align: justify;\"><br />\r\nMis relatos escolares empiezan cuando ten\u00eda tres a\u00f1os, con Rosita. Luego con Tere que creo era de Espinos o de Repedroso. M\u00e1s tarde pas\u00e9 a Mieres y a los diez para el Instituto. Yo tambi\u00e9n tuve mis clases, como muchos, con el hermano Pablo. Mi padre estaba jubilado de la mina y mi casa era la t\u00edpica casa de la empresa en la que viv\u00edan varias familias, mis padres y nosotros, una t\u00eda m\u00eda con una hija, mi abuela y hasta lleg\u00f3 a vivir otra t\u00eda que ten\u00eda seis hijos. Eran tiempos complicados. Poco a<img src=\"https://www.elvalledeturon.net/ocio/entrevista/el-optimismo-de-coble/en-la-panaderia-serrano.jpg/image_large\" title=\"En la panader\u00eda Serrano.jpg\" height=\"651\" width=\"450\" alt=\"En la panader\u00eda Serrano.jpg\" class=\"image-right\" /> poco la casa se fue vaciando y quedamos pocos. Mi padre, ya jubilado, cobraba los recibos de Santa Luc\u00eda y repart\u00eda la revista Hulla con mi ayuda. Mis padres quedaron un tiempo all\u00ed pero con la edad y sus problemas ya bajaron \u201cpara Tur\u00f3n\u201d. Mi padre falleci\u00f3 hace dos a\u00f1os y mi madre sigue aqu\u00ed con mi hermano peque\u00f1o. Recuerdos que los a\u00f1os han hecho felices.&nbsp;Un salto grande en el tiempo y a los 20 reci\u00e9n cumplidos me cas\u00e9 y ya me fui de La Rebaldana. Cumpl\u00ed los a\u00f1os en mayo, me cas\u00e9 en junio y bajamos \u201cpara Tur\u00f3n\u201d.<br />\r\n<br />\r\nAunque sab\u00eda que la mina no era lo m\u00edo, como seguramente lo de ninguno, trabaj\u00e9 en Santa B\u00e1rbara del 79 al 84. Esa vida se escoge por obligaci\u00f3n, cuando no hay alternativa. Estoy convencido que el vivir enfrente del pozo y su tragedia me marc\u00f3 much\u00edsimo. Viv\u00ed momentos complicados con aquella sirena que sonaba a tragedia, Ve\u00edas mucho dolor. De hecho, como tantas familias turonesas, tengo un familiar muerto en la mina, mi t\u00edo Tino Prada de Villafr\u00eda. Siempre me dije que cualquier trabajo antes que entrar en la mina: Pero como suele pasar, por mala cabeza como digo, porque me gustaban otras cosas, abandon\u00e9 los estudios. Pas\u00e9 por la panader\u00eda Serrano que parec\u00eda ser el paso obligado para todos los que en el barrio dej\u00e1bamos los estudios. La panader\u00eda de Enrique Serrano, \u00a1 qu\u00e9 recuerdo \u00a1 Despu\u00e9s fui a la mili estando casado, me toc\u00f3 la marina donde estuve solamente nueve meses, la mitad del plazo obligatorio, porque tuvimos una hija. A la vuelta ya no exist\u00eda la panader\u00eda, y aparcando ilusiones porque hab\u00eda que enfrentarse con la vida, asumir el papel de padre entr\u00e9 en Hunosa.</div>\r\n\r\n<h2><br />\r\nSe abre una ventana</h2>\r\n\r\n<div style=\"text-align: justify;\"><br />\r\nEn seguida me di cuenta que aquello no era para m\u00ed y que ten\u00eda que encontrar otra salida m\u00e1s satisfactoria. Eso me dio \u00e1nimo&nbsp;para retomar los estudios en un intento que encontrar algo mejor, salir de all\u00ed lo m\u00e1s r\u00e1pido posible. A los cinco a\u00f1os salieron las plazas del economato del super, me <img src=\"https://www.elvalledeturon.net/ocio/entrevista/el-optimismo-de-coble/vistalegre.jpg/image_large\" title=\"Vistalegre.jpg\" height=\"419\" width=\"550\" alt=\"Vistalegre.jpg\" class=\"image-left\" />present\u00e9 y aprob\u00e9. Esa fue mi gran suerte. Se me abr\u00edan las ventanas. Era algo tan importante para m\u00ed que no ve\u00eda nada m\u00e1s que la oscuridad de la mina. Ese cambio fue total, una nueva respiraci\u00f3n, una vida totalmente diferente. Aunque me relaj\u00e9 un poco segu\u00ed estudiando, hice maestr\u00eda, el modulo superior administrativo y haciendo eso me surgi\u00f3 la posibilidad de hacer otras pruebas para las oficinas. Estuve diez a\u00f1os en La Cuadriella y despu\u00e9s tuve otra oportunidad de ir a las oficinas centrales de Oviedo, en la avenida de Galicia, hasta mi prejubilaci\u00f3n.<br />\r\n<br />\r\nDesde Les Viesques, de donde es mi mujer, donde estuvimos unos diez a quince a\u00f1os, y ahora en Vistalegre en el edificio nuevo de la antigua pasteler\u00eda, foto Mu\u00f1iz , la bolera, etc\u2026 donde llevamos 20 a\u00f1os he sido testigo de la evoluci\u00f3n de Tur\u00f3n, bueno m\u00e1s bien del declive de nuestra miner\u00eda. Aquel Tur\u00f3n que quiz\u00e1s sea ya un t\u00f3pico pero que era la realidad de un pueblo que contaba mucho, much\u00edsimo en el municipio hoy ha perdido su protagonismo hist\u00f3rico. Muchos recuerdan las fiestas repletas de gente, los atascos entre semana, con los coches, la salida de los relevos y los autobuses con nostalgia. Eso es el pasado, irrecuperable seguramente, pero protagonismo y dinamismo van ligados.</div>\r\n\r\n<h2>La actividad perdida</h2>\r\n\r\n<div style=\"text-align: justify;\"><br />\r\nHoy hay m\u00e1s calidad de vida, el pueblo est\u00e1 m\u00e1s limpio, m\u00e1s tranquilo s\u00ed pero \u2026 el precio que pagamos fue muy alto: Fue una sangr\u00eda continua de poblaci\u00f3n que hace que <img src=\"https://www.elvalledeturon.net/ocio/entrevista/el-optimismo-de-coble/1mejoras.jpg/image_large\" title=\"Mejoras.jpg\" height=\"550\" width=\"420\" alt=\"Mejoras.jpg\" class=\"image-right\" />aquellos 25.000&nbsp;habitantes parezcan algo casi incre\u00edble para las generaciones actuales o para cualquier visitante que no conozca la historia del valle, de su miner\u00eda, sus cines y dem\u00e1s actividades. La presencia permanente de las actividades turonesas en varias p\u00e1ginas en aquel peri\u00f3dico mierense, de los a\u00f1os sesenta, Comarca da fe de la actividad febril del pueblo. La di\u00e1spora turonesa est\u00e1 esparcida por toda Asturias, Espa\u00f1a y el mundo\u2026. Como se suele decir \u201cpegas una patada y te encuentras con alguien de Tur\u00f3n\u201d, en cualquier sitio hay un turon\u00e9s.<br />\r\n<br />\r\nEst\u00e1 claro que el Tur\u00f3n actual no se parece en nada al de hace quince a\u00f1os, pero tenemos un fuerte sentimiento de lucha, quiz\u00e1s por los propios golpes recibidos durante tantos a\u00f1os, por la dureza de la vida minera que forma a un pueblo y a su gente. Nos est\u00e1n dando por todos los sitios o mejor dicho de Tur\u00f3n no se preocupa nadie porque ya no tenemos la fuerza demogr\u00e1fica que era todo un poder. El forastero lo ve todo muy limpio, tranquilo pero esto es un silencio que nada tiene que ver con aquella actividad de anta\u00f1o, cines, bailes, comercios y un largo etc\u00e9tera. S\u00e9 que eso se dice muy a menudo pero es que el contraste es tan grande. Mucha gente se fue y seguramente la juventud tendr\u00e1 que ir all\u00e1 \u201cdonde le salga algo\u201d. Lo de ciudad dormitorio se aplica bastante bien. Hoy queda gente mayor, jubilados, prejubilados y, con el atractivo exterior, los fines de semana pueden parecer desoladores. Tengo sin embargo cierto optimismo porque los que quedamos creo que tenemos ese sentimiento de turon\u00e9s tan fuerte que no nos rendimos. Nos resistimos a marchar y adem\u00e1s tenemos un movimiento asociativo en el valle muy fuerte: Mejoras del Valle, la Plataforma juvenil, Amas de Casa y tantas m\u00e1s. S\u00e9 hubo momentos m\u00e1s activos, el boom yo dir\u00eda de estas asociaciones, con l\u00edderes carism\u00e1ticos como Pablo Prieto en la Plataforma, pero ahora est\u00e1n haciendo una labor important\u00edsima con pocos medio. La menguada subvenci\u00f3n del Principado no merma el gran trabajo que est\u00e1n haciendo, El tejido asociativo se mueve de verdad. SO.TU.FE. que est\u00e1 un poco deca\u00edda, conf\u00edo en que se pueda dar un buen empuje a su actividad. B\u00e1sicamente, nosotros, vivimos de las cuotas de los socios. En la situaci\u00f3n en la que estamos, no se les puede pedir mucho a los hosteleros y la subvenci\u00f3n es escasa. Habr\u00e1 que recurrir a la imaginaci\u00f3n, hacer actos, dinamizar para sacar recursos. La situaci\u00f3n es complicada pero lo es para todos.</div>\r\n\r\n<h2><br />\r\nUn optimismo necesario</h2>\r\n\r\n<div style=\"text-align: justify;\"><br />\r\n<img src=\"https://www.elvalledeturon.net/ocio/entrevista/el-optimismo-de-coble/programas.jpg/image_large\" title=\"Programas.jpg\" height=\"395\" width=\"550\" alt=\"Programas.jpg\" class=\"image-left\" />Yo tomo las riendas en situaci\u00f3n l\u00edmite. Pero soy optimista. Siempre digo que hay dos tipos de personas, los que pasan de todo y los que se meten en todo lo que se pueden meter: De los primeros no sacas nada y con los segundos est\u00e1 complicado porque ya est\u00e1n en otros proyectos. S\u00e9 que hay mucha gente que podr\u00eda echar una mano pero ya est\u00e1n implicados en la Plataforma, en Mejoras\u2026 con lo cual no puedes debilitar una asociaci\u00f3n para reforzar otra corriendo el riesgo de debilitar las dos. Mucha gente, por solidaridad, es socio de varios colectivos. Pero el paso del compromiso activo no lo dan f\u00e1cilmente. Con tanta gente joven prejubilada es una l\u00e1stima que no haya m\u00e1s implicaci\u00f3n. Pero es lo que tenemos y quiero imaginar una situaci\u00f3n mejor. Quiz\u00e1s sea una falta de inter\u00e9s. Apoyo moral s\u00ed que lo tenemos. La gente anima pero no se quiere implicar. Tenemos que partir de esa realidad y avanzar decididos.&nbsp;<br />\r\n<br />\r\nDe momento el reto este a\u00f1o es muy inmediato: sacar las fiestas adelante. M\u00e1s all\u00e1 est\u00e1n las jornadas del pote, la Cabalgata de Reyes, el carnaval y el mercado del mes de mayo. Pero a estas alturas ya tendr\u00edamos que tener la mayor parte del contenido de los eventos de septiembre resuelto. Es importante que tengamos unas fiestas del Cristo dignas, que los cr\u00edos tengan sus atracciones, que haya preg\u00f3n, carrozas, verbena\u2026lo cl\u00e1sico. Los proyectos novedosos habr\u00e1 que pensarlos para m\u00e1s tarde. Ahora urgen las fiestas que ya son en poco m\u00e1s de dos meses.<br />\r\n<br />\r\nEn el futuro seguramente habr\u00eda que reflexionar sobre el contenido de las fiestas. Se viene celebrando un esquema festivo que quiz\u00e1s habr\u00eda que repensar. Los tiempos han cambiado, habr\u00e1 que reconsiderar la estructura, la forma. Diversificar m\u00e1s, aprovechar el sal\u00f3n del colegio con algo de teatro por ejemplo, salir de ese esquema que ya ha cumplido con su funci\u00f3n. Bueno esta es mi reflexi\u00f3n pero todo ser\u00e1 una labor de equipo. Conservando el hilo conductor de una tradici\u00f3n que re\u00fane al pueblo hay que encarar el futuro de estas celebraciones sin prejuicios, desarrollar m\u00e1s a\u00fan alguna actividad que funciona bien, las masas corales, etc\u2026</div>\r\n\r\n<h2><img src=\"https://www.elvalledeturon.net/ocio/entrevista/el-optimismo-de-coble/el-cristo-ayer-y-hoy.jpg/image_large\" title=\"El Cristo ayer y hoy.jpg\" height=\"340\" width=\"650\" alt=\"El Cristo ayer y hoy.jpg\" class=\"image-right\" /><br />\r\nLos turoneses de afuera</h2>\r\n\r\n<div style=\"text-align: justify;\"><br />\r\nLa comida de turoneses sobre todo los que est\u00e1n fuera es una muy buena idea. Ver reunida a toda ese gente que reanuda su contacto con el pueblo. Es imprescindible hacer una campa\u00f1a de socios y llegar, de alguna manera, a los que est\u00e1n fuera. Las redes sociales y vuestra p\u00e1gina turonesa en particular pueden ser una de las claves. Tenemos que sensibilizar y tocar la fibra sensible de todos los que est\u00e1n fuera, mandar el programa, etc\u2026 Estoy convencido de que la participaci\u00f3n de los turoneses del \u201cexterior\u201d es fundamental. Tienen que sentirse conectados con el valle porque s\u00e9 que ese sentimiento de pertenencia es muy fuerte para ellos.<br />\r\n<br />\r\nEl proyecto 2013 est\u00e1 avanzando, las cuotas y ayudas por un lado y toda la infraestructura que pone el Ayuntamiento (carpa, luz, etc\u2026) hacen que las fiestas sean posibles. La innovaci\u00f3n vendr\u00e1 gradualmente, respetando las sensibilidades y las expectativas.<br />\r\nAunque los golpes hayan dejado huella, no se puede perder la esperanza en el futuro. Hay que venir a Tur\u00f3n porque vale la pena, as\u00ed de sencillo. Este es un pueblo enraizado y luchador, que atrae por su paisaje y paisanaje. No somos los \u00fanicos pero nuestro sentimiento es fuerte y nuestra memoria colectiva importante. Tur\u00f3n merece la pena.<br />\r\n<br />\r\n<br />\r\n<em><strong>Entrevista realizada por Jorge Varela para www.elvalledeturon.net, Tur\u00f3n, junio de 2013</strong></em></div>\r\n", "author_name": "", "version": "1.0", "author_url": "https://www.elvalledeturon.net/author/jorgevarela", "provider_name": "El valle de Turon", "type": "rich"}