{"provider_url": "https://www.elvalledeturon.net", "title": "Miguel el del Mes\u00f3n", "html": "<h2>Navarra, Suiza y Tur\u00f3n</h2>\r\n\r\n<div style=\"text-align: justify\"><br />\r\nSoy navarro y aunque nac\u00ed en Pamplona soy de un pueblo, a 60 km, en el valle de A\u00e9zcoa al que mis padres, nativos de<img src=\"https://www.elvalledeturon.net/ocio/entrevista/miguel-el-del-meson/vista-de-garralda.jpg/image_large\" title=\"Vista de Garralda.jpg\" height=\"344\" width=\"500\" alt=\"Vista de Garralda.jpg\" class=\"image-right\" /> Estella, fueron a vivir, un paraje sosegado y verde cerca de Roncesvalles, en los Pirineos al lado de Francia. Las monta\u00f1as, la tranquilidad\u2026 Por las casualidades de la vida, fui varando de un lado para otro, para recalar en Suiza, en Basilea, donde estuve seis a\u00f1os. Lo m\u00edo era en plan aventura, pero all\u00ed fue donde conoc\u00ed a mi mujer, Gloria, oriunda de Tur\u00f3n, y all\u00ed tambi\u00e9n donde naci\u00f3 nuestra hija Itxaso hace casi 37 a\u00f1os, en enero de 1976. Trabaj\u00e9 con anterioridad dos a\u00f1os en Francia pero fue en Suiza donde me integr\u00e9 estupendamente. Estaba encantado en ese pa\u00eds tranquilo. Mi mujer se fue del pueblo con aquella ola de finales de los sesenta. C\u00f3mo imaginar pues que un d\u00eda recalar\u00eda, para este largo periodo que me lleva a la jubilaci\u00f3n, aqu\u00ed en Tur\u00f3n donde llevo treinta y cinco a\u00f1os. Mucho tiempo, para asentar mi vida sin olvidar mis ra\u00edces. Pero las circunstancias deciden por ti, o te animan a tomar decisiones nuevas con las que no hab\u00edas contado. As\u00ed fue que un poco empujados por la morri\u00f1a de la tierra vinimos a visitar a mis suegros para que conocieran a su nieta de diez meses y as\u00ed, sin m\u00e1s, empec\u00e9 a barajar la posibilidad de quedarme en el valle. Me ofrecieron coger este local en 1977.<br />\r\n<br />\r\nEsto a\u00fan ofrec\u00eda buenas posibilidades de hacer negocio y de vivir de \u00e9l, aunque se empezaban a notar detalles de decadencia industrial. Ya se hab\u00edan cerrado varios grupos peque\u00f1os y algunos negocios hist\u00f3ricos empezaban a cerrar sus puertas. Recuerdo perfectamente que justo a los quince d\u00edas de instalados aqu\u00ed se celebr\u00f3 el \u00faltimo cotill\u00f3n en la emblem\u00e1tica pista la Cubana, la famosa Pista Mar\u00eda Luisa. Llegu\u00e9 el quince de diciembre de 1977 y ese treinta y uno dediciembre fue el \u00faltimo cotill\u00f3n. Hoy echando la vista atr\u00e1s era ya como algo premonitorio, aunque tambi\u00e9n correspond\u00eda a un cambio de sociedad.</div>\r\n\r\n<h2>El \u00faltimo cotill\u00f3n</h2>\r\n\r\n<div style=\"text-align: justify\"><br />\r\n<img src=\"https://www.elvalledeturon.net/ocio/entrevista/miguel-el-del-meson/pista-la-cubana.jpg/image_large\" title=\"Pista la Cubana.jpg\" height=\"354\" width=\"550\" alt=\"Pista la Cubana.jpg\" class=\"image-left\" />\u00a1El cotill\u00f3n! El primero y el \u00faltimo. Aqu\u00e9lla todav\u00eda fue una Nochevieja impresionante. La pista abarrotada y su cotill\u00f3n estimulaba y mov\u00eda a los dem\u00e1s negocios. Hab\u00eda gente de aqu\u00ed y de fuera. Era una interminable animaci\u00f3n, antes, durante y despu\u00e9s del cotill\u00f3n\u2026 aquella tradici\u00f3n del chocolate, la sopa de ajo \u2026 Seguimos abriendo esas Nocheviejas pero los resultados ya no son para nada comparables. Reconozco que lo de las pistas era el final de una \u00e9poca. Se hab\u00eda abierto un poco antes de mi negocio una discoteca, El River, en el a\u00f1o 70 creo. Las famosa pistas, de las que Tur\u00f3n tuvo bastantes por todo el valle, ya tocaban el fin. Era el fin de una manera de divertirse. Con las discotecas de inauguraba un nuevo tipo de diversi\u00f3n, menos costoso, sin orquestas, porque ahora tocaba el disco. El River tuvo d\u00e9cadas boyantes, tuvo su movida, algo que correspond\u00eda mejor a la nueva juventud, pero inexorablemente tambi\u00e9n fue apuntando el final. Cerr\u00f3 sus puertas hace cinco a\u00f1os, como la pista varias d\u00e9cadas antes, el d\u00eda de Nochevieja. Algo simb\u00f3lico quiz\u00e1s. El mundo cambi\u00f3 tan r\u00e1pidamente. Aqu\u00ed en Tur\u00f3n lo vivimos en directo.<br />\r\n<br />\r\nCuando yo llegu\u00e9, lo que mejor funcionaba era la zona de Urbi\u00e9s, casa Nando, en pleno apogeo, se abri\u00f3 Casa Migio elmismo a\u00f1o. Hoy con su mujer e hijo al frente del negocio, sigue siendo un punto de referencia de la hosteler\u00eda y de la gastronom\u00eda del valle. Seguramente casa Nando y casa Migio sean hoy lo que mejor sigue funcionando en el valle y, sobre todo, con gran capacidad de espacio.<br />\r\n<br />\r\nEn aquellos tiempos, la carencia que ten\u00eda Tur\u00f3n en hosteler\u00eda especialmente en gastronom\u00eda era obvia. No hab\u00eda pr\u00e1cticamente nada. Los que llevaban la emblem\u00e1tica casa Blanca se jubilaron y pens\u00e9 que era el momento de coger este local. Me hubiera gustado hacer un restaurante aqu\u00ed en el piso de arriba que qued\u00f3 libre pero mi mujer no quiso y no se lo puedo reprochar. Pero igual no fui suficientemente valiente. Gloria es una cocinera excelente, de las mejores<img src=\"https://www.elvalledeturon.net/ocio/entrevista/miguel-el-del-meson/miguel-antigua.jpg/image_large\" title=\"Miguel antigua.jpg\" height=\"677\" width=\"500\" alt=\"Miguel antigua.jpg\" class=\"image-right\" />&nbsp;que conozco. Adem\u00e1s de encantarle cocinar, se esmera much\u00edsimo en la preparaci\u00f3n, pero, si puede, evita el agobio de hacer algo para fuera. Lo hacemos una vez al a\u00f1o cuando las jornadas gastron\u00f3micas por Santa B\u00e1rbara. Participamos activamente en esas jornadas del pote inauguradas en 1991. Proponemos un sabroso men\u00fa \u00fanico con el que la gente se queda encantada. Ya tenemos los habituados, que repiten desde hace 21 a\u00f1os. Eso dice mucho de la calidad de las preparaciones de mi esposa. Pero una vez por a\u00f1o le es llevadero, m\u00e1s no. Hubiera sido bonito hacerlo ya que aqu\u00ed hay muchos sitios para beber pero pocos que ofrezcan comida. Pichi es el que ofrece algo familiar, bueno y que cumple un poco esa funci\u00f3n. Pero eso ya es el pasado, hoy aspiro a jubilarme, a disfrutar junto con Gloria de nuestros hijos y nieto, de viajes al pueblo\u2026 de tranquilidad. Este negocio ha sido una exigencia diaria, alternando por turnos con mi mujer y trabajando veinte horas diarias entre los dos. Abrir de las siete hasta las cuatro o las cinco de la ma\u00f1ana era normal. Hab\u00eda poblaci\u00f3n y gente a todas las horas. Nuestra prioridad fue el negocio, lo que nos sujet\u00f3 much\u00edsimo.<br />\r\n&nbsp;</div>\r\n\r\n<h2>Ver, o\u00edr y callar</h2>\r\n\r\n<div style=\"text-align: justify\"><br />\r\nEn este negocio hay que tener paciencia, responsabilidad, no mirar el horario, cerrar cuando el tiempo te lo permite y ver, o\u00edr y callar. No nos fue mal porque cogimos unos a\u00f1os buenos en los que pudimos asegurar un poco nuestra vejez, pero la dedicaci\u00f3n a esto fue tremenda con la particularidad que a m\u00ed me gustaba, a mi mujer mucho menos\u2026pero era la \u00fanica manera para que yo me quedara por aqu\u00ed.<br />\r\n<br />\r\nAunque no conoc\u00eda el valle, s\u00ed que sab\u00eda lo que era la hosteler\u00eda, un mundo que siempre me gust\u00f3. Hubiera querido hacer algo m\u00e1s, un restaurante. \u00c9se era mi proyecto inicial. Pero me acomod\u00e9 y al final de esta aventura, terminamos como empezamos. Empezamos juntos mi se\u00f1ora y yo y terminamos los dos. Satisfechos con lo que hemos hecho pero encantados de llegar a ese final de la vida laboral. Mi hija ya se situ\u00f3, como se suele decir. Acab\u00f3 los estudios de geolog\u00eda en la Universidad de Oviedo, fue becaria en Extremadura y despu\u00e9s de haber estado por Madrid y Galicia se asent\u00f3 definitivamente junto a su compa\u00f1ero en la capital de Espa\u00f1a, ambos trabajan en la misma empresa y acaban de hacernos a\u00fan m\u00e1s felices con el nacimiento de un nieto.<br />\r\n<br />\r\n<img src=\"https://www.elvalledeturon.net/ocio/entrevista/miguel-el-del-meson/avelino-echando-sidra-en-casa-blanca.jpg/image_large\" title=\"Avelino echando sidra en Casa Blanca.jpg\" height=\"400\" width=\"550\" alt=\"Avelino echando sidra en Casa Blanca.jpg\" class=\"image-left\" />Miguel, nuestro hijo, que sufre s\u00edndrome de Down, es un hombre jovial y muy popular en Tur\u00f3n. Tiene su vida laboral en Oviedo, una actividad de media jornada y cierta independencia. Llegados a esta etapa de la vida, uno siempre piensa que podr\u00eda haber hecho quiz\u00e1s un poco m\u00e1s por \u00e9l, pero no se puede volver atr\u00e1s. Afortunadamente, \u00e9l naci\u00f3 en una \u00e9poca buena, en la que se estaba empezando a romper una serie de barreras. Hab\u00eda apoyo de las asociaciones que se formaron en aquel momento y hubo posibilidades de darle un trabajo. Hoy tiene su autonom\u00eda, pero hay que ser realistas no al cien por cien como para dejarle solo.<br />\r\n<br />\r\nCon el negocio pues estamos en la recta final. Nos quedan siete meses. Gloria y yo nos jubilamos juntos poniendo as\u00ed fin a nuestra vida laboral. Tenemos mucha ilusi\u00f3n por la jubilaci\u00f3n pero sabemos que son malos momentos a la hora de poder traspasar el negocio. Hay poco inter\u00e9s por coger esto pero se entiende perfectamente porque no son tiempos muy halag\u00fce\u00f1os y las perspectivas futuras tampoco son muy positivas. Es obvio que esto est\u00e1 muy dif\u00edcil.<br />\r\nNosotros seguiremos viviendo aqu\u00ed, mi mujer es de aqu\u00ed, mi hijo naci\u00f3 aqu\u00ed y es aqu\u00ed donde se siente bien. Le encanta viajar, ir a mi pueblo, pero dice que \u201cde vacaciones siempre pero para vivir nunca\u201d. \u00a1L\u00f3gico! Miguel tiene su mundillo aqu\u00ed, un mundo que le quiere y que le aprecia. Y eso es fundamental en la vida.</div>\r\n\r\n<h2>Echando la vista atr\u00e1s</h2>\r\n\r\n<div style=\"text-align: justify\"><br />\r\nHoy cuando miro atr\u00e1s veo la pel\u00edcula del valle, el sentir de su gente, su evoluci\u00f3n, el declive. No se apost\u00f3 por Tur\u00f3n lo que hab\u00eda que haber apostado. No hubo reconversi\u00f3n. Y eso es un drama que se ve\u00eda venir. Yo notaba de manera concreta que el mundo de la miner\u00eda tocaba su fin, tanto aqu\u00ed como en el resto de Europa. Pero es verdad que en Europa se apost\u00f3 principalmente por la reconversi\u00f3n mientras que aqu\u00ed se apost\u00f3 por la inmediatez de las prejubilaciones. Se propon\u00eda una situaci\u00f3n muy c\u00f3moda pero con ninguna previsi\u00f3n futura. Una comodidad inmediata, f\u00e1cil. A una edad a\u00fan temprana, cuarenta o cuarenta y dos a\u00f1os, quedar con una n\u00f3mina al cien por cien\u2026 \u00a1una bicoca!<img src=\"https://www.elvalledeturon.net/ocio/entrevista/miguel-el-del-meson/rivers.jpg\" title=\"River's.jpg\" height=\"216\" width=\"550\" alt=\"River\u2019s.jpg\" class=\"image-right\" /> As\u00ed quedamos como quedamos en el valle, una situaci\u00f3n ca\u00f3tica. Lo poco de empresa que se organiz\u00f3 en La Cuadriella, en parte a base de subvenci\u00f3n, desemboc\u00f3 en esta situaci\u00f3n de desolaci\u00f3n en la que qued\u00f3 todo esto.<br />\r\n<br />\r\nCreo que la apuesta fue mala o insuficiente por parte de los pol\u00edticos y de los sindicatos. Quiz\u00e1s fuese algo dif\u00edcil, bien me s\u00e9 y vi la reticencia de los mineros a la reconversi\u00f3n, convencidos que estaban de que no pod\u00edan hacer otra cosa fuera de la miner\u00eda. La reconversi\u00f3n siempre es posible pero la din\u00e1mica y la visi\u00f3n a largo plazo tienen que venir de arriba. En Pamplona concretamente, un contexto que conozco bien, hab\u00eda minas de potasa. Los mineros tuvieron sus conflictos pero al final, llegado el momento, se hizo la factor\u00eda de Volkswagen y se colocaron todos en ella. Seguramente no se podr\u00eda haber hecho aqu\u00ed lo que se hizo all\u00ed pero habr\u00eda otros proyectos posibles supongo. Es mi humilde opini\u00f3n y hoy sigo creyendo que el fracaso es la ausencia de proyecto de reconversi\u00f3n. Se mantuvo la miner\u00eda con subvenciones hasta donde se pudo, en un clima social tranquilo s\u00ed, pero sin ver m\u00e1s all\u00e1, sin entrever el nuevo Tur\u00f3n una vez terminada su etapa minera. La subvenci\u00f3n, aunque suene mal, compr\u00f3 la paz social, el silencio, pero el valle est\u00e1 sumido en su propio silencio. Falt\u00f3 dram\u00e1ticamente una visi\u00f3n a largo plazo.<br />\r\n<br />\r\nEsas n\u00f3minas aseguradas hasta la jubilaci\u00f3n traen comodidad pero no garantizan de ninguna manera un futuro para el valle, un futuro para los hijos. Debo a\u00f1adir que adem\u00e1s, con las subvenciones de salida, algunos se fueron a casa con el promedio que ten\u00edan 600.000 pesetas, los m\u00e1s j\u00f3venes se marcharon de aqu\u00ed, se compraron una casa, lo que <img src=\"https://www.elvalledeturon.net/ocio/entrevista/miguel-el-del-meson/exterior-el-meson.jpg/image_large\" title=\"Exterior el Mes\u00f3n.jpg\" height=\"412\" width=\"550\" alt=\"Exterior el Mes\u00f3n.jpg\" class=\"image-left\" />contribuy\u00f3 tambi\u00e9n al l declive demogr\u00e1fico.<br />\r\n<br />\r\nCuando yo llegu\u00e9 ya no hab\u00eda m\u00e1s que un cine, el Copeval, que se cerr\u00f3 al poco tiempo, en 1980, y en el antiguo cine R\u00edo estaban edificando pisos en uno de los cuales vivimos hasta hace seis a\u00f1os. Todav\u00eda estaban San Jos\u00e9, Santa B\u00e1rbara, Figaredo al cien cien.</div>\r\n\r\n<h2>De Santa Hunosa al \u00e9xodo</h2>\r\n\r\n<div style=\"text-align: justify\"><br />\r\nDe aquella, los mineros, descansaban un s\u00e1bado al mes, le llamaban Santa Hunosa. Despu\u00e9s ya fueron dos. Ese d\u00eda de descanso que ya empezaba el viernes era b\u00e1rbaro para los negocios. Se llenaban los locales, hab\u00eda alegr\u00eda, ganaban dinero. Eran los exaltantes primeros tiempos de la joven democracia y en la miner\u00eda se hab\u00eda luchado mucho para conseguir buenos salarios, una buena paga como se exig\u00eda. Hab\u00eda mucho dinero y se hab\u00edan logrado unos objetivos incre\u00edbles. Desgraciadamente en el valle no se apost\u00f3 por hacer viviendas en un contexto en el que hab\u00eda m\u00e1s demandas que ofertas. Se logr\u00f3 a \u00faltima hora la construcci\u00f3n del nuevo barrio San Francisco a base de mucha lucha y en un momento en que el pueblo ya entraba en decadencia. Como a muchos de aqu\u00ed no les correspond\u00eda la vivienda por el baremo determinado, tuvieron que marchar fuera y vinieron otros que no se integraron y que ya no eran mineros. Hoy el n\u00facleo m\u00e1s importante de viviendas, San Francisco, est\u00e1 con una mayor\u00eda de gente mayor. Los de aqu\u00ed marcharon para Ujo, Figaredo. Hubo alguna edificaci\u00f3n posterior pero no se tuvo una buena pol\u00edtica de la vivienda, en el momento correcto. Si se hubieran edificado casas nuevas, deshaci\u00e9ndose de todo lo viejo y falto de condiciones que hab\u00eda, seguramente hoy la poblaci\u00f3n ser\u00eda m\u00e1s alta, aunque muchos tuvieran que trabajar fuera. Estoy convencido de que esa pol\u00edtica hubiera frenado el \u00e9xodo de la gente. No ser\u00eda la soluci\u00f3n a la situaci\u00f3n que tenemos hoy pero hubi\u00e9ramos conservado una poblaci\u00f3n necesaria para el buen relevo generacional.<br />\r\n<br />\r\n<img src=\"https://www.elvalledeturon.net/ocio/entrevista/miguel-el-del-meson/familia.jpg/image_large\" title=\"Familia.jpg\" height=\"417\" width=\"550\" alt=\"Familia.jpg\" class=\"image-right\" />Otro problema a\u00f1adido es que Mieres no apost\u00f3 por Tur\u00f3n que era sin embargo el mayor barrio del municipio al que algunas cifras, quiz\u00e1s un poco exageradas, dieron hasta 25.000 habitantes. M\u00e1s all\u00e1 de los n\u00fameros, lo cierto es que la importancia del valle s\u00ed que era grande. No s\u00e9 el por qu\u00e9 de esta despreocupaci\u00f3n pero as\u00ed fue. Ahora con menos de 5.000 turoneses, el peso s\u00ed que es relativo. Miro hacia Urbi\u00e9s y veo lo despoblado y desatendido que ha quedado, sin colegio, con un transporte urbano reducido a lo m\u00ednimo, sin m\u00e9dico, etc\u2026 Eso no ayuda. Las aldeas y los pueblos no digamos\u2026desiertos. Carcarosa quiz\u00e1s sea la \u00fanica excepci\u00f3n. Se apost\u00f3 por casas nuevas o rehabilitadas, tienen autob\u00fas desde Mieres y buena comunicaci\u00f3n con el valle. Ya no est\u00e1n aislados como antes, con aquellas nevadas.</div>\r\n\r\n<h2>Los noventa en declive</h2>\r\n\r\n<div style=\"text-align: justify\"><br />\r\nYo percibo el declive, en los negocios, en los a\u00f1os noventa, noventa y uno. Cuando empiezan las primeras prejubilaciones ya se nota el proceso en el que entramos. Sin embargo este ambiente de declive a\u00fan no ten\u00eda tanta l\u00f3gica porque los habitantes segu\u00edan habitando aqu\u00ed. Creo sin embargo que esto afect\u00f3 sicol\u00f3gicamente. Hoy, hablando de lo m\u00edo, de lo que conozco, se estabiliz\u00f3 la cosa pero seguimos funcionando al ralent\u00ed no al cien por cien como en esos a\u00f1os, del 77 al 95. Eso queda para el recuerdo.<br />\r\n<br />\r\nEs cierto que hay gente admirable que viene de fuera y que apuesta por implantar o desarrollar sus proyectos aqu\u00ed en el valle: casa rural el Sumiciu en San Andr\u00e9s, el ecohuerto, el albergue de Urbi\u00e9s\u2026 Admiro a esa gente, aunque al mismo tiempo me sorprende porque la situaci\u00f3n no es boyante. Quiz\u00e1s eso es lo que puede dar cierto dinamismo al valle, no lo s\u00e9. \u00bfLa apuesta rural? Quiz\u00e1s. Creo que sigue siendo dif\u00edcil y que, en parte, esto del turismo rural parece haber palidecido un poco. Por lo dem\u00e1s para los negocios hay que tener en cuenta que la gente mayor sale ya poco a los bares y que los j\u00f3venes buscan l\u00f3gicamente otros derroteros. Ya incluso ni se conforman con Mieres y buscan para sus salidas, facilitadas por la red de carreteras y los coches, otros destinos, Oviedo, Avil\u00e9s, Gij\u00f3n, cuando no Le\u00f3n, etc.<br />\r\n<br />\r\n<img src=\"https://www.elvalledeturon.net/ocio/entrevista/miguel-el-del-meson/miguel-preparando-cafe.jpg\" title=\"Miguel preparando caf\u00e9.jpg\" height=\"411\" width=\"550\" alt=\"Miguel preparando caf\u00e9.jpg\" class=\"image-left\" />\u00bfQu\u00e9 alternativa para el valle? No s\u00e9\u2026 que cada uno llegue a final de su ciclo. Todo est\u00e1 saturado, incluso en Gij\u00f3n , en Avil\u00e9s \u2026m\u00e1xime aqu\u00ed. No soy pesimista, siempre luch\u00e9 por avanzar en la vida pero, desde mi punto de observaci\u00f3n, no veo perspectivas. Siempre hay que luchar evidentemente, pero habr\u00e1 que luchar por algo concreto y yo no lo veo. Quedar dormidos en los laureles tampoco es la soluci\u00f3n. Aunque algunos digan que esto es un para\u00edso para los prejubilados , todo tiene sus d\u00edas contados. Esa realidad se aleja a medida que la gente envejece. Doy unos quince a\u00f1os para que se viva esa \u00faltima etapa de la paz de la prejubilaci\u00f3n, por mera edad claro. Quince a\u00f1os no es nada.</div>\r\n\r\n<h2>Altos y bajos en nuestra representaci\u00f3n</h2>\r\n\r\n<div style=\"text-align: justify\"><br />\r\nEntre los eventos memorables del valle tenemos altos y bajos. Mejoras del Valle, fue un hito, y en un momento clave, momento de las grandes reivindicaciones, consigui\u00f3 unos logros emblem\u00e1ticos, la piscina, la reforma importante de la cuesta Aniana, etc\u2026. Pero esos pioneros, que pon\u00edan manos a la obra, ya no est\u00e1n. El final de todo eso fue la politizaci\u00f3n de los propios miembros, la recuperaci\u00f3n por parte de los pol\u00edticos. No s\u00e9 si eso era algo inevitable. Hace poco se reform\u00f3 el comit\u00e9 pero el tiempo ya no es el mismo. Reconozco sin embargo que siempre tiene m\u00e9rito el recoger el relevo con una nueva agrupaci\u00f3n. Todo lo que sea intentar sacar el valle de la situaci\u00f3n en la que est\u00e1 me parece bueno y digno de apoyar.<br />\r\n<br />\r\nLas renombradas fiestas del Cristo quedaron obsoletas. Aquellas importantes fiestas, primero se apartaron del n\u00facleo<img src=\"https://www.elvalledeturon.net/ocio/entrevista/miguel-el-del-meson/letrero.jpg/image_large\" title=\"Letrero.jpg\" height=\"332\" width=\"550\" alt=\"Letrero.jpg\" class=\"image-right\" /> de San Francisco, del parque y est\u00e1n como arrinconadas en San Jos\u00e9. Se podr\u00edan hacer en el polideportivo que no tiene pr\u00e1cticamente utilidad como polideportivo. \u00a1Cuatro d\u00edas al a\u00f1o! El municipio no permite hacerlas en el parque cuando en todos los parques se hacen fiesta, en el San Francisco de Oviedo, en el Jovellanos de Mieres\u2026 Como si en Tur\u00f3n no fuese posible, como si hubiese una mano negra..<br />\r\n<br />\r\nTur\u00f3n estuvo presente en los \u00e1mbitos de decisi\u00f3n. Tuvimos hasta cinco representantes del pueblo en el Ayuntamiento de Mieres, de todos los partidos pol\u00edticos, mayoritariamente del que gobernaba, casi siempre el PSOE desde la democracia. Pens\u00e1bamos que esto ayudar\u00eda a sacar el pueblo adelante, a apostar por el pueblo, pues nada. Se movi\u00f3 poqu\u00edsimo\u2026ni con los representantes que hubo en el Parlamento del Principado. Poco o nada.<br />\r\nNavarro y asturiano<br />\r\n&nbsp;</div>\r\n\r\n<h2>Coraz\u00f3n (com)partido</h2>\r\n\r\n<div style=\"text-align: justify\"><img src=\"https://www.elvalledeturon.net/ocio/entrevista/miguel-el-del-meson/iglesia-de-garralda.jpg/image_large\" title=\"Iglesia de Garralda.jpg\" height=\"353\" width=\"520\" alt=\"Iglesia de Garralda.jpg\" class=\"image-left\" /><br />\r\nEl rinc\u00f3n de uno siempre cuenta mucho. De navarro me queda el coraz\u00f3n, aunque pasen los a\u00f1os. Los or\u00edgenes no los renegar\u00e9 nunca por eso solemos pasar las vacaciones cerca de la otras monta\u00f1as, las mi pueblo Garralda con unos ciento noventa habitantes. Aunque siempre fueron cortas por razones obvias\u2026siempre en el pueblo y muy felices. Aunque a m\u00ed me pasa como a todos los emigrantes, en Navarra soy el asturiano y aqu\u00ed el navarro. Llevo aqu\u00ed 35 a\u00f1os y todav\u00eda no hablo bable, ni tengo el deje de aqu\u00ed pero he perdido el acento navarro. No me afecta demasiado, somos de ac\u00e1 y de all\u00e1. Llevo las dos cosas muy dentro por razones diferentes evidentemente. Soy el resultado de mi nacimiento y de mis circunstancias. En realidad siempre entre monta\u00f1as. Soy de pueblo y me encantan los pueblos. Estuve dos a\u00f1os en Barcelona y nunca me integr\u00e9. En Basilea s\u00ed, pero era como Oviedo \u2026 en Oviedo s\u00ed podr\u00eda vivir, quiz\u00e1s tambi\u00e9n por la proximidad de Tur\u00f3n.<br />\r\n<br />\r\nTur\u00f3n es una parte muy importante de mi vida, el lugar de todas las vivencias familiares hoy para el que no lo conozca es un pueblo dormitorio. Nunca hubiera imaginado que terminar\u00eda as\u00ed. No quiero imaginarme que no tenga salida.<br />\r\n<br />\r\n<br />\r\n<strong>Entrevista realizada por Jorge Varela para www.elvalledeturon.net<br />\r\n<br />\r\nTur\u00f3n, diciembre de 2012</strong><br />\r\n<br />\r\n<br />\r\n&nbsp;</div>\r\n", "author_name": "", "version": "1.0", "author_url": "https://www.elvalledeturon.net/author/jorgevarela", "provider_name": "El valle de Turon", "type": "rich"}