{"provider_url": "https://www.elvalledeturon.net", "title": "1922", "html": "<div style=\"text-align: justify; margin: 0cm 0cm 6pt\">\r\n<p><strong>Altos Hornos de Vizcaya emite suscripci\u00f3n p\u00fablica de 50.000 obligaciones hipotecarias</strong></p>\r\n\r\n<p>Fuente: La Vanguardia&nbsp; 17-01-1922</p>\r\n\r\n<p>La Sociedad \u00abALTOS HORNOS DE VIZCAYA\u00bb con objeto de cancelar la deuda flotante&nbsp;y de satisfacer el \u00faltimo plazo de los terrenos e instalaciones recientemente ^adquiridos,&nbsp;pone ahora en circulaci\u00f3n 50.000 t\u00edtulos.&nbsp;&nbsp;Los expresados 50.000 t\u00edtulos han sido en firme tomados por los Bancos de Bilbao, de Vizcaya, Urquijo y Urquijo Vascongado y un grupo de <strong>antiguos accionistas de la Sociedad Hullera del Tur\u00f3n</strong>&nbsp;<a href=\"https://www.elvalledeturon.net/prensa/pdf-prensa-nuevo/1921-1940/1922/1-ene-1922/1-17-01-1922-hulleras-turon.pdf\" target=\"_blank\"> &lt;Ver documento PDF&gt;</a></p>\r\n\r\n<hr />\r\n<p>&nbsp;</p>\r\n\r\n<p><strong>Huelga miner\u00eda Tur\u00f3n</strong></p>\r\n\r\n<p>Fuente: La Vanguardia&nbsp; 10-02-1922</p>\r\n\r\n<p>Oviedo.</p>\r\n\r\n<p>Se han declarado en huelga 78 obreros de la mina San Tirso.</p>\r\n\r\n<p><strong>El conflicto obrero de la mina Tur\u00f3n, sigue igual. Est\u00e1n parados 200 mineros</strong>.. <a href=\"https://www.elvalledeturon.net/prensa/pdf-prensa-nuevo/1921-1940/1922/2-feb-1922/2-10-02-1922-huelga-turon.pdf\" target=\"_blank\">&lt;Ver documento PDF&gt;</a></p>\r\n\r\n<hr />\r\n<p>&nbsp;</p>\r\n\r\n<p><strong>Explosi\u00f3n de gris\u00fa en San Benigno </strong></p>\r\n\r\n<p>Fuente: La Vanguardia&nbsp; 20-04-1922</p>\r\n\r\n<p>Oviedo, 19, 10.</p>\r\n\r\n<p>Una explosi\u00f3n de gris\u00fa, ocurrida en el <strong>grupo minero de San Benigno</strong>, propiedad de Hulleras&nbsp;del Tur\u00f3n, ha adquirido caracteres de cat\u00e1strofe, <strong>resultando muertos cuatro mineros</strong> que estaban dentro de la galer\u00eda y varios heridos.&nbsp;&nbsp;<a href=\"https://www.elvalledeturon.net/prensa/pdf-prensa-nuevo/1921-1940/1922/4-abr-1922/3-20-04-1922-accidente-san-benigno.pdf\" target=\"_blank\"> &lt;Ver documento PDF&gt;</a></p>\r\n\r\n<hr />\r\n<p>&nbsp;</p>\r\n\r\n<p><strong>Huelga En las cuencas mineras</strong></p>\r\n\r\n<p>Fuente: La Vanguardia&nbsp; 17-06-1922</p>\r\n\r\n<p>Oviedo, 16, a las 22'15.</p>\r\n\r\n<p>El gobernador manifest\u00f3 que eran desagradables las noticias de las cuencas mineras.</p>\r\n\r\n<p>En Mieres tambi\u00e9n huelgan bastantes, aunque no todos.</p>\r\n\r\n<p>Por noticias particulares, <strong>s\u00e1bese que en Tur\u00f3n hubo violenta\" contienda entre los partidarios y los enemigos de la huelga</strong>, habi\u00e9ndose cambiado muchos disparos.. &nbsp;&nbsp;<a href=\"https://www.elvalledeturon.net/prensa/pdf-prensa-nuevo/1921-1940/1922/5-mayo-1922/4-17-05-1922-huelga-turon.pdf\" target=\"_blank\">&lt;Ver documento PDF&gt;</a></p>\r\n\r\n<hr />\r\n<p>&nbsp;</p>\r\n\r\n<p><strong>La huelga minera</strong></p>\r\n\r\n<p>Fuente: La Vanguardia&nbsp; 18-06-1922</p>\r\n\r\n<p>Oviedo, 17, 19</p>\r\n\r\n<p>Tiende a agravarse la huelga minera. <strong>En Tur\u00f3n huelgan 3.000</strong>,&nbsp;<a href=\"https://www.elvalledeturon.net/prensa/pdf-prensa-nuevo/1921-1940/1922/5-mayo-1922/5-18-05-1922-huelga-turon.pdf\" target=\"_blank\"> &lt;Ver documento PDF&gt;</a></p>\r\n\r\n<hr />\r\n<p>&nbsp;</p>\r\n\r\n<p><strong>Pelea familiar en Tur\u00f3n</strong></p>\r\n\r\n<p>Fuente: La Vanguardia&nbsp; 12-10-1922</p>\r\n\r\n<p>En Tur\u00f3n ocurri\u00f3 una tragedia, solo explicable por el barbarismo imperante, que terminar\u00e1&nbsp;llevando a las gentes al estado salvaje.</p>\r\n\r\n<p><strong>Ram\u00f3n Gonz\u00e1lez, de 62 a\u00f1os, sus hijos Manuel y Rogelio,</strong> ambos casados, vinieron de&nbsp;Oviedo para visitar a la esposa y madre respectivamente, que se encuentra en el hospital para sufrir una delicada operaci\u00f3n. Cuando regresaban a sus ca\u00edas conversaron sobre los gastos realizados por ambos hermanos en el viaje reciente, asegurando uno que hab\u00eda pagado tres duros m\u00e1s que el otro. Discutieron largamente sin llegar a un acuerdo.&nbsp;Cuando iban cerca de la casa de agri\u00f3 la cuesti\u00f3n en tales t\u00e9rminos que <strong>Manuel, empu\u00f1ando&nbsp;una navaja acometi\u00f3 a su hermano apu\u00f1al\u00e1ndole repetidas veces y dej\u00e1ndole grav\u00edsima</strong>. Como el padre tratara de impedir la acometida con su ca\u00f1ado, el agresor revolvi\u00e9ndose furioso le apu\u00f1al\u00f3 tambi\u00e9n&nbsp; <a href=\"https://www.elvalledeturon.net/prensa/pdf-prensa-nuevo/1921-1940/1922/10-oct-1922/6-12-10-1922-pela-familiar-turon.pdf\" target=\"_blank\">&lt;Ver documento PDF&gt;</a></p>\r\n\r\n<hr />\r\n<p>&nbsp;</p>\r\n</div>\r\n\r\n<div style=\"text-align: justify; margin: 0cm 0cm 6pt\"><b><span style=\"color: black\">Accidentes mineros mortales del a\u00f1o. </span></b><span class=\"discreet\"><span style=\"color: black\">Fuente: Libro La herencia minera del valle de Tur\u00f3n. Autor Marcelino Escudero Garc\u00eda</span></span></div>\r\n\r\n<div style=\"text-align: justify; margin: 0cm 0cm 6pt\"><b><u>V\u00eda Estrecha</u></b></div>\r\n\r\n<div style=\"text-align: justify; margin: 0cm 0cm 6pt\">&nbsp;</div>\r\n\r\n<ul>\r\n\t<li style=\"text-align: justify; margin: 0cm 0cm 10pt;\"><strong>27 de enero de 1922</strong>. <b>Amador M\u00e9ndez. </b>No se encontr\u00f3 m\u00e1s informaci\u00f3n que su nombre, la fecha y el lugar donde falleci\u00f3.</li>\r\n</ul>\r\n\r\n<div style=\"text-align: justify; margin: 0cm 0cm 6pt\"><b><u>Grupo San Benigno</u></b></div>\r\n\r\n<ul>\r\n\t<li style=\"text-align: justify; margin: 0cm 0cm 6pt;\"><strong>17 de abril de 1922</strong>. Se produjo una explosi\u00f3n de gris\u00fa, en la capa 37 Oeste del 7\u00ba de San Benigno. Se encontraban dando una chimenea y la ventilaci\u00f3n se hac\u00eda con una turbina manual. Pararon para desayunar y dejaron de ventilar y por razones desconocidas, una gran <span style=\"color: black\">cantidad de gris\u00fa se concentro y exploto. &nbsp;En este accidente murieron:</span></li>\r\n</ul>\r\n\r\n<div style=\"text-align: justify; line-height: normal; text-indent: -17.85pt; margin: 0cm 0cm 3pt 35.7pt\"><span>\u00b7<span style=\"font: 7pt 'Times New Roman'\">&nbsp;&nbsp;&nbsp;&nbsp;&nbsp;&nbsp;&nbsp;&nbsp; </span></span><b>Jose&nbsp;Garc\u00eda D\u00edaz</b>, de 25 a\u00f1os.</div>\r\n\r\n<div style=\"text-align: justify; line-height: normal; text-indent: -17.85pt; margin: 0cm 0cm 3pt 35.7pt\"><span>\u00b7<span style=\"font: 7pt 'Times New Roman'\">&nbsp;&nbsp;&nbsp;&nbsp;&nbsp;&nbsp;&nbsp;&nbsp; </span></span><b>Emilio&nbsp;Garc\u00eda Fern\u00e1ndez</b>, ayudante minero de 18 a\u00f1os.</div>\r\n\r\n<div style=\"text-align: justify; line-height: normal; text-indent: -17.85pt; margin: 0cm 0cm 3pt 35.7pt\"><span>\u00b7<span style=\"font: 7pt 'Times New Roman'\">&nbsp;&nbsp;&nbsp;&nbsp;&nbsp;&nbsp;&nbsp;&nbsp; </span></span><b>Emilio Collado Alba</b>, caballista.</div>\r\n\r\n<div style=\"text-align: justify; line-height: normal; text-indent: -17.85pt; margin: 0cm 0cm 10pt 35.7pt\"><span>\u00b7<span style=\"font: 7pt 'Times New Roman'\">&nbsp;&nbsp;&nbsp;&nbsp;&nbsp;&nbsp;&nbsp;&nbsp; </span></span><b>Aquilino Gonz\u00e1lez Fern\u00e1ndez</b>.</div>\r\n\r\n<div style=\"text-align: justify; line-height: normal; text-indent: -17.85pt; margin: 0cm 0cm 10pt 35.7pt\">&nbsp;</div>\r\n\r\n<div style=\"text-align: justify; margin: 0cm 0cm 6pt\"><b><u>Grupo La Cuadriella</u></b></div>\r\n\r\n<div style=\"text-align: justify; margin: 0cm 0cm 6pt\">&nbsp;</div>\r\n\r\n<ul>\r\n\t<li style=\"text-align: justify; margin: 0cm 0cm 6pt;\"><strong>16 de marzo de 1922</strong>.<b> Angel Lovento Garc\u00eda, </b>pe\u00f3n de exterior de 21 a\u00f1os. Al dirigirse a su puesto de trabajo, pas\u00f3 por delante de los hornos de cok, que estaban parados. Por circunstancias desconocidas, se abri\u00f3 una de las puertas del mencionado horno, atrap\u00e1ndole debajo y caus\u00e1ndole la muerte instant\u00e1neamente.</li>\r\n\t<li style=\"text-align: justify; margin: 0cm 0cm 6pt;\"><strong>10 de octubre de 1922</strong>.<b> Jos\u00e9 V\u00e1zquez. </b>De Jos\u00e9 s\u00f3lo se pudo obtener la informaci\u00f3n de que muri\u00f3 en las instalaciones de La Cuadriella.</li>\r\n</ul>\r\n\r\n<div style=\"text-align: justify; margin: 0cm 0cm 6pt\">&nbsp;</div>\r\n\r\n<div style=\"text-align: justify; margin: 0cm 0cm 6pt\"><b><u>Grupo Minero San Jose</u></b></div>\r\n\r\n<div style=\"text-align: justify; margin: 0cm 0cm 6pt\">&nbsp;</div>\r\n\r\n<ul>\r\n\t<li style=\"text-align: justify; margin: 0cm 0cm 10pt;\"><strong>26 de diciembre de 1922</strong>. <b>Gregorio Sol\u00eds Mar\u00eda, </b>de 49 a\u00f1os.</li>\r\n</ul>\r\n\r\n<div style=\"text-align: justify; margin: 0cm 0cm 6pt\">&nbsp;</div>\r\n\r\n<div style=\"text-align: justify; margin: 0cm 0cm 6pt\"><b><u>Grupo Minero la Riquela</u></b></div>\r\n\r\n<div style=\"text-align: justify; margin: 0cm 0cm 6pt\">&nbsp;</div>\r\n\r\n<ul>\r\n\t<li style=\"text-align: justify; margin: 0cm 0cm 10pt;\"><strong>25 de enero de 1922</strong>. <b>Jos\u00e9 Blanco</b>, barrenista de 27 a\u00f1os.&nbsp;Jos\u00e9 hab\u00eda terminado su tarea y decidi\u00f3 bajar por la explotaci\u00f3n. Cay\u00f3 al&nbsp; relleno, rompi\u00e9ndose lo base del cr\u00e1neo.</li>\r\n</ul>\r\n\r\n<div style=\"text-align: justify; margin: 0cm 0cm 6pt\">&nbsp;</div>\r\n\r\n<div style=\"text-align: justify; margin: 0cm 0cm 6pt\"><b><u>Pozo Santa B\u00e1rbara</u></b></div>\r\n\r\n<div style=\"text-align: justify; margin: 0cm 0cm 6pt\">&nbsp;</div>\r\n\r\n<ul>\r\n\t<li style=\"text-align: justify; margin: 0cm 0cm 6pt;\"><span style=\"color: black\"><strong>19 de agosto de 1922.</strong> <b>Manuel Segura Vega</b>, vigilante de 34 a\u00f1os. Muri\u00f3 al quedar aprisionado entre la jaula y el embarque de 2\u00aa </span>planta.</li>\r\n\t<li style=\"text-align: justify; margin: 0cm 0cm 6pt;\"><strong>16</strong><span style=\"color: black\"><strong> de diciembre de 1922</strong>. <b>Francisco Alonso S\u00e1nchez</b>. No existen datos sobre las cusas y lugar del accidente.</span></li>\r\n</ul>\r\n\r\n<p>&nbsp;</p>\r\n", "author_name": "", "version": "1.0", "author_url": "https://www.elvalledeturon.net/author/jorgevarela", "provider_name": "El valle de Turon", "type": "rich"}