{"provider_url": "https://www.elvalledeturon.net", "title": "1962", "html": "<div style=\"text-align: justify; line-height: normal\">\r\n<ul>\r\n\t<li><strong>1 de&nbsp;enero de 1962</strong>. Con motivo del elevado n\u00famero de habitantes la Jerarqu\u00eda Eclesi\u00e1stica decide dividir Tur\u00f3n en tres parroquias: Santa B\u00e1rbara (La Cuadriella), El Carmin, (San Andr\u00e9s) y San Martin (La Felguera). <span class=\"discreet\">Fuente \u201cECOS DEL VALLE, bolet\u00edn enero 1981\u201d (Cortes\u00eda de Baquero)</span></li>\r\n</ul>\r\n\r\n<hr /></div>\r\n\r\n<div style=\"text-align: justify; line-height: normal\">\r\n<p>&nbsp;</p>\r\n\r\n<ul>\r\n\t<li><strong>Dos muertos en una obra de una panader\u00eda en Tur\u00f3n</strong></li>\r\n</ul>\r\n\r\n<p>Fuente: La Vanguardia&nbsp; - 31-01-1962</p>\r\n\r\n<p>En la localidad de Tur\u00f3n, por Oviedo, dos obreros, perecieron sepultados por un desprendimiento de tierras que ocurri\u00f3 en las obras de ampliaci\u00f3n de una panader\u00eda.<a href=\"https://www.elvalledeturon.net/prensa/pdf-prensa-nuevo/1961-1980/1962/31-01-1962-muertos-obra-panaderia.pdf\" target=\"_blank\">&lt; Ver PDF &gt;</a></p>\r\n\r\n<hr />\r\n<p>&nbsp;</p>\r\n\r\n<ul>\r\n\t<li><strong>Hacia la resoluci\u00f3n del conflicto laboral de Asturias</strong></li>\r\n</ul>\r\n\r\n<p>Fuente: La Vanguardia&nbsp; - 08-05-1962</p>\r\n\r\n<p>Oviedo, 1. Cifra</p>\r\n\r\n<p>En relaci\u00f3n con la reciente nota del Ministerio deInformaci\u00f3n y Turismo que se refer\u00eda al paro provocado en las cuencascarbon\u00edferas de Asturias, podemos informar que se ha reanudadopor completo el trabajo en las zonas de Moreda Aller y Lieres; present\u00e1ndosela mayor parte de los trabajadores en las de Riosa, Mieres,Tur\u00f3n, Olloniego , v La Felguera; haci\u00e9ndolo en n\u00famero suficientepara formar grupos u equipos de trabajo en las zonas de Langreo y El Entrego,<a href=\"https://www.elvalledeturon.net/prensa/pdf-prensa-nuevo/1961-1980/1962/8-05-1962-resoluccion-conflicto-laboral.pdf\" target=\"_blank\">.&lt; Ver PDF &gt;&nbsp;</a><br />\r\n&nbsp;</p>\r\n</div>\r\n\r\n<hr />\r\n<div style=\"text-align: justify; line-height: normal\">&nbsp;</div>\r\n\r\n<ul>\r\n\t<li style=\"text-align: justify; line-height: normal;\"><strong>31 de Julio de 1962</strong>. En la Sala-Biblioteca de los locales de A. A. del colegio de Nuestra Se\u00f1ora de Covadonga se inaugura la sexta exposici\u00f3n de arte pict\u00f3rico, con la exhibici\u00f3n de m\u00e1s de cuarenta obras realizadas por pintores hijos de Mieres: A. F. Tresguerres, C. Mori, T. Canteli, A. Baquero, J. Baquero, Pel\u00e1ez, V\u00e1zquez Prada, Efr\u00e9n, Cirino, los Urbina, B. F. Hevia, Huerta, Barredo, Lastra y Fern\u00e1ndez N\u00fa\u00f1ez. <span class=\"discreet\">Fuente: \u00c1lbum Fiestas del Cristo, a\u00f1o 1962 (Cortes\u00eda de M. Baquero)</span></li>\r\n</ul>\r\n\r\n<div style=\"line-height: normal\">&nbsp;<br />\r\n&nbsp;</div>\r\n\r\n<hr />\r\n<div style=\"line-height: normal\">&nbsp;</div>\r\n\r\n<div style=\"line-height: normal\">\r\n<ul>\r\n\t<li><strong>12 de agosto de 1962</strong>. Se re\u00fanen un grupo de aficionados a los bolos en el \"Bar La Granja\", (Vistalegre): acordando, formar la \u201cPe\u00f1a Deportiva Cultural Flor\u00edn\u201d, posteriormente llamada Sociedad Bolistica Turonesa, que es junto a la pe\u00f1a \u00abEl Arenal\u00bb de Pumarabule, la m\u00e1s antigua de la provincia. Se nombra una Gestora presidida por D. Celestino D\u00edaz Fern\u00e1ndez. <span class=\"discreet\">Fuente \u201cECOS DEL VALLE, bolet\u00edn enero 1981\u201d (Cortes\u00eda de Baquero)</span></li>\r\n</ul>\r\n\r\n<hr /></div>\r\n\r\n<div style=\"line-height: normal\">&nbsp;</div>\r\n\r\n<div style=\"line-height: normal\">\r\n<ul>\r\n\t<li><strong>Clausura de varios pozos en la cuenca minera de Oviedo</strong></li>\r\n</ul>\r\n\r\n<p>Fuente: La Vanguardia&nbsp; - 21-08-1962</p>\r\n\r\n<p>Oviedo, 20.</p>\r\n\r\n<p>&nbsp;En la cuenca del caudal donde tiene sus explotaciones la Sociedad Minero Metal\u00fargica de Mieres, contin\u00faa normalmente el trabajo en los pozos Baltasara y Barrero. Ha sido clausurado el pozo San Nicol\u00e1s. <strong>En la de Tur\u00f3n, est\u00e1n cerrados los pozos San Jos\u00e9 y Sarta B\u00e1rbara</strong>. En la ma\u00f1ana de hoy se registr\u00f3 la no asistencia al trabajo en dos minas de monta\u00f1a de la misma empresa, grupo San Jos\u00e9 y grupo Santo Tom\u00e1s. <a href=\"https://www.elvalledeturon.net/prensa/pdf-prensa-nuevo/1961-1980/1962/21-08-1962-encierro-minero.pdf\" target=\"_blank\">Ver PDF &gt;</a></p>\r\n\r\n<hr />\r\n<p>&nbsp;</p>\r\n\r\n<ul>\r\n\t<li><strong>Los obreros solicitan la apertura de algunos pozos de Tur\u00f3n</strong></li>\r\n</ul>\r\n\r\n<p>Fuente: La Vanguardia&nbsp; - 23-08-1962</p>\r\n\r\n<p>Oviedo, 22.&nbsp; Cifra.</p>\r\n\r\n<p><strong>Los obreros de la cuenca de Tur\u00f3n</strong> han pedido a sus representantes en los Jurados de Empresa que se pongan al habla con el gobernador civil para solicitar la apertura de los pozos que est\u00e1n clausurados.' Dentro de lo limitado del conflicto, esta cuenca precisamente es la m\u00e1s afectada.&nbsp;&nbsp;Se observa un incremento de los trabajadores que se ofrecen para tareas de conservaci\u00f3n en las minas cerradas.<a href=\"https://www.elvalledeturon.net/prensa/pdf-prensa-nuevo/1961-1980/1962/23-08-1962-apertura-pozos.pdf\" target=\"_blank\">&lt; Ver PDF &gt;</a></p>\r\n\r\n<hr />\r\n<p>&nbsp;</p>\r\n\r\n<p><strong>Asturias: Reapertura de Pozos Mineros</strong></p>\r\n\r\n<p>Fuente: La Vanguardia&nbsp; - 31-08-1962</p>\r\n\r\n<p>Los obreros se presentanmasivamente al trabajo</p>\r\n\r\n<p>Oviedo, 30. Cifra</p>\r\n\r\n<p>Se ha procedido a la reapertura del <strong>pozo \u00abSanJos\u00e9\u00bb y grupo \u00abSan Jos\u00e9\u00bb, de la empresa Hulleras de Tur\u00f3n</strong>, con el primer relevo&nbsp;de la ma\u00f1anade hoy se ha registrado uns presentaci\u00f3n masiva de trabajadores y el desarrollo de la actividad laboral es normal durante la jornada, teniendo en cuenta estas circunstancias y persistiendo los trabajadores de la misma empresa en sus deseos de reanudar el trabajo, se autorizar\u00e1 ma\u00f1ana la reapertura del <strong>pozo \u00abSanta B\u00e1rbara\u00bb </strong>y de diversas minas de monta\u00f1a de la misma empresa, con lo cual quedar\u00e1 restablecida la actividad laboral,<a href=\"https://www.elvalledeturon.net/prensa/pdf-prensa-nuevo/1961-1980/1962/31-08-1962-reapertura-san-jose.pdf\" target=\"_blank\">&lt; Ver PDF &gt;</a></p>\r\n\r\n<hr />\r\n<p>&nbsp;</p>\r\n\r\n<ul>\r\n\t<li><strong>12 de septiembre de 196</strong><strong>2</strong>. En la Sala de Fiestas Copeval, se celebr\u00f3 una velada literaria-musical, con el Preg\u00f3n de Fiestas del Cristo a cargo del Secretario General y Asesor Jur\u00eddico de Hulleras del. Tur\u00f3n, D. Lucas Mart\u00edn Pelayo. <span class=\"discreet\">Fuente: \u00c1lbum Fiestas del Cristo, a\u00f1o 1962 (Cortes\u00eda de M. Baquero)</span></li>\r\n</ul>\r\n</div>\r\n\r\n<div style=\"line-height: normal\">&nbsp;<br />\r\n&nbsp;</div>\r\n\r\n<hr />\r\n<div style=\"margin: 0cm 0cm 10pt\"><u><strong><span style=\"color: black\">Adem\u00e1s en el a\u00f1o 1962:</span></strong></u></div>\r\n\r\n<ul>\r\n\t<li style=\"margin: 0cm 0cm 10pt;\"><span style=\"color: black\">Se in</span><span style=\"color: #202020\">augura </span><span style=\"color: black\">el Cine </span><span style=\"color: #202020\">R</span><span style=\"color: black\">\u00edo. </span><span class=\"discreet\">Fuente: ECOS DEL VALLE, bolet\u00edn abril 1982 (Cortes\u00eda de M. Baquero)</span></li>\r\n\t<li style=\"line-height: normal;\">El \u201cCoro Minero de Tur\u00f3n\u201d, participa en al certamen provincial de masas corales celebrado en Salinas y graba un disco. <span class=\"discreet\">Fuente: ECOS DEL VALLE, bolet\u00edn julio 1981 (cortes\u00eda de M. Baquero)</span></li>\r\n</ul>\r\n\r\n<div style=\"line-height: normal\">&nbsp;</div>\r\n\r\n<ul>\r\n\t<li style=\"line-height: normal;\">Cabojal pasa a pertenecer a la parroquia de Santa B\u00e1rbara, en la Cuadriella, hasta entonces pertenec\u00eda a parroquia de Figaredo (Iglesia Santa Mar\u00eda). <span class=\"discreet\">Fuente: ECOS DEL VALLE, bolet\u00edn noviembre 1983 (Cortes\u00eda de M. Baquero)</span></li>\r\n</ul>\r\n\r\n<div style=\"line-height: normal\">&nbsp;</div>\r\n\r\n<ul>\r\n\t<li style=\"text-align: justify; line-height: normal;\">En el Colegio La Salle, por deseos de la Empresa Hunosa, comenz\u00f3 una clase de preaprendices. Pretend\u00eda ampliar esa formaci\u00f3n y reemplazar al bachillerato, pero los alumnos segu\u00edan prefiriendo el bachillerato.&nbsp;&nbsp;<span class=\"discreet\">Fuente: Noticia Colegial. Colegio Nuestra Se\u00f1ora de Covadonga - Isabel La Cat\u00f3lica. Julio 2001 (Cortes\u00eda de M. Baquero)</span></li>\r\n</ul>\r\n\r\n<div style=\"line-height: normal\">&nbsp;<br />\r\n&nbsp;</div>\r\n\r\n<hr />\r\n<div style=\"line-height: normal\">&nbsp;</div>\r\n\r\n<div style=\"margin: 0cm 0cm 6pt\"><b><span style=\"color: black\">Accidentes mineros mortales del a\u00f1o.&nbsp;</span></b><span class=\"discreet\"><span style=\"color: black\">Fuente: Libro La herencia minera del valle de Tur\u00f3n. Autor Marcelino Escudero Garc\u00eda</span></span></div>\r\n\r\n<div style=\"margin: 0cm 0cm 6pt\"><b><u>Pozo San Jos\u00e9</u></b></div>\r\n\r\n<ul>\r\n\t<li style=\"margin: 0cm 0cm 6pt;\">Mayo de 1962. &nbsp;<b>Ricardo Garc\u00eda Fern\u00e1ndez, </b>(Ricard\u00edn<i>), </i>de 35 a\u00f1os.<i> </i>Cuando acaeci\u00f3 el accidente, se encontraba al cargo del pozo maestro de 6\u00ba planta dado por la capa 13. El carb\u00f3n dej\u00f3 de bajar y subi\u00f3 a desencolar.&nbsp;Meti\u00f3 la cabeza en el pozo para ver donde estaba encolado y una piedra le golpeo en la cabeza, motivo por el que debi\u00f3 quedar algo desconcertado. Su medio cuerpo superior qued\u00f3 metido en el pozo y al bajar el carb\u00f3n, le sepult\u00f3.</li>\r\n\t<li style=\"margin: 0cm 0cm 6pt;\">13 de julio de 1962.&nbsp;<b>Mateo Manzano Fern\u00e1ndez, </b>vigilante de 40 a\u00f1os. Fue atropellado por un tren, muri\u00f3 camino del hospital.</li>\r\n</ul>\r\n\r\n<div style=\"margin: 0cm 0cm 6pt\"><b><u>Pozo Santa B\u00e1rbara</u></b></div>\r\n\r\n<ul>\r\n\t<li style=\"margin: 0cm 0cm 6pt;\"><span style=\"color: black\">22 de febrero de 1962.&nbsp;</span><b><span style=\"color: black\">Jes\u00fas Casta\u00f1\u00f3n Casta\u00f1\u00f3n</span></b><span style=\"color: black\">, entibador. Muri\u00f3 por asfixia al quedar enterrado por una quiebra.</span></li>\r\n\t<li style=\"margin: 0cm 0cm 6pt;\"><span style=\"color: black\">16 de junio de 1962.&nbsp;</span><b><span style=\"color: black\">Carlos P\u00e9rez Moral</span></b><span style=\"color: black\">, de 37 a\u00f1os. Le golpeo un costero</span></li>\r\n</ul>\r\n", "author_name": "", "version": "1.0", "author_url": "https://www.elvalledeturon.net/author/jorgevarela", "provider_name": "El valle de Turon", "type": "rich"}