{"provider_url": "https://www.elvalledeturon.net", "title": "1970", "html": "<div style=\"text-align: justify\">\r\n<p><strong>5.300 mineros no acudieron al trabajo</strong></p>\r\n\r\n<p>Fuente: La Vanguardia&nbsp; - 03-01-1970</p>\r\n\r\n<p>Oviedo, 2. \u2014 Ha aumentado hoy el n\u00famero de trabajadores mineros en paro en esta provincia, totalizando 5.300 los que no acudieron al trabajo en las minas de Hulleras del Norte. En estos&nbsp;5.300 est\u00e1n incluidos los 800 suspendidos de empleo y sueldo por parte de la empresa desde hace varios d\u00edas; el resto lo ha sido <strong>por paro voluntario y sin aparente justificaci\u00f3n</strong>. Los productores&nbsp;sancionados pertenecen a las explotaciones de los pozos \u00abLlamas\u00bb, <strong>\u00abSan V\u00edctor\u00bb, \u00abUrbi\u00e9s\u00bb, \u00abSan Jos\u00e9\u00bb y \u00abSanta B\u00e1rbara \u00bb. Todos o casi todos emplazados en la zona del Tur\u00f3n</strong>.&nbsp; .<a href=\"https://www.elvalledeturon.net/prensa/pdf-prensa-nuevo/1961-1980/1970/1-ene/3-01-1970-5300-mineros-no-trabajan.pdf\" target=\"_blank\">&lt; Ver PDF &gt;</a></p>\r\n\r\n<hr />\r\n<p>&nbsp;</p>\r\n\r\n<p><strong>El paro se extiende a la cuenca de Aller</strong></p>\r\n\r\n<p>Fuente: La Vanguardia&nbsp; - 22-01-1970</p>\r\n\r\n<p>Oviedo, 21. \u2014 Un total de 11.540 mineros no han trabajado hoy en las minas de\u00abHunosa\u00bb. De ellos, 10.870 se encuentran sancionados de empleo y sueldo por la direcci\u00f3n..&nbsp; &nbsp;Los restantes son 670 productores de los lavaderos y servicios y 53 de \u00abMina Vanguardia\u00bb, en la zona de Aller, todos ellos tambi\u00e9n de \u00abHunosa\u00bb. Es el primer paro que se registra en la cuenca minera de&nbsp;&nbsp;Aller, <strong>que, junto a la de Tur\u00f3n, funcionaba con plena normalidad</strong>.&nbsp; .<a href=\"https://www.elvalledeturon.net/prensa/pdf-prensa-nuevo/1961-1980/1970/1-ene/22-01-1970-el-paro-se-extiende.pdf\" target=\"_blank\">&lt; Ver PDF &gt;</a></p>\r\n\r\n<hr />\r\n<p>&nbsp;</p>\r\n\r\n<p><strong>Ayer aumento el paro </strong></p>\r\n\r\n<p>Fuente: La Vanguardia&nbsp; - 23-01-1970</p>\r\n\r\n<p>Un total de 11.692 mineros \u2014entre el primero y segundo turno no han trabajado hoy en las minas de \u00abHunosa\u00bb,10.80? de ellos por estar sancionados con suspensi\u00f3n de empleo y sueldo y 885 productores&nbsp;por paro voluntario.</p>\r\n\r\n<p>De los que han parado hoy voluntariamente, 670 pertenecen a los lavaderos y servicios, 152 a \u00abMina Vanguardia\u00bb y <strong>63 al \u00abPozo San Jos\u00e9</strong>\u00bb, que comenz\u00f3 a registrar anormalidad en el segundo turno de&nbsp;hoy. Esto quiere decir que el paro ha aumentado dado que en los sectores de Aller y <strong>Tur\u00f3n</strong> donde todas las minas de \u00abHunosa\u00bb ten\u00edan normalidad laboral estos d\u00edas han comenzado a parar: en Aller. La explotaci\u00f3n \u00abMina Vanguardia\u00bb, y <strong>en Tur\u00f3n \u00abPozo San Jos\u00e9\u00bb.</strong> \u2014 Europa Press&nbsp; <a href=\"https://www.elvalledeturon.net/prensa/pdf-prensa-nuevo/1961-1980/1970/1-ene/23-1-1970-ayer-aumento-el-paro.pdf\" target=\"_blank\">.&lt; Ver PDF &gt;</a></p>\r\n\r\n<hr />\r\n<p>&nbsp;</p>\r\n\r\n<p><strong>Existe la posibilidad de que el pr\u00f3ximo lunes se resuelva el conflicto de HUNOSA</strong></p>\r\n\r\n<p>Fuente: La Vanguardia&nbsp; - 30-01-1970</p>\r\n\r\n<p>OVIEDO, 29. (Cr\u00f3nica de nuestro corresponsal Santiago COVADONGA.)</p>\r\n\r\n<p>Un total de 6.227 mineros no han trabajado hoy en las minas asturianas, entre el primero y segundo relevo. Por lo que se refiere a los sectores del Aller y <strong>Tur\u00f3n, la normalidad es completa</strong>.&nbsp; <a href=\"https://www.elvalledeturon.net/prensa/pdf-prensa-nuevo/1961-1980/1970/1-ene/30-1-1970-fin-paro-minero.pdf\" target=\"_blank\">.&lt; Ver PDF &gt;</a></p>\r\n\r\n<hr />\r\n<p>&nbsp;</p>\r\n\r\n<p><strong>Dos ingenieros Polacos asesoran a la alta direcci\u00f3n de \"HUNOSA\"</strong></p>\r\n\r\n<p>Fuente: La Vanguardia&nbsp; - 12-02-1970</p>\r\n\r\n<p>Oviedo, 11. \u2014 Dos destacados ingenieros polacos \u2014doctores Bajarsky y Lewandowsky de la firma \u00abCentrozap\u00bb entidad nacional polaca dedicada a investigaciones y proyectos t\u00e9cnicos, ha llegado a- Oviedo para discutir con la alta direcci\u00f3n de \u00abHunosa\u00bb <strong>el proyecto de reestructuraci\u00f3n de minas&nbsp; de los Sectores&nbsp;Barredos y Tur\u00f3n</strong>.&nbsp; .<a href=\"https://www.elvalledeturon.net/prensa/pdf-prensa-nuevo/1961-1980/1970/2-feb/12-02-1970-poyecto-minas-turon.pdf\" target=\"_blank\">&lt; Ver PDF &gt;</a></p>\r\n\r\n<hr />\r\n<p>&nbsp;</p>\r\n\r\n<p><strong>7.002 mineros de \u00abHUNOSA\u00bb faltaron ayer al trabajo&nbsp; La muerte en accidente de dos compa\u00f1eros, motivo del paro</strong></p>\r\n\r\n<p>Fuente: La Vanguardia&nbsp; - 26-03-1970</p>\r\n\r\n<p>Oviedo, 25.</p>\r\n\r\n<p>Quiz\u00e1s este paro haya sido tan amplio debido a que <strong>ayer tambi\u00e9n se produjo un accidente en el Pozo Urbi\u00e9s, en la zona deTur\u00f3n,</strong> donde quedaron atrapados un picador y su ayudante, los cuales ,despu\u00e9s de \u00edmprobos trabajos,&nbsp; <strong>fueron rescatados con vida</strong> y s\u00f3lo sufren lesiones de escasa&nbsp;importancia.&nbsp; .<a href=\"https://www.elvalledeturon.net/prensa/pdf-prensa-nuevo/1961-1980/1970/3-mar/26-03-1970-acct-mina-urbies.pdf\" target=\"_blank\">&lt; Ver PDF &gt;</a></p>\r\n\r\n<hr />\r\n<p>&nbsp;</p>\r\n</div>\r\n\r\n<div style=\"text-align: justify\">&nbsp;</div>\r\n\r\n<div style=\"text-align: justify\"><strong>En abril de 1970</strong>. Se celebra el \u201cII Festival de la Canci\u00f3n Juvenil de los Valles Mineros\u201d. Resultaron ganadores en esta ocasi\u00f3n:</div>\r\n\r\n<ol>\r\n\t<li>Master\u00b4s &nbsp;Soul&nbsp;(Tur\u00f3n).</li>\r\n\t<li>Tere y Loli &nbsp;(Soto del Barco)</li>\r\n\t<li>Luis Moran &nbsp;(Sama). <span class=\"discreet\">Fuente: ECOS DEL VALLE, bolet\u00edn julio 1983 (Cortes\u00eda de M. Baquero)</span></li>\r\n</ol>\r\n\r\n<div style=\"text-align: justify; text-indent: 18pt\">&nbsp;<br />\r\n&nbsp;</div>\r\n\r\n<hr />\r\n<div style=\"text-align: justify; line-height: normal\">&nbsp;</div>\r\n\r\n<div style=\"text-align: justify; line-height: normal\">\r\n<p>&nbsp;</p>\r\n\r\n<p><strong>OVIEDO: D\u00f1a. Armen Polo de Franco visita un colegio de minusv\u00e1lidos</strong></p>\r\n\r\n<p>Fuente: La Vanguardia&nbsp; - 15-05-1970</p>\r\n\r\n<p>Oviedo, 14. \u2014 La esposa del Jefe del Estado, do\u00f1a Carmen Polo de. Franco, ha <strong>visitado hoy el Colegio de Minusv\u00e1lidos, sito en Santullano</strong> <strong>de Mieres</strong>. La ilustre dama visit\u00f3 las distintas dependencias del centro y <strong>departi\u00f3 con algunos ni\u00f1os</strong> de los 150 que, de los concejos de Mieres, <strong>Tur\u00f3n</strong>, Quir\u00f3s, Lena, Riosa, Morc\u00edn y Aller.&nbsp; .<a href=\"https://www.elvalledeturon.net/prensa/pdf-prensa-nuevo/1961-1980/1970/5-may/15-05-1970-visita-turon.pdf\" target=\"_blank\">&lt; Ver PDF &gt;</a></p>\r\n\r\n<hr />\r\n<p>&nbsp;</p>\r\n\r\n<p><strong>Finaliz\u00f3 la visita oficial de los </strong><strong>Pr\u00edncipes de Espa\u00f1a a Asturias</strong></p>\r\n\r\n<p>Fuente: La Vanguardia&nbsp; - 20-08-1970&nbsp;</p>\r\n\r\n<p>Avil\u00e9s (Oviedo), 19.</p>\r\n\r\n<p>El Pr\u00edncipe de Espa\u00f1a, don Juan Carlos de Borb\u00f3n, visit\u00f3 hoy la factor\u00eda sider\u00fargica de \u00abEnsidesa\u00bb, que junto con la de \u00abUninsa\u00bb, en Veri\u00f1a, constituyen el eje del mayor complejo sider\u00fargico de Espa\u00f1a.</p>\r\n\r\n<p>Asimismo, <strong>Juan Carlos y do\u00f1a Sof\u00eda han dirigido el siguiente telegrama a los familiares de don Manuel Prado Vicente, obrero fallecido ayer en accidente laboral en los lavaderos de HUNOSA, en la zona de Tur\u00f3n:&nbsp; </strong><a href=\"https://www.elvalledeturon.net/prensa/pdf-prensa-nuevo/1961-1980/1970/8-ago/20-8-1970-finaliza-visita.pdf\" target=\"_blank\">.&lt; Ver PDF &gt;</a></p>\r\n\r\n<hr />\r\n<p>&nbsp;</p>\r\n\r\n<p><strong>No asisten al trabajo 64 mineros, en Mieres&nbsp; </strong><strong>Normalidad en el resto de Asturias</strong></p>\r\n\r\n<p>Fuente: La Vanguardia&nbsp; - 21-08-1970</p>\r\n\r\n<p>Oviedo, 20.</p>\r\n\r\n<p>Por otra parte se han <strong>normalizado completamente los pozos \u00abSanta B\u00e1rbara\u00bb ,\u00abSan V\u00edctor\u00bb y \u00abSan Jos\u00e9\u00bb as\u00ed como la secci\u00f3nde lavaderos y servicios de la zona deTur\u00f3n </strong>donde ayer hab\u00edan faltado al trabajo algunos productores en se\u00f1al de duelo por la muerte de un soldador cuando realizaba su trabajo en la zona de <strong>lavaderos de Tur\u00f3n</strong>. <a href=\"https://www.elvalledeturon.net/prensa/pdf-prensa-nuevo/1961-1980/1970/8-ago/21-8-1970-para-por-muerto-lavaderos.pdf\" target=\"_blank\">.&lt; Ver PDF &gt;</a></p>\r\n\r\n<hr />\r\n<p>&nbsp;</p>\r\n\r\n<p><strong>El total de mineros parados en Asturias asciende a 11.000 </strong></p>\r\n\r\n<p>Fuente: La Vanguardia&nbsp; - 08-09-1970</p>\r\n\r\n<p>Oviedo, 7.</p>\r\n\r\n<p>Un total de 11.011 mineros no han trabajado hoy en las minas de hulla asturianas.&nbsp;&nbsp;En el <strong>pozo \u00abSan V\u00edctor\u00bb</strong> faltaron al trabajo entre el primero y segundo turno 223 trabajadores; en el <strong>pozo \u00abUrbi\u00e9s\u00bb,</strong> 211; en el pozo <strong>\u00abSanta B\u00e1rbara\u00bb,</strong> 428; en el pozo <strong>\u00abSan Jos\u00e9\u00bb,</strong> 423, y en <strong>\u00abLavaderos y Servicios de Tur\u00f3n\u00bb,</strong> 257. Todas estas explotaciones pertenecen al sector <strong>Tur\u00f3n</strong>, y el <strong>paro se ha producido debido</strong> a que ayer, en el Sanatorio Adaro, en Sama de Langreo, <strong>falleci\u00f3 el productor Secundino Gonz\u00e1lez Guti\u00e9rrez, </strong>de 49 a\u00f1os, casado, con una hija<strong>, natural de Villafr\u00eda (Tur\u00f3n),</strong> el cual result\u00f3 <strong>accidentado en \u00e9l pozo \u00abSanta B\u00e1rbara\u00bb,</strong> donde trabajaba como \u00abcaballista\u00bb, el d\u00eda 3.&nbsp;&nbsp; .<a href=\"https://www.elvalledeturon.net/prensa/pdf-prensa-nuevo/1961-1980/1970/9-sep/8-09-1970-paro-tuorn.pdf\" target=\"_blank\">&lt; Ver PDF &gt;</a></p>\r\n\r\n<hr />\r\n<p>&nbsp;</p>\r\n\r\n<p><strong>Situaci\u00f3n estacionaria en Asturias </strong></p>\r\n\r\n<p>Fuente: La Vanguardia&nbsp; - 09-09-1970&nbsp;</p>\r\n\r\n<p>Oviedo, S</p>\r\n\r\n<p>La situaci\u00f3n laboral en las minas de hulla asturianas est\u00e1 hoy estacionaria, al ser fiesta en toda la provincia y permanecer cerradas todas las industrias, ya que es la festividad de la Virgen de Covadonga.&nbsp;&nbsp;<strong>Ma\u00f1ana</strong>, en que se ha de reanudar la actividad laboral, <strong>se espera que se reincorporen al trabajo todos los productores del sector de Hunosa en Tur\u00f3n</strong>, as\u00ed como los del pozo \u00abPolio\u00bb, en Mieres, que en la jornada del lunes <strong>registraron paro parcial por la muerte de un productor a consecuencia de un accidente laboral en Tur\u00f3n</strong>.&nbsp; .&lt;<a href=\"https://www.elvalledeturon.net/prensa/pdf-prensa-nuevo/1961-1980/1970/9-sep/9-09-1970-situacion-estacionaria.pdf\" target=\"_blank\"> Ver PDF &gt;</a></p>\r\n\r\n<hr />\r\n<p>&nbsp;</p>\r\n\r\n<p><strong>Decisi\u00f3n de&nbsp; \u00abHUNOSA\u00bb y nota de la direcci\u00f3n general de trabajo</strong></p>\r\n\r\n<p>Fuente: La Vanguardia&nbsp; - 10-09-1970</p>\r\n\r\n<p>Oviedo, 9.</p>\r\n\r\n<p>Hunosa ha celebrado hoy par la tarde un pleno extraordinario con los Jurados de empresa, comunicando a los representantes de los trabajadores que los 190 del pozo \u00abPolio\u00bb de Mieres que hoy han faltado al trabajo&nbsp; quedan sancionados con la suspensi\u00f3n de empleo y sueldo hasta el pr\u00f3ximo d\u00eda 13 de octubre.&nbsp; &nbsp;Parte de la plantilla de este pozo ya estuvo sancionada con p\u00e9rdida de, empleo y sueldo durante quince d\u00edas, sanci\u00f3n que finaliz\u00f3 el lunes pasado, teniendo qu\u00e9 reintegrarse en esa fecha al trabajo todos los productores. <strong>Sin embargo, un grupo de obreros no se incorpor\u00f3 y \u00abHunosa\u00bb no sancion\u00f3 a ninguno ese d\u00eda por haber fallecido un minero en la zona de Tur\u00f3n&nbsp; </strong>.<a href=\"https://www.elvalledeturon.net/prensa/pdf-prensa-nuevo/1961-1980/1970/9-sep/10-09-1970-decision-hunosa.pdf\" target=\"_blank\">&lt; Ver PDF &gt;</a></p>\r\n\r\n<hr />\r\n<p>&nbsp;</p>\r\n\r\n<p><strong>\u00abHUNOSA\u00bb se divide en cinco zonas&nbsp; </strong></p>\r\n\r\n<p>Fuente: La Vanguardia&nbsp; - 22-09-1970</p>\r\n\r\n<p>Oviedo, 21.</p>\r\n\r\n<p>Se reuni\u00f3 hoy, en sesi\u00f3n extraordinaria, el pleno del Jurado de empresa de Hunosa. M\u00e1s tarde, el se\u00f1or Guerra Zunzun\u00e9gul inform\u00f3 de una propuesta de reorganizaci\u00f3n,que se presentar\u00e1 ma\u00f1ana a la consideraci\u00f3ndel Consejo de Administraci\u00f3n quese reunir\u00e1 en esta capital.&nbsp; &nbsp;En resumen, se distribuye el \u00e1mbito territorialde Hunosa en cinco zonas, al frente de cada una de las cuales estar\u00e1 un director. <strong>Las zonas son: Aller, Tur\u00f3n, Mieres, Nal\u00f3n y Sama-Siero.</strong> Estas cinco&nbsp;&nbsp;zonas depender\u00e1n directamente del directorde la empresa, al Igual que la direcci\u00f3n comercial.&nbsp; .&lt; Ver PDF &gt;</p>\r\n\r\n<hr />\r\n<p>&nbsp;</p>\r\n\r\n<p><strong>Ayer faltaron al trabajo1.023 mineros en !as cuencas asturianas </strong></p>\r\n\r\n<p>Fuente: La Vanguardia&nbsp; - 29-09-1970</p>\r\n\r\n<p>Oviedo, 28.</p>\r\n\r\n<p>Un total de 1.023 mineros han faltado hoy al trabajo entre el primero y segundo turno en las minas de hulla asturianas, todos ellos pertenecientes a explotaciones de Hunosa, en las <strong>zonas de Tur\u00f3n</strong> y Mieres.&nbsp; <a href=\"https://www.elvalledeturon.net/prensa/pdf-prensa-nuevo/1961-1980/1970/9-sep/29-09-1970-paro-minero.pdf\" onclick=\"window.open(this.href, '', 'resizable=no,status=no,location=no,toolbar=no,menubar=no,fullscreen=no,scrollbars=no,dependent=no'); return false;\">.&lt; Ver PDF &gt;</a></p>\r\n\r\n<hr />\r\n<p>&nbsp;</p>\r\n</div>\r\n\r\n<div style=\"text-align: justify; line-height: normal\"><strong>Tambi\u00e9n en 1970</strong>. El C. D. Tur\u00f3n desciende a Primera Regional. <span class=\"discreet\">Fuente: revista \u201cTur\u00f3n Patria Querida\u201d, a\u00f1o 1975 (Cortes\u00eda de M. Baquero)</span></div>\r\n\r\n<div style=\"text-align: justify; line-height: normal\">&nbsp;<br />\r\n&nbsp;</div>\r\n\r\n<hr />\r\n<div style=\"text-align: justify; margin: 0cm 0cm 6pt\"><b><span style=\"color: black\">Accidentes mineros mortales del a\u00f1o.&nbsp;&nbsp;</span></b><span class=\"discreet\"><span style=\"color: black\">Fuente: Libro La herencia minera del valle de Tur\u00f3n. Autor Marcelino Escudero Garc\u00eda</span></span></div>\r\n\r\n<div style=\"text-align: justify; margin: 0cm 0cm 6pt\">&nbsp;</div>\r\n\r\n<div style=\"text-align: justify; margin: 0cm 0cm 6pt\"><b><u>Grupo La Cuadriella</u></b></div>\r\n\r\n<div style=\"text-align: justify; margin: 0cm 0cm 6pt\">&nbsp;</div>\r\n\r\n<ul>\r\n\t<li style=\"text-align: justify; margin: 0cm 0cm 6pt;\"><strong>18 de agosto de 1970</strong>. <b>Manuel Prado Vicente, </b>soldador de 26 a\u00f1os.</li>\r\n</ul>\r\n\r\n<div style=\"text-align: justify; margin: 0cm 0cm 6pt\"><b><u>Grupo Minero La G\u00fceria de Urbi\u00e9s</u></b></div>\r\n\r\n<div style=\"text-align: justify; margin: 0cm 0cm 6pt\">&nbsp;</div>\r\n\r\n<ul>\r\n\t<li style=\"text-align: justify; margin: 0cm 0cm 6pt;\"><strong>12 de noviembre de 1970.</strong> <b>Luis \u00c1lvarez</b> <b>Escobar </b>al ser golpeado por un vag\u00f3n que se desprendi\u00f3 del plano del Abeduriu.</li>\r\n</ul>\r\n\r\n<div style=\"text-align: justify; margin: 0cm 0cm 6pt\"><strong><u>Po</u></strong><b><u>zo Santa B\u00e1rbara</u></b></div>\r\n\r\n<div style=\"text-align: justify; margin: 0cm 0cm 6pt\">&nbsp;</div>\r\n\r\n<ul>\r\n\t<li style=\"text-align: justify; margin: 0cm 0cm 6pt;\"><span style=\"color: black\"><strong>16 de marzo de 1970</strong>. <b>Jos\u00e9 L\u00f3pez Moran</b>. Cay\u00f3 por la ca\u00f1a del pozo cuando realizada una reparaci\u00f3n. Muri\u00f3 unos meses despu\u00e9s consecuencia de las secuelas del accidente.</span></li>\r\n\t<li style=\"text-align: justify; margin: 0cm 0cm 6pt;\"><span style=\"color: black\"><strong>3 de septiembre de 1970.</strong> </span><b><span style=\"color: black\">Secundino Gonz\u00e1lez Guti\u00e9rrez</span></b><span style=\"color: black\">, </span><span style=\"color: black\">caballista. Se produjo un derrabe y qued\u00f3 atrapado bajo los escombros. Le sacaron con vida, aunque nada m\u00e1s llegar al hospital entr\u00f3 en coma. Muri\u00f3 tres d\u00edas </span><span style=\"color: black\">despu\u00e9</span><span style=\"color: black\">s.</span></li>\r\n\t<li style=\"text-align: justify; margin: 0cm 0cm 6pt;\"><strong><span style=\"color: black\">22</span></strong><span style=\"color: black\"><strong> de diciembre de 1970</strong>. </span><b><span style=\"color: black\">Manuel D\u00edaz Fern\u00e1ndez</span></b><span style=\"color: black\"> (</span><i><span style=\"color: black\">Lolo Granxa).</span></i><span style=\"color: black\">Muri\u00f3 en accidente de tr\u00e1fico cuando se dirig\u00eda al trabajo. En la curva de la Rabaldana (curva del Cuartel), el coche cayo a la plaza de la madera, sobre unos vagones, golpe\u00e1ndose en la cabeza. S</span><span style=\"color: black\">u compa\u00f1ero, primo y conductor, afortunadamente no le pas\u00f3 nada, pero lolo, el vigilante, perd\u00eda la vida.</span></li>\r\n</ul>\r\n", "author_name": "", "version": "1.0", "author_url": "https://www.elvalledeturon.net/author/jorgevarela", "provider_name": "El valle de Turon", "type": "rich"}