{"provider_url": "https://www.elvalledeturon.net", "title": "1999", "html": "<p><strong>El catal\u00e1n Jaume Hilari ser\u00e1 canonizado el 21 de noviembre</strong></p>\r\n\r\n<p>Fuente: La Vanguardia 08-07-1999</p>\r\n\r\n<p>BARCELONA. (Redacci\u00f3n.) -</p>\r\n\r\n<p>El pasado 2 de julio se celebr\u00f3 en el Vaticano una ceremonia presidida por Juan Pablo II en la que se tom\u00f3 la decisi\u00f3n de canonizar en Roma el pr\u00f3ximo 21 de noviembre, festividad de Cristo Rey del universo, a nueve religiosos de los Hermanos de las Escuelas Cristianas, de La Salle.&nbsp;&nbsp;<strong>Se trata de los Hermanos de las Escuelas Cristianas de Tur\u00f3n (Asturias</strong>), que fueron asesinados en 1934 durante la revuelta de Asturias: Cirilo Beltr\u00e1n y siete compa\u00f1eros, m\u00e1s el pasionista padre Inocencio de la Inmaculada, su capell\u00e1n&nbsp;<a href=\"https://www.elvalledeturon.net/prensa/pdf-prensa-nuevo/1991-2000/1999/7-jul/18-07-1999-el-catalan.pdf\" target=\"_blank\"> &nbsp;&lt; Ver PDF &gt;</a></p>\r\n\r\n<hr />\r\n<p>&nbsp;</p>\r\n\r\n<p><strong>Pol\u00e9mica en Asturias por la canonizaci\u00f3n de nueve sacerdotes asesinados en 1934</strong></p>\r\n\r\n<p>Fuente: La Vanguardia 15-11-1999</p>\r\n\r\n<p>GIJ\u00d3N. \u2014 La decisi\u00f3n del Vaticano de canonizar el pr\u00f3ximo domingo, d\u00eda 21 de noviembre, a nueve sacerdotes de los Hermanos de La Salle que fueron fusilados el 9 de octubre de 1934 ha creado gran pol\u00e9mica en Asturias. Las ejecuciones de esos religiosos, <strong>conocidos como los m\u00e1rtires de Tur\u00f3n</strong>, &nbsp;&nbsp;<a href=\"https://www.elvalledeturon.net/prensa/pdf-prensa-nuevo/1991-2000/1999/11-nov/15-11-1999-polemica-asturias.pdf\" target=\"_blank\">&lt; Ver PDF &gt;</a></p>\r\n\r\n<hr />\r\n<p>&nbsp;</p>\r\n\r\n<p><strong>El Papa eleva hoy a los altares a nueve religiosos de la Salle</strong></p>\r\n\r\n<p>Fuente: La Vanguardia 21-11-1999</p>\r\n\r\n<p>BARCELONA.( Redacci\u00f3n.) <strong>\u2013 </strong>En una numerosa canonizaci\u00f3n, el Papa eleva hoy a los altares a nueve religiosos de los Hermanos de las Escuelas Cristianas, tambi\u00e9n llamados de la Salle: <strong>son los m\u00e1rtires de Tur\u00f3n (Asturias) del a\u00f1o 1934</strong>&nbsp; &nbsp; <a href=\"https://www.elvalledeturon.net/prensa/pdf-prensa-nuevo/1991-2000/1999/11-nov/21-11-1999-el-papa-eleva-hoy.pdf\" target=\"_blank\">&lt; Ver PDF &gt;</a></p>\r\n\r\n<hr />\r\n<p>&nbsp;</p>\r\n\r\n<p><strong>Testigos de la fe y del amor a los m\u00e1s d\u00e9biles</strong></p>\r\n\r\n<p>Fuente: La Vanguardia 22-11-1999</p>\r\n\r\n<p>HOY, FESTIVIDAD de Jesucristo Rey del universo, el Papa preside la ceremonia de canonizaci\u00f3n en Roma de un grupo de nueve religiosos de los Hermanos de las Escuelas Cristianas o de la Salle. <strong>Se trata de los hermanos de la comunidad de Tur\u00f3n (Asturias), que fueron asesinados en 1934&nbsp; &nbsp;</strong><a href=\"https://www.elvalledeturon.net/prensa/pdf-prensa-nuevo/1991-2000/1999/11-nov/21-11-1999-testigos-de-la-fe.pdf\" target=\"_blank\">&lt; Ver PDF &gt;</a></p>\r\n\r\n<hr />\r\n<p>&nbsp;</p>\r\n\r\n<p><strong>El Papa proclama santos a diez religiosos uno de ellos argentino, fusilados en Espa\u00f1a en los a\u00f1os 30</strong></p>\r\n\r\n<p>Fuente: La Vanguardia 22-11-1999</p>\r\n\r\n<p>CIUDAD DEL VATICANO. (Efe.)</p>\r\n\r\n<p>Nueve religiosos espa\u00f1oles y uno argentino fusilados durante la revoluci\u00f3n de Asturias y la Guerra Civil espa\u00f1ola de 1936-39&nbsp;&nbsp;&nbsp; Ocho de los nueve religiosos espa\u00f1oles canonizados y el argentino <strong>fueron fusilados en la localidad asturiana de Tur\u00f3n durante los incidentes de 1934&nbsp; <a href=\"https://www.elvalledeturon.net/prensa/pdf-prensa-nuevo/1991-2000/1999/11-nov/22-11-1999-papa-proclama-santos.pdf\" target=\"_blank\">&nbsp;&nbsp;</a></strong><a href=\"https://www.elvalledeturon.net/prensa/pdf-prensa-nuevo/1991-2000/1999/11-nov/22-11-1999-papa-proclama-santos.pdf\" target=\"_blank\">&lt; Ver PDF &gt;</a></p>\r\n\r\n<p>&nbsp;</p>\r\n", "author_name": "", "version": "1.0", "author_url": "https://www.elvalledeturon.net/author/jorgevarela", "provider_name": "El valle de Turon", "type": "rich"}