{"provider_url": "https://www.elvalledeturon.net", "title": "Abril", "html": "<div style=\"text-align: justify; margin: 0cm 0cm 6pt\">\r\n<p><strong>Un partido de Tercera y otro de preferente </strong></p>\r\n\r\n<p>El Comercio. Deportes 01-04-2006</p>\r\n\r\n<p>S\u00f3lo se jugar\u00e1 hoy un partido de Tercera en Asturias, el que jugar\u00e1n el Siero y el Oviedo ACF en Villarea. Tambi\u00e9n se disputar\u00e1 en preferente el <strong>Tur\u00f3n</strong>-Pumar\u00edn. Los equipos asturianos de Divisi\u00f3n de Honor juvenil juegan todos hoy. El Sporting, en La Albericia, ante el Racing; el Oviedo recibe al Bansander y el Avil\u00e9s puede consumar su descenso ante el Deportivo.&nbsp; <a href=\"https://www.elcomercio.es/pg060401/prensa/noticias/Deportes/200604/01/GIJ-DEP-222.html\" title=\"Un partido de Tercera y otro de preferente\">&lt;Ampliar noticia&gt;</a></p>\r\n\r\n<hr />\r\n<p>&nbsp;</p>\r\n\r\n<p><strong>Goleada del Pumar\u00edn en Tur\u00f3n </strong></p>\r\n\r\n<p>El Comercio. Deportes&nbsp; 02-04-2006</p>\r\n\r\n<p>Juan Vald\u00e9s, antes del descanso, y Ren\u00e9 (2) en la reanudaci\u00f3n firmaron el triunfo del Pumar\u00edn en <strong>Tur\u00f3n</strong>.&nbsp; <a href=\"https://www.elcomercio.es/pg060402/prensa/noticias/Deportes/200604/02/GIJ-DEP-227.html\" title=\"Goleada del Pumar\u00edn en Tur\u00f3n\">&lt;Ampliar noticia&gt;</a></p>\r\n\r\n<hr />\r\n<p>&nbsp;</p>\r\n\r\n<p><strong>Arrancan hoy los nuevos horarios en las l\u00edneas de Tur\u00f3n, Ujo y Valdefarrucos</strong></p>\r\n\r\n<p>El Comercio. Asturias/Cuencas Asturias 03-04-2006</p>\r\n\r\n<p>M. V.MIERES</p>\r\n\r\n<p>La Empresa Municipal de Transportes de Mieres, Emutsa, ha puesto hoy en funcionamiento los nuevos horarios que afectan a dos de sus l\u00edneas principales, la del valle de <strong>Tur\u00f3n</strong> y la Ujo-Valdefarrucos, donde se concentran el mayor n\u00famero de usuarios, a los que pretende ofrecer mejores servicios.&nbsp; <a href=\"https://www.elcomercio.es/pg060403/prensa/noticias/Cuencas/200604/03/GIJ-CUE-077.html\" title=\"Arrancan hoy los nuevos horarios en las l\u00edneas de Tur\u00f3n, Ujo y Valdefarrucos\">&lt;Ampliar noticia&gt;</a></p>\r\n\r\n<hr />\r\n<p>&nbsp;</p>\r\n\r\n<p><strong>Tur\u00f3n viste la mina con camelias </strong></p>\r\n\r\n<p>La Nueva Espa\u00f1a Caudal - 03/04/2006</p>\r\n\r\n<p>Flores y vestigios de la <strong>arqueolog\u00eda</strong> <strong>industrial</strong> de <strong>Tur\u00f3n</strong>. \u00c9sa fue la mezcla elegida por la asociaci\u00f3n Amigos de la Camelia de Tur\u00f3n para la muestra dedicada a la flor que se abri\u00f3 ayer en la localidad.</p>\r\n\r\n<p>Los Amigos de la Camelia de Tur\u00f3n celebraron un emotivo homenaje a la miner\u00eda con la plantaci\u00f3n de varios ejemplares de la flor oriental en el <strong>barrio</strong> de <strong>San</strong> <strong>Francisco</strong> y una ofrenda al monumento al minero turon\u00e9s. La exposici\u00f3n dedicada a la camelia se cerrar\u00e1 hoy con la visita de varios colegios &nbsp;&nbsp;<a href=\"http://www.lne.es/secciones/noticia.jsp?pRef=1232_39_391178__Caudal-Turon-viste-mina-camelias\">&lt;Ampliar noticia&gt;</a></p>\r\n\r\n<hr />\r\n<p>&nbsp;</p>\r\n\r\n<p><strong>Tur\u00f3n cierra las segundas jornadas de la camelia</strong></p>\r\n\r\n<p>La Voz de Asturias - 03/04/2006</p>\r\n\r\n<p>La <strong>Asociaci\u00f3n</strong> <strong>Amigos</strong> de la <strong>Camelia</strong> del <strong>Valle</strong> de <strong>Tur\u00f3n</strong> realiz\u00f3 ayer una ofrenda floral ante el Monumento al Minero a las doce y media de la ma\u00f1ana.<a href=\"http://www.lavozdeasturias.es/noticias/noticia.asp?pkid=263970\" title=\"Accede al resto de la noticia\">[Ampliar noticia]</a></p>\r\n\r\n<hr />\r\n<p>&nbsp;</p>\r\n\r\n<p><strong>Diasa cierra su inversi\u00f3n en Tur\u00f3n y pide licencia para empezar a producir f\u00e1rmacos </strong></p>\r\n\r\n<p>La Nueva Espa\u00f1a Caudal - 04/04/2006</p>\r\n\r\n<p>Tur\u00f3n (Mieres), Beatriz G. FANJUL</p>\r\n\r\n<p>La empresa de f\u00e1rmacos Diasa Europa, <strong>asentada</strong> en <strong>Tur\u00f3n</strong> con ayudas de fondos mineros, ha concluido ya su inversi\u00f3n en el pol\u00edgono industrial de La Cuadriella, de 11 millones de euros. La firma acaba de solicitar licencia de apertura &nbsp;&nbsp;<a href=\"http://www.lne.es/secciones/noticia.jsp?pRef=1233_39_391490__Caudal-Diasa-cierra-inversion-Turon-pide-licencia-para-empezar-producir-farmacos\">&lt;Ampliar noticia&gt;</a></p>\r\n\r\n<hr />\r\n<p>&nbsp;</p>\r\n\r\n<p><strong>Almanaque act\u00faa en el Ateneo de Tur\u00f3n</strong></p>\r\n\r\n<p>La Voz de Asturias - 05/04/2006</p>\r\n\r\n<p>El <strong>Ateneo</strong> de <strong>Tur\u00f3n</strong> acoge hoy, a partir de las 19.30 horas, un concierto del grupo Almanaque con el prestigioso gaitero Alberto Varillas (premio Mcallan).&nbsp;&nbsp; <a href=\"http://www.lavozdeasturias.es/noticias/noticia.asp?pkid=264428\" title=\"Accede al resto de la noticia\">[Ampliar noticia]</a></p>\r\n\r\n<hr />\r\n<p>&nbsp;</p>\r\n\r\n<p><strong>Tur\u00f3n exige la rehabilitaci\u00f3n de la casa de la Juventud</strong></p>\r\n\r\n<p>La Voz de Asturias - 05/04/2006</p>\r\n\r\n<p>La <strong>plataforma</strong> <strong>juvenil</strong> de <strong>Tur\u00f3n</strong> reclam\u00f3 ayer a la directora del Instituto Asturiano de la Juventud, Carmen Barrera, la \"urgente e inmediata\" rehabilitaci\u00f3n integral de la Casa de la Juventud de la localidad&nbsp;&nbsp; <a href=\"http://www.lavozdeasturias.es/noticias/noticia.asp?pkid=264435\" title=\"Accede al resto de la noticia\">[Ampliar noticia]</a></p>\r\n\r\n<hr />\r\n<p>&nbsp;</p>\r\n\r\n<p><strong>El Llano y el Acesol golean a equipos bercianos </strong></p>\r\n\r\n<p>El Comercio. Deportes 05-04-2006</p>\r\n\r\n<p>MONCHU MEN\u00c9NDEZGIJ\u00d3N</p>\r\n\r\n<p>El Restauraciones El Llano y el Acesol Tuc\u00e1n salieron victoriosos de su doble enfrentamiento frente a conjuntos bercianos en la vigesimosexta jornada de la Primera Nacional A. As\u00ed, el equipo gijon\u00e9s super\u00f3 al Atl\u00e9tico Bembibre por 1-12, mientras que los de <strong>Tur\u00f3n</strong>, actualmente l\u00edderes de la categor\u00eda, no se quedaron cortos frente al Ponferrada XXI, al que derrotaron por 9-1.&nbsp; <a href=\"https://www.elcomercio.es/pg060405/prensa/noticias/Deportes/200604/05/GIJ-DEP-228.html\" title=\"El Llano y el Acesol golean a equipos bercianos\">&lt;Ampliar noticia&gt;</a></p>\r\n\r\n<hr />\r\n<p>&nbsp;</p>\r\n\r\n<p><strong>El PSOE de Mieres prev\u00e9 destinar a sueldos el 44% del presupuesto </strong></p>\r\n\r\n<p>El Comercio. Asturias/Cuencas Asturias 06-04-2006</p>\r\n\r\n<p>D. D. M.MIERES</p>\r\n\r\n<p>El grupo municipal del Partido Socialista en el Ayuntamiento de Mieres present\u00f3 ayer a los dos partidos de la oposici\u00f3n su propuesta presupuestaria para el a\u00f1o en curso.</p>\r\n\r\n<p>El equipo de Gobierno propone emplear m\u00e1s del 20% de esa inversi\u00f3n, cerca de 800.000 euros, en las mejoras viales de n\u00facleos rurales y de equipamientos deportivos en Tur\u00f3n.&nbsp; Dentro de las carreteras rurales se destaca la de <strong>Bra\u00f1alamosa</strong>-<strong>Tablao</strong>, a <strong>Pandel</strong> y a la de <strong>La</strong> <strong>Cuadriella</strong>-<strong>Los</strong> <strong>Valles</strong>&nbsp; <a href=\"https://www.elcomercio.es/pg060406/prensa/noticias/Cuencas/200604/06/GIJ-CUE-093.html\" title=\"El PSOE de Mieres prev\u00e9 destinar a sueldos el 44% del presupuesto\">&lt;Ampliar noticia&gt;</a></p>\r\n\r\n<hr />\r\n<p>&nbsp;</p>\r\n\r\n<p><strong>Comenz\u00f3 la diversi\u00f3n </strong></p>\r\n\r\n<p>El Comercio. Deportes 07-04-2006</p>\r\n\r\n<p>PABLO R. GUARDADOGIJ\u00d3N</p>\r\n\r\n<p>El Torneo Internacional del colegio de la Inmaculada, que este a\u00f1o cumple su vig\u00e9simo primera edici\u00f3n, dio ayer su pistoletazo de salida con el inicio de las competiciones en las que la pelota es la protagonista: f\u00fatbol, baloncesto y balonmano. Los buenos resultados, sin embargo, no pudieron repetirse en balonmano, aunque otro equipo gijon\u00e9s, el Calder\u00f3n de la Barca femenino, ya se asegur\u00f3 su pase a las semifinales al derrotar al San Ignacio ovetense (21-14) y a La <strong>Salle</strong> de <strong>Tur\u00f3n</strong> (27-5). <a href=\"https://www.elcomercio.es/pg060407/prensa/noticias/Deportes/200604/07/GIJ-DEP-239.html\" title=\"Comenz\u00f3 la diversi\u00f3n\">&lt;Ampliar noticia&gt;</a></p>\r\n\r\n<hr />\r\n<p>&nbsp;</p>\r\n\r\n<p><strong>La Asociaci\u00f3n del Parkinson celebra el d\u00eda mundial de la enfermedad </strong></p>\r\n\r\n<p>El Comercio. Avil\u00e9s Asturias 07-04-2006</p>\r\n\r\n<p>H. F.LAS VEGAS</p>\r\n\r\n<p>La Asociaci\u00f3n Parkinson Corvera organiza hoy y ma\u00f1ana unas jornadas para conmemorar el D\u00eda Internacional de la enfermedad, seg\u00fan se\u00f1al\u00f3 el presidente de la entidad, Julio C\u00e9sar Fern\u00e1ndez Gonz\u00e1lez.</p>\r\n\r\n<p>Los actos continuar\u00e1n, ma\u00f1ana a las 19 horas en el centro cultural El Llar de Las Vegas, con la actuaci\u00f3n del <strong>Coro</strong> <strong>Minero</strong> de <strong>Tur\u00f3n</strong> y la Asociaci\u00f3n Coral Avilesina.&nbsp; <a href=\"https://www.elcomercio.es/pg060407/prensa/noticias/Aviles/200604/07/GIJ-AVI-088.html\" title=\"La Asociaci\u00f3n del Parkinson celebra el d\u00eda mundial de la enfermedad\">&lt;Ampliar noticia&gt;</a></p>\r\n\r\n<hr />\r\n<p>&nbsp;</p>\r\n\r\n<p><strong>Un minero de Jovesa, herido al quedar atrapado m\u00e1s de cuatro horas por un costero </strong></p>\r\n\r\n<p>El Comercio. Asturias/Cuencas Asturias 07-04-2006</p>\r\n\r\n<p>D. D. M.SANTIB\u00c1\u00d1EZ DE MURIAS</p>\r\n\r\n<p>Un trabajador de la empresa Mina Jovesa, situada en la localidad allerana de Santib\u00e1\u00f1ez, de Murias, result\u00f3 herido durante la tarde del pasado mi\u00e9rcoles al ser alcanzado por un costero. Juan Carlos Cienfuegos, de 39 a\u00f1os, sufri\u00f3 policontusiones y traumatismo tor\u00e1cico, tras quedar atrapado durante m\u00e1s de cuatro horas debajo de un costero</p>\r\n\r\n<p>El 15 de junio de 1999 el <strong>turon\u00e9s</strong> <strong>Luis</strong> <strong>Hern\u00e1ndez</strong> <strong>Barrag\u00e1n</strong>, de 36 a\u00f1os y entonces delegado del sindicato SOMA-FIA-UGT perdi\u00f3 la vida en esa explotaci\u00f3n minera que llevaba 20 a\u00f1os sin registrar ninguna v\u00edctima mortal.&nbsp; <a href=\"https://www.elcomercio.es/pg060407/prensa/noticias/Cuencas/200604/07/GIJ-CUE-105.html\" title=\"Un minero de Jovesa, herido al quedar atrapado m\u00e1s de cuatro horas por un costero\">&lt;Ampliar noticia&gt;</a></p>\r\n\r\n<hr />\r\n<p>&nbsp;</p>\r\n\r\n<p><strong>Arranca el \u00b4Biblioviaje\u00b4 en Mieres y Tur\u00f3n</strong></p>\r\n\r\n<p>La Voz de Asturias - 07/04/2006</p>\r\n\r\n<p>La biblioteca municipal inaugur\u00f3 ayer el nuevo programa de animaci\u00f3n a la lectura. La concejal de cultura, Diana Gonz\u00e1lez, asisti\u00f3 al estreno de la puesta en escena del \u00b4Biblioviaje\u00b4 cuya actividad se simultanear\u00e1 en los centros de Mieres y <strong>Tur\u00f3n</strong> aunque con distintas propuestas&nbsp;&nbsp; <a href=\"http://www.lavozdeasturias.es/noticias/noticia.asp?pkid=264931\" title=\"Accede al resto de la noticia\">[Ampliar noticia]</a></p>\r\n\r\n<hr />\r\n<p>&nbsp;</p>\r\n\r\n<p><strong>IU propone que se destine de los fondos mineros una partida espec\u00edfica para Tur\u00f3n </strong></p>\r\n\r\n<p>La Nueva Espa\u00f1a . Caudal - 07/04/2006</p>\r\n\r\n<p>Mieres del Camino, Jos\u00e9 Luis SALINAS</p>\r\n\r\n<p>IU de Mieres anunci\u00f3 ayer que, en la pr\u00f3xima mesa de negociaci\u00f3n de los fondos mineros, propondr\u00e1 una partida econ\u00f3mica espec\u00edfica para el <strong>valle</strong> de <strong>Tur\u00f3n</strong>. El edil de la coalici\u00f3n Marcos Cienfuegos asegur\u00f3 que ser\u00e1 una de las propuestas que se har\u00e1n.&nbsp; <a href=\"http://www.lne.es/secciones/noticia.jsp?pRef=1236_39_392629__Caudal-propone-destine-fondos-mineros-partida-especifica-para-Turon\">&lt;Ampliar noticia&gt;</a></p>\r\n\r\n<hr />\r\n<p>&nbsp;</p>\r\n\r\n<p><strong>El coro del Centro Asturiano estrenar\u00e1 una obra en el Encuentro Coral de Habaneras </strong></p>\r\n\r\n<p>El Comercio. Avil\u00e9s Asturias 08-04-2006</p>\r\n\r\n<p>H. F.AVIL\u00c9S</p>\r\n\r\n<p>El estreno de la obra 'A tu lado' del compositor vasco Javi Busto que interpretar\u00e1 el coro del Centro Asturiano de La Habana en Avil\u00e9s ser\u00e1 la novedad del XV Encuentro Coral de Habaneras.</p>\r\n\r\n<p>En la segunda jornada actuar\u00e1n la Coral Polif\u00f3nica Cruz de la Victoria, de Oviedo; la Coral Aires de Cand\u00e1s, el <strong>Coro</strong> <strong>Minero</strong> de <strong>Tur\u00f3n</strong> y el Coro del Centro Asturiano de La Habana en Avil\u00e9s.&nbsp; <a href=\"https://www.elcomercio.es/pg060408/prensa/noticias/Aviles/200604/08/GIJ-AVI-060.html\" title=\"El coro del Centro Asturiano estrenar\u00e1 una obra en el Encuentro Coral de Habaneras\">&lt;Ampliar noticia&gt;</a></p>\r\n\r\n<hr />\r\n<p>&nbsp;</p>\r\n\r\n<p><strong>La Asociaci\u00f3n Parkinson Corvera celebr\u00f3 con \u00e9xito el D\u00eda mundial de la enfermedad </strong></p>\r\n\r\n<p>El Comercio. Avil\u00e9s Asturias 09-04-2006</p>\r\n\r\n<p>H. F.LAS VEGAS</p>\r\n\r\n<p>La Asociaci\u00f3n Parkinson Corvera clausur\u00f3 ayer con \u00e9xito los actos celebrados con motivo del D\u00eda mundial de la enfermedad, seg\u00fan se\u00f1al\u00f3 el presidente de la entidad, Julio C\u00e9sar Fern\u00e1ndez Gonz\u00e1lez.</p>\r\n\r\n<p>La actuaci\u00f3n del <strong>Coro</strong> Min<strong>e</strong>ro de <strong>Tur\u00f3n</strong> y de la Asociaci\u00f3n Coral Avilesina llenaron de p\u00fablico asistente las butacas del centro cultural El Llar, de Las Vegas.&nbsp; <a href=\"https://www.elcomercio.es/pg060409/prensa/noticias/Aviles/200604/09/GIJ-AVI-058.html\" title=\"La Asociaci\u00f3n Parkinson Corvera celebr\u00f3 con \u00e9xito el D\u00eda mundial de la enfermedad\">&lt;Ampliar noticia&gt;</a></p>\r\n\r\n<hr />\r\n<p>&nbsp;</p>\r\n\r\n<p><strong>Notarios del medio ambiente </strong></p>\r\n\r\n<p>El Comercio. Asturias/Cuencas Asturias 10-04-2006</p>\r\n\r\n<p>MARTA VARELABLIMEA</p>\r\n\r\n<p>La <strong>nutria</strong> <strong>europea</strong> ('lutra lutra') ha incrementado su presencia en los r\u00edos y embalses de las dos cuencas mineras durante los \u00faltimos cinco a\u00f1os. Al menos, eso asegura la Consejer\u00eda de Medio Ambiente, las organizaciones ecologistas y los pescadores, que confirman su presencia en la mayor\u00eda de los r\u00edos y en todos los embalses mineros.</p>\r\n\r\n<p>En las <strong>dos</strong> <strong>cuencas</strong> <strong>su</strong> <strong>presencia</strong> <strong>es</strong> <strong>diferente</strong>: mientras en el Nal\u00f3n se centra fundamentalmente en los dos embalses existentes (Tanes y Rioseco), en el Caudal su presencia est\u00e1 por todo el r\u00edo que le da el nombre, desde Santa Cruz hasta Argame, aunque resulta m\u00e1s dif\u00edcil avistarlas en la zona de Cenera y <strong>Tur\u00f3n</strong>.&nbsp; <a href=\"https://www.elcomercio.es/pg060410/prensa/noticias/Cuencas/200604/10/GIJ-CUE-081.html\" title=\"Notarios del medio ambiente\">&lt;Ampliar noticia&gt;</a></p>\r\n\r\n<hr />\r\n<p>&nbsp;</p>\r\n\r\n<p><strong>El Praviano no perdona y se consolida en la segunda plaza </strong></p>\r\n\r\n<p>El Comercio. Deportes 10-04-2006</p>\r\n\r\n<p>TINOPRAVIA</p>\r\n\r\n<p>El Praviano se consolida en el segundo puesto de la clasificaci\u00f3n al imponerse con autoridad a un <strong>Tur\u00f3n</strong> que, pese a que siempre estuvo a merced de los locales, nunca arroj\u00f3 la toalla. <a href=\"https://www.elcomercio.es/pg060410/prensa/noticias/Deportes/200604/10/GIJ-DEP-219.html\" title=\"El Praviano no perdona y se consolida en la segunda plaza\">&lt;Ampliar noticia&gt;</a></p>\r\n\r\n<hr />\r\n<p>&nbsp;</p>\r\n\r\n<p><strong>La modernidad se impone en La Cuadriella, con siete talleres cil\u00edndricos y de color amarillo </strong></p>\r\n\r\n<p>La Nueva Espa\u00f1a Caudal - 10/04/2006</p>\r\n\r\n<p>El <strong>proyecto</strong> <strong>premiado</strong> de <strong>Tur\u00f3n</strong> fue encargado por la empresa minera Hunosa, promotor y propietario de los siete originales <strong>garajes</strong> <strong>construidos</strong> en La <strong>Cuadriella</strong>. La imagen de la derecha muestra la obra del arquitecto Miguel \u00c1ngel Garc\u00eda-Pola Vallejo. &nbsp;<a href=\"http://www.lne.es/secciones/noticia.jsp?pRef=1239_39_393470__Caudal-modernidad-impone-Cuadriella-siete-talleres-cilindricos-color-amarillo\">&lt;Ampliar noticia&gt;</a></p>\r\n\r\n<hr />\r\n<p>&nbsp;</p>\r\n\r\n<p><strong>El Acesol logra un importante triunfo en Benavente </strong></p>\r\n\r\n<p>El Comercio. Deportes 12-04-2006</p>\r\n\r\n<p>MONCHU MEN\u00c9NDEZGIJ\u00d3N</p>\r\n\r\n<p>El Acesol Tuc\u00e1n se acerca al objetivo del ascenso tras ganar a domicilio al Benavente (5-7), tercer clasificado y rival directo, con el apoyo de 100 aficionados en la localidad zamorana. Este resultado sit\u00faa, adem\u00e1s, al conjunto turon\u00e9s como l\u00edder en solitario de la Primera Nacional A, puesto que el Reale A Estrada disfrut\u00f3 de jornada de descanso.&nbsp; <a href=\"https://www.elcomercio.es/pg060412/prensa/noticias/Deportes/200604/12/GIJ-DEP-195.html\" title=\"El Acesol logra un importante triunfo en Benavente\">&lt;Ampliar noticia&gt;</a></p>\r\n\r\n<hr />\r\n<p>&nbsp;</p>\r\n\r\n<p><strong>Asturias vive una jornada futbol\u00edstica </strong></p>\r\n\r\n<p>El Comercio. Deportes 13-04-2006</p>\r\n\r\n<p>REDACCI\u00d3NGIJ\u00d3N</p>\r\n\r\n<p>El bal\u00f3n no parar\u00e1 de rodar en Asturias en Semana Santa y durante la jornada festiva de hoy se disputar\u00e1n una gran cantidad de partidos que tuvieron que ser aplazados en su d\u00eda por diferentes circunstancias. As\u00ed, en regional preferente se celebrar\u00e1n seis partidos pendientes de la jornada 21, adem\u00e1s del choque entre el <strong>Tur\u00f3n</strong> y el Tineo, correspondiente a la pr\u00f3xima jornada y que se ha adelantado para esta tarde.&nbsp; <a href=\"https://www.elcomercio.es/pg060413/prensa/noticias/Deportes/200604/13/GIJ-DEP-196.html\" title=\"Asturias vive una jornada futbol\u00edstica\">&lt;Ampliar noticia&gt;</a></p>\r\n\r\n<hr />\r\n<p>&nbsp;</p>\r\n\r\n<p><strong>Hunosa cede a Mieres una parcela en Abla\u00f1a para construir m\u00e1s de cien pisos sociales </strong></p>\r\n\r\n<p>El Comercio. Asturias/Cuencas Asturias 13-04-2006</p>\r\n\r\n<p>D. DE MIGUELMIERES</p>\r\n\r\n<p>La compa\u00f1\u00eda estatal Hulleras del Norte, S.A. (Hunosa) ceder\u00e1 a Mieres una parcela en Abla\u00f1a que permitir\u00e1 crear una unidad de gesti\u00f3n para construir m\u00e1s de un centenar de viviendas sociales.</p>\r\n\r\n<p>A estas nuevas promociones de vivienda p\u00fablica se unir\u00e1n las 711 que se construir\u00e1n en la Mayacina, las 216 previstas en el barrio de O\u00f1\u00f3n y las 56 anunciadas por el Principado para el <strong>barrio</strong> de <strong>San</strong> <strong>Jos\u00e9</strong> de <strong>Tur\u00f3n</strong>. <a href=\"https://www.elcomercio.es/pg060413/prensa/noticias/Cuencas/200604/13/GIJ-CUE-082.html\" title=\"Hunosa cede a Mieres una parcela en Abla\u00f1a para construir m\u00e1s de cien pisos sociales\">&lt;Ampliar noticia&gt;</a></p>\r\n\r\n<hr />\r\n<p>&nbsp;</p>\r\n\r\n<p><strong>El Tur\u00f3n se hizo acreedor al triunfo </strong></p>\r\n\r\n<p>El Comercio. Deportes 14-04-2006</p>\r\n\r\n<p>Mereci\u00f3 m\u00e1s el <strong>Tur\u00f3n</strong> frente a un Tineo que jug\u00f3 al pelotazo y nunca inquiet\u00f3 a Costales. Por contra, los locales dispusieron de buenas ocasiones a cargo de R\u00f3ber y Lozano en la primera parte y, tras el descanso, les escamotearon un penalti de Burri a Chule y pudieron marcar en tiros de Lozano y Chule. / JAVIER&nbsp; <a href=\"https://www.elcomercio.es/pg060414/prensa/noticias/Deportes/200604/14/GIJ-DEP-200.html\" title=\"El Tur\u00f3n se hizo acreedor al triunfo\">&lt;Ampliar noticia&gt;</a></p>\r\n\r\n<hr />\r\n<p>&nbsp;</p>\r\n\r\n<p><strong>Las corales asturianas cerrar\u00e1n esta tarde el XV Encuentro de Habaneras </strong></p>\r\n\r\n<p>El Comercio. Avil\u00e9s Asturias 17-04-2006</p>\r\n\r\n<p>C. B.AVIL\u00c9S</p>\r\n\r\n<p>Tras la jornada de ayer, en la que el protagonismo recay\u00f3 en formaciones de fuera de la regi\u00f3n (tres c\u00e1ntabras y una gallega), las agrupaciones asturianas centran esta tarde el cierre del XV Encuentro Coral de Habaneras, que organiza el Centro Asturiano de La Habana. El auditorio de la Casa de Cultura albergar\u00e1, a partir de las ocho de la tarde, las actuaciones de la Coral Polif\u00f3nica de la Victoria, la Coral de Cand\u00e1s, el <strong>Coro</strong> <strong>Minero</strong> de <strong>Tur\u00f3n</strong> y el coro del propio Centro Asturiano de La Habana.&nbsp; <a href=\"https://www.elcomercio.es/pg060417/prensa/noticias/Aviles/200604/17/GIJ-AVI-044.html\" title=\"Las corales asturianas cerrar\u00e1n esta tarde el XV Encuentro de Habaneras\">&lt;Ampliar noticia&gt;</a></p>\r\n\r\n<hr />\r\n<p>&nbsp;</p>\r\n\r\n<p><strong>Estatuas </strong></p>\r\n\r\n<p>El Comercio. Gij\u00f3n. Asturias 17-04-2006</p>\r\n\r\n<p>ARTURO ARIAS</p>\r\n\r\n<p>Sin pudor ni rubor algunos, y merced a su prodigiosa memoria elefantina (todav\u00eda recuerda -y me recuerda- las cinco pesetas que me prest\u00f3 en el a\u00f1o 1960 y que hoy, al cambio, y teniendo en cuenta los intereses de demora, ser\u00edan unos 300 euros, aproximadamente) el motejado Casacites apabull\u00f3 a los contertulios participantes en una charla sobre las diferentes caracter\u00edsticas de la estatuaria contempor\u00e1nea existente en Gij\u00f3n y Oviedo</p>\r\n\r\n<p>-\u00bfSab\u00edais que Gabino le propuso a Jos\u00e9 \u00c1ngel Fern\u00e1ndez Villa erigirle una estatua en carb\u00f3n en la que el l\u00edder sindical tuviera una pose id\u00e9ntica a la del 'Disc\u00f3bolo' de Mir\u00f3n para situarla justamente enfrente del despacho de Tini Areces.</p>\r\n\r\n<p>-Ya tengo t\u00edtulo: <strong>'El d\u00edscolo de Tur\u00f3n'</strong>.</p>\r\n\r\n<p>-Con raz\u00f3n bautizaron al mandam\u00e1s carbay\u00f3n como 'Gabino I el Iconoplasta'.&nbsp; <a href=\"https://www.elcomercio.es/pg060417/prensa/noticias/Gijon/200604/17/GIJ-GIJ-027.html\" title=\"Estatuas\">&lt;Ampliar noticia&gt;</a></p>\r\n\r\n<hr />\r\n<p>&nbsp;</p>\r\n\r\n<p><strong>Brillante cierre del Encuentro de Habaneras </strong></p>\r\n\r\n<p>El Comercio. Avil\u00e9s. Asturias 18-04-2006</p>\r\n\r\n<p>C. B.AVIL\u00c9S</p>\r\n\r\n<p>El auditorio de la Casa de Cultura acogi\u00f3 en la tarde de ayer el brillante final del XV Encuentro Coral de Habaneras que organiza el Centro Asturiano de La Habana, una de las citas musicales m\u00e1s importantes de las fiestas de El Bollo. Las formaciones que participaron en la segunda y \u00faltima jornada del certamen fueron la Coral Polif\u00f3nica de la Victoria, la Coral de Cand\u00e1s, el <strong>Coro</strong> <strong>Minero</strong> de <strong>Tur\u00f3n</strong> y el coro del propio Centro Asturiano de La Habana.&nbsp; <a href=\"https://www.elcomercio.es/pg060418/prensa/noticias/Aviles/200604/18/GIJ-SUB-062.html\" title=\"Brillante cierre del Encuentro de Habaneras\">&lt;Ampliar noticia&gt;</a></p>\r\n\r\n<hr />\r\n<p>&nbsp;</p>\r\n\r\n<p><strong>IU de Mieres exige al PSOE un aumento de inversiones para apoyar el presupuesto </strong></p>\r\n\r\n<p>El Comercio. Asturias/Cuencas Asturias 18-04-2006</p>\r\n\r\n<p>D. D. MMIERES</p>\r\n\r\n<p>El grupo municipal de Izquierda Unida en el Ayuntamiento de Mieres propondr\u00e1 hoy al equipo de Gobierno incrementar en m\u00e1s de 400.000 euros el cap\u00edtulo de inversiones previsto en la propuesta presupuestaria para este a\u00f1o que hace unos d\u00edas presentaron los socialistas y que se debatir\u00e1 hoy en sesi\u00f3n extraordinaria. Casi la mitad de esa inversi\u00f3n adicional ir\u00eda destinada al plan de carreteras donde plantean destinar 90.000 euros a la reforma de La Quinta, 60.000 a El <strong>Collau</strong> y otros 90.000 a la <strong>Carcarosa</strong>-La <strong>Cabana</strong>. <a href=\"https://www.elcomercio.es/pg060418/prensa/noticias/Cuencas/200604/18/GIJ-CUE-086.html\" title=\"IU de Mieres exige al PSOE un aumento de inversiones para apoyar el presupuesto\">&lt;Ampliar noticia&gt;</a></p>\r\n\r\n<hr />\r\n<p>&nbsp;</p>\r\n\r\n<p><strong>Jairo lider\u00f3 a un Nal\u00f3n que gan\u00f3 con claridad </strong></p>\r\n\r\n<p>El Comercio. Deportes 24-04-2006</p>\r\n\r\n<p>El Nal\u00f3n sum\u00f3 tres puntos que le permiten seguir en la parte alta de la tabla al derrotar al Tur\u00f3n con triplete de Jairo, quien dej\u00f3 el partido sentenciado antes del descanso. Tras la reanudaci\u00f3n los de Olloniego bajaron el ritmo y el <strong>Tur\u00f3n</strong> logr\u00f3 el gol del honor. / PABLO <a href=\"https://www.elcomercio.es/pg060424/prensa/noticias/Deportes/200604/24/GIJ-DEP-202.html\" title=\"Jairo lider\u00f3 a un Nal\u00f3n que gan\u00f3 con claridad\">&lt;Ampliar noticia&gt;</a></p>\r\n\r\n<hr />\r\n<p>&nbsp;</p>\r\n\r\n<p><strong>El Cudillero perdi\u00f3 en Navia y el San Mart\u00edn vuelve a la zona de ascenso </strong></p>\r\n\r\n<p>El Comercio. Deportes 25-04-2006</p>\r\n\r\n<p>LAYGIJ\u00d3N</p>\r\n\r\n<p>El Llanes s\u00f3lo pudo empatar en Pola de Lena ante un Lenense muy respond\u00f3n, pero mantiene el tipo en la cabeza de la tabla clasificatoria de la regional preferente.</p>\r\n\r\n<p>Piwi, m\u00e1ximo goleador: El m\u00e1ximo goleador de regional preferente es el delantero del San Mart\u00edn David Piwi, con 21 goles. Con uno menos marcha Mara\u00f1\u00f3n, del Llanes. Jairo, del Nal\u00f3n, que el pasado domingo consigui\u00f3 contra el <strong>Tur\u00f3n</strong> un 'hat trick', es tercero, con 16 goles.&nbsp; <a href=\"https://www.elcomercio.es/pg060425/prensa/noticias/Deportes/200604/25/GIJ-DEP-241.html\" title=\"El Cudillero perdi\u00f3 en Navia y el San Mart\u00edn vuelve a la zona de ascenso\">&lt;Ampliar noticia&gt;</a></p>\r\n\r\n<hr />\r\n<p>&nbsp;</p>\r\n\r\n<p><strong>Exposici\u00f3n de Mordzinski en Tur\u00f3n</strong></p>\r\n\r\n<p>La Voz de Asturias - 25/04/2006</p>\r\n\r\n<p>El <strong>Ateneo</strong> de <strong>tur\u00f3n</strong> muestra estos d\u00edas la exposici\u00f3n internacional del escritor argentino Daniel Mordzinski que, bajo el ep\u00edgrafe El pa\u00eds de las palabras,&nbsp;&nbsp; <a href=\"http://www.lavozdeasturias.es/noticias/noticia.asp?pkid=268129\" title=\"Accede al resto de la noticia\">[Ampliar noticia]</a></p>\r\n\r\n<hr />\r\n<p>&nbsp;</p>\r\n\r\n<p>&nbsp;</p>\r\n\r\n<p><strong>El Acesol da un paso m\u00e1s hacia el t\u00edtulo de liga</strong></p>\r\n\r\n<p>El Comercio. Deportes - 26-04-2006</p>\r\n\r\n<p>Jornada positiva para el l\u00edder de la categor\u00eda nacional A, el Acesol Tuc\u00e1n, que venci\u00f3 con comodidad en su encuentro ante el Mera (7-0) y vio como su ventaja al frente de la clasificaci\u00f3n aumentaba al empatar el Estrada en Bembibre (8-8). En <a href=\"http://www.elcomerciodigital.com/pg060426/prensa/noticias/Deportes/200604/26/GIJ-DEP-224.html\">[Ampliar noticia]</a></p>\r\n\r\n<hr />\r\n<p>&nbsp;</p>\r\n\r\n<p><strong>El Acesol da un paso m\u00e1s hacia el t\u00edtulo de liga </strong></p>\r\n\r\n<p>El Comercio. Deportes 26-04-2006</p>\r\n\r\n<p>MONCHU MEN\u00c9NDEZGIJ\u00d3N</p>\r\n\r\n<p>Jornada positiva para el l\u00edder de la categor\u00eda nacional A, el Acesol Tuc\u00e1n, que venci\u00f3 con comodidad en su encuentro ante el Mera (7-0) y vio como su ventaja al frente de la clasificaci\u00f3n aumentaba al empatar el Estrada en Bembibre (8-8).</p>\r\n\r\n<p>En cuanto al partido de los asturianos destac\u00f3 el gran trabajo de desgaste realizado <strong>por</strong> los <strong>de</strong> <strong>Tur\u00f3n</strong> que, tras una primera parte muy disputada, lograban retirarse a los vestuarios con ventaja en el luminoso (2-0) gracias a los goles de Valdo y Rober.&nbsp; <a href=\"https://www.elcomercio.es/pg060426/prensa/noticias/Deportes/200604/26/GIJ-DEP-224.html\" title=\"El Acesol da un paso m\u00e1s hacia el t\u00edtulo de liga\">&lt;Ampliar noticia&gt;</a></p>\r\n\r\n<hr />\r\n<p>&nbsp;</p>\r\n\r\n<p><strong>El centro geri\u00e1trico de Santullano se pondr\u00e1 en marcha este a\u00f1o </strong></p>\r\n\r\n<p>El Comercio. Asturias/Cuencas Asturias 27-04-2006</p>\r\n\r\n<p>D. DE MIGUELSANTULLANO</p>\r\n\r\n<p>El Principado planea que la residencia geri\u00e1trica que se est\u00e1 ejecutando en la localidad de Santullano empiece a funcionar en el \u00faltimo trimestre de este a\u00f1o.</p>\r\n\r\n<p>La puesta en marcha del nuevo geri\u00e1trico de Mieres determinar\u00e1 si en <strong>Tur\u00f3n</strong> es o no necesario poner en marcha un centro de apoyo diurno destinado a personas con dependencia leve.&nbsp; <a href=\"https://www.elcomercio.es/pg060427/prensa/noticias/Cuencas/200604/27/GIJ-CUE-103.html\" title=\"El centro geri\u00e1trico de Santullano se pondr\u00e1 en marcha este a\u00f1o\">&lt;Ampliar noticia&gt;</a></p>\r\n\r\n<hr />\r\n<p>&nbsp;</p>\r\n\r\n<p><strong>Exposici\u00f3n fotogr\u00e1fica en el Ateneo de Tur\u00f3n</strong></p>\r\n\r\n<p>La Voz de Asturias&nbsp; -, 29/04/2006</p>\r\n\r\n<p>El periodista argentino Daniel Mordzinski expone en el <strong>Ateneo</strong> de <strong>Tur\u00f3n</strong> hasta el 15 de mayo la muestra El pa\u00eds de las palabras. La exposici\u00f3n es una secuencia de reportajes mezclados con fotograf\u00edas y retratos dedicados a escritores, recoge fotograf\u00edas de literatos como Borges o Delibes.&nbsp; <a href=\"http://www.lavozdeasturias.es/noticias/noticia.asp?pkid=269036\" title=\"Accede al resto de la noticia\">[Ampliar noticia]</a></p>\r\n\r\n<hr />\r\n<p>&nbsp;</p>\r\n\r\n<p><strong>El turones Xandru Fern\u00e1ndez recibi\u00f3 el premio \u00abTrabe\u00bb por su \u00faltima novela </strong></p>\r\n\r\n<p>La Nueva Espa\u00f1a Sociedad y Cultura - 26/04/2006</p>\r\n\r\n<p>Oviedo</p>\r\n\r\n<p><strong>Xandru</strong> <strong>Fern\u00e1ndez</strong> (<strong>Tur\u00f3n</strong>, <strong>1970</strong>) recibi\u00f3 ayer el premio de narraciones \u00abTrabe\u00bb por su novela \u00abLa banda sonora del para\u00edsu\u00bb. Profesor de Filosof\u00eda en el Instituto de Luanco, es poeta, narrador y autor de algunas de las letras de las canciones del grupo \u00abDixebra\u00bb. Viene desarrollando una de &nbsp;&nbsp;<a href=\"http://www.lne.es/secciones/noticia.jsp?pRef=1254_46_398145__Sociedad-y-Cultura-Xandru-Fernandez-recibio-premio-Trabe-ultima-novela\">&lt;Ampliar noticia&gt;</a></p>\r\n</div>\r\n", "author_name": "", "version": "1.0", "author_url": "https://www.elvalledeturon.net/author/jorgevarela", "provider_name": "El valle de Turon", "type": "rich"}