{"provider_url": "https://www.elvalledeturon.net", "title": "Agosto", "html": "<div style=\"text-align: justify; margin: 0cm 0cm 6pt\">\r\n<p><strong>Hunosa cede 190.000 metros cuadrados de terreno a Mieres </strong></p>\r\n\r\n<p>El Comercio. Asturias/Cuencas Asturias&nbsp; 02-08-2006</p>\r\n\r\n<p>D. DE MIGUELMIERES</p>\r\n\r\n<p>La cesi\u00f3n, que supera los 190.000 metros cuadrados, permitir\u00e1 adem\u00e1s al Ayuntamiento poner a disposici\u00f3n de la Consejer\u00eda de Salud la parcela que albergar\u00e1 el futuro <strong>centro</strong> de <strong>salud</strong> de <strong>Tur\u00f3n</strong>; completar la segunda fase de la circunvalaci\u00f3n de la localidad, entre La <strong>Veguina</strong> y el <strong>Pozo</strong> <strong>Santa</strong> B\u00e1rbara; y habilitar un aparcamiento en Lago. Adem\u00e1s de este suelo, Mieres recibir\u00e1 terrenos en la plaza del pozo San Jos\u00e9, pozo Espinos, pozo Fortuna, escombrera de San Benigno, la tercera fase de la Senda Verde, y el \u00e1rea recreativa de La Cabana. Todos ellos para proyectos de \u00edndole tur\u00edstico y cultural.&nbsp; <a href=\"https://www.elcomercio.es/prensa/20060802/cuencas/hunosa-cede-metros-cuadrados_20060802.html\" title=\"Hunosa cede 190.000 metros cuadrados de terreno a Mieres\">&lt;Ampliar noticia&gt;</a></p>\r\n\r\n<hr />\r\n<p>&nbsp;</p>\r\n\r\n<p><strong>Hunosa cede a Mieres suelo para sus proyectos</strong></p>\r\n\r\n<p>La Voz de Asturias - 02/08/2006</p>\r\n\r\n<p>El consistorio prev\u00e9 <strong>ampliar</strong> la <strong>ronda</strong> de <strong>Tur\u00f3n</strong> y construir viviendas en Abla\u00f1a. <a href=\"http://www.lavozdeasturias.es/noticias/noticia.asp?pkid=287376\" title=\"Accede al resto de la noticia\">[Ampliar noticia]</a></p>\r\n\r\n<hr />\r\n<p>&nbsp;</p>\r\n\r\n<p><strong>Festejos apuesta por los fuegos artificiales en la Semana Grande </strong></p>\r\n\r\n<p>El Comercio. Gij\u00f3n Asturias&nbsp; 03-08-2006</p>\r\n\r\n<p>El concejal de Festejos y Juventud, Iv\u00e1n Raja, destac\u00f3 hoy, durante la presentaci\u00f3n del programa de la Semana Grande de Gij\u00f3n, que la Noche de los Fuegos de este a\u00f1o ser\u00e1 compartida por dos empresas pirot\u00e9cnicas, la valenciana 'Antonio Caballer' y la italiana 'Parente Fire Words', que pondr\u00e1n en marcha dos espect\u00e1culos independientes de 15 minutos cada una.</p>\r\n\r\n<p>Por \u00faltimo, los grupos y bandas regionales que estar\u00e1n presentes en la Semana Grande gijonesa son 'El <strong>Coro</strong> <strong>Minero</strong> de <strong>Tur\u00f3n'</strong>; Jos\u00e9 Manuel Iglesias, Victor y Tina Guti\u00e9rrez; 'La Bandina' y la 'Agrupaci\u00f3n Art\u00edstica Gijonesa', adem\u00e1s del 'VI Festival de Gaitas de Gij\u00f3n' y la XX Muestra de Folclore Excelsior.&nbsp; <a href=\"https://www.elcomercio.es/20060803/gijon/empresas-innovaran-noche-fuegos_200608031606.html\" title=\"Festejos apuesta por los fuegos artificiales en la Semana Grande\">&lt;Ampliar noticia&gt;</a></p>\r\n\r\n<hr />\r\n<p>&nbsp;</p>\r\n\r\n<p><strong>La zona rural de Mieres perdi\u00f3 1.800 habitantes en los tres \u00faltimos a\u00f1os </strong></p>\r\n\r\n<p>El Comercio. Asturias/Cuencas Asturias&nbsp; 06-08-2006</p>\r\n\r\n<p>D. DE MIGUELMIERES</p>\r\n\r\n<p>Casi 1.800 vecinos de los 3.000 que ha perdido Mieres en los \u00faltimos tres a\u00f1os viv\u00edan en la zona rural, seg\u00fan el servicio de estad\u00edstica del Ayuntamiento. Los pueblos del valle de Tur\u00f3n concentran casi el 25% de esa sangr\u00eda poblacional debido, sobre todo, al cierre de actividad en la miner\u00eda y a la falta de empresas en la zona.&nbsp; <a href=\"https://www.elcomercio.es/prensa/20060806/cuencas/zona-rural-mieres-perdio_20060806.html\" title=\"La zona rural de Mieres perdi\u00f3 1.800 habitantes en los tres \u00faltimos a\u00f1os\">&lt;Ampliar noticia&gt;</a></p>\r\n\r\n<hr />\r\n<p>&nbsp;</p>\r\n\r\n<p><strong>Fiestas patronales de San Justo de Tur\u00f3n</strong></p>\r\n\r\n<p>La Voz de Asturias - 06/08/2006</p>\r\n\r\n<p>La localidad de <strong>San</strong> <strong>Justo</strong> <strong>de</strong> <strong>Tur\u00f3n</strong> celebra hoy sus fiestas en honor de su patr\u00f3n San Justo y Pastor. Durante la ma\u00f1ana se oficiar\u00e1 una misa que estar\u00e1 acompa\u00f1ada de la tradicional procesi\u00f3n cantada de los santos por las calles del pueblo. Despu\u00e9s de estos actos, los vecinos proceder\u00e1n a la tambi\u00e9n tradicional puya\u00b4l ramu&nbsp;&nbsp; <a href=\"http://www.lavozdeasturias.es/noticias/noticia.asp?pkid=288040\" title=\"Accede al resto de la noticia\">[Ampliar noticia]</a></p>\r\n\r\n<hr />\r\n<p>&nbsp;</p>\r\n\r\n<p><strong>Vecinos de Loredo critican el abandono del patrimonio industrial y minero de Mieres</strong></p>\r\n\r\n<p>El Comercio. Asturias/Cuencas Asturias&nbsp; 10-08-2006</p>\r\n\r\n<p>D. D. M.MIERES</p>\r\n\r\n<p>Un a\u00f1o despu\u00e9s de que el Ayuntamiento inaugurara el aula del ferrocarril minero de Loredo para enriquecer la oferta tur\u00edstica del concejo, este equipamiento sigue cerrado. La denuncia la realiz\u00f3 ayer la Asociaci\u00f3n de Vecinos La G\u00fcertiquina de la localidad mierense,</p>\r\n\r\n<p>El <strong>futuro</strong> <strong>cultural</strong> del <strong>valle</strong> de <strong>Tur\u00f3n</strong> sigue adem\u00e1s pendiente del plan director del pozo de Santa B\u00e1rbara, cuya redacci\u00f3n ten\u00eda ocho meses de ejecuci\u00f3n, plazo que se cumpli\u00f3 en octubre. Ese proyecto consiste en reformar las dependencias de esa explotaci\u00f3n minera con el objetivo de ponerlas en uso como centro de interpretaci\u00f3n del propio valle.&nbsp; <a href=\"https://www.elcomercio.es/prensa/20060810/cuencas/vecinos-loredo-critican-abandono_20060810.html\" title=\"Vecinos de Loredo critican el abandono del patrimonio industrial y minero de Mieres\">&lt;Ampliar noticia&gt;</a></p>\r\n\r\n<hr />\r\n<p>&nbsp;</p>\r\n\r\n<p><strong>El preg\u00f3n de Ram\u00f3n Guti\u00e9rrez abri\u00f3 las fiestas de Villabazal, en Tur\u00f3n </strong></p>\r\n\r\n<p>La Nueva Espa\u00f1a Cuencas - 12/08/2006</p>\r\n\r\n<p>Villabazal (Tur\u00f3n), Leticia G. HUERTA</p>\r\n\r\n<p><strong>Villabazal</strong>, en el <strong>valle</strong> de <strong>Tur\u00f3n</strong>, inaugur\u00f3 ayer sus tradicionales fiestas en honor de San Roque y la Magdalena. Ram\u00f3n Guti\u00e9rrez, un vecino de la localidad, fue el encargado de pronunciar el preg\u00f3n a \u00faltima hora de la tarde. &nbsp;&nbsp;<a href=\"http://www.lne.es/secciones/noticia.jsp?pRef=1363_38_432745__Cuencas-pregon-Ramon-Gutierrez-abrio-fiestas-Villabazal-Turon\">&lt;Ampliar noticia&gt;</a></p>\r\n\r\n<hr />\r\n<p>&nbsp;</p>\r\n\r\n<p><strong>El Consistorio mierense quiere un acuerdo para evitar la v\u00eda judicial </strong></p>\r\n\r\n<p>El Comercio. Asturias/Cuencas Asturias&nbsp; 14-08-2006</p>\r\n\r\n<p>D. D. M.LENA</p>\r\n\r\n<p>M\u00e1s vale un mal arreglo que un buen pleito. Esta socorrida frase jur\u00eddica sirve para definir el acuerdo que podr\u00edan alcanzar en las pr\u00f3ximas semanas los responsables locales de Mieres y Le\u00f3n a fin de tratar de solventar el hist\u00f3rico problema sobre el uso del puerto de Pinos.</p>\r\n\r\n<p>Tambi\u00e9n fue notable la ausencia del alcalde de San Emiliano, junta vecinal a la que pertenece el puerto, que como todo los a\u00f1os hab\u00eda sido invitado por el Ayuntamiento de Mieres a la comida que celebran en las inmediaciones de la casa del concejo y en la que se asaron tres corderos a la estaca de la mano del <strong>turon\u00e9s</strong> <strong>Jos\u00e9</strong> <strong>Mar\u00eda</strong> <strong>Gonz\u00e1lez</strong>.&nbsp; <a href=\"https://www.elcomercio.es/prensa/20060814/cuencas/consistorio-mierense-quiere-acuerdo_20060814.html\" title=\"El Consistorio mierense quiere un acuerdo para evitar la v\u00eda judicial\">&lt;Ampliar noticia&gt;</a></p>\r\n\r\n<hr />\r\n<p>&nbsp;</p>\r\n\r\n<p><strong>El PP de Mieres propone un plan de desarrollo tur\u00edstico en el que participen los agentes sociales </strong></p>\r\n\r\n<p>El Comercio. Asturias/Cuencas Asturias&nbsp; 15-08-2006</p>\r\n\r\n<p>D. D. M.MIERES</p>\r\n\r\n<p>El Partido Popular de Mieres pretende convertir a la capital del Caudal en un destino tur\u00edstico de primer orden, labor para la que tratar\u00e1 de involucrar a los diferentes agentes sociales y a los partidos pol\u00edticos. Su intenci\u00f3n es presentar en los pr\u00f3ximas d\u00edas su plan de desarrollo tur\u00edstico al PSOE e IU.</p>\r\n\r\n<p>El documento destaca diez zonas de actuaci\u00f3n: <strong>Urbi\u00e9s</strong>, G\u00fceria de San Juan, <strong>Villandio</strong>, <strong>valle</strong> de <strong>Tur\u00f3n</strong>, enclaves mineros, tri\u00e1ngulo Figaredo-Ujo-Santa Cruz, valle de Cuna y Cenera, ladera de Xana, Cardeo y Bai\u00f1a.&nbsp; <a href=\"https://www.elcomercio.es/prensa/20060815/cuencas/mieres-propone-plan-desarrollo_20060815.html\" title=\"El PP de Mieres propone un plan de desarrollo tur\u00edstico en el que participen los agentes sociales\">&lt;Ampliar noticia&gt;</a></p>\r\n\r\n<hr />\r\n<p>&nbsp;</p>\r\n\r\n<p><strong>IU de Mieres advierte de que Tur\u00f3n se movilizar\u00e1 para lograr fondos mineros </strong></p>\r\n\r\n<p>El Comercio. Asturias/Cuencas Asturias&nbsp; 18-08-2006</p>\r\n\r\n<p>DIANA DE MIGUELMIERES</p>\r\n\r\n<p>Los desacuerdos entre los sindicatos y el Gobierno regional a la hora de consensuar los proyectos que se financiar\u00e1n con cargo a los fondos del nuevo plan de la miner\u00eda est\u00e1n impidiendo, a juicio del grupo municipal de Izquierda Unida en Mieres, la llegada de proyectos singulares para el concejo que, entre otros aspectos, ayudar\u00edan a levantar el valle de Tur\u00f3n, uno de los que m\u00e1s ha sufrido por la reconversi\u00f3n minera. <a href=\"https://www.elcomercio.es/prensa/20060818/cuencas/mieres-advierte-turon-movilizara_20060818.html\" title=\"IU de Mieres advierte de que Tur\u00f3n se movilizar\u00e1 para lograr fondos mineros\">&lt;Ampliar noticia&gt;</a></p>\r\n\r\n<hr />\r\n<p>&nbsp;</p>\r\n\r\n<p><strong>Garc\u00eda pedir\u00e1 a la mesa regional de fondos mineros una partida para el valle de Tur\u00f3n</strong></p>\r\n\r\n<p>La Voz de Asturias - 19/08/2006.</p>\r\n\r\n<p>Beatriz Garc\u00eda</p>\r\n\r\n<p>El alcalde de Mieres, Luis Mar\u00eda Garc\u00eda, ha ratificado su intenci\u00f3n de insistir en la mesa regional de fondos mineros para que se incluya una partida econ\u00f3mica espec\u00edfica para el <strong>valle</strong> de <strong>Tur\u00f3n</strong>.&nbsp;&nbsp; <a href=\"http://www.lavozdeasturias.es/noticias/noticia.asp?pkid=289967\" title=\"Accede al resto de la noticia\">[Ampliar noticia]</a></p>\r\n\r\n<hr />\r\n<p>&nbsp;</p>\r\n\r\n<p><strong>Despoblamiento de las zonas rurales de la comarca. </strong></p>\r\n\r\n<p>La Voz de Asturias - 20/08/2006</p>\r\n\r\n<p>El valle de <strong>Tur\u00f3n</strong> y <strong>Urbi\u00e9s</strong> son las \u00e1reas donde se localizan m\u00e1s localidades con un \u00fanico residente. La mayor parte de los pueblos tiene problemas de acceso y carencias en los servicios b\u00e1sicos.&nbsp;&nbsp; <a href=\"http://www.lavozdeasturias.es/noticias/noticia.asp?pkid=290125\" title=\"Accede al resto de la noticia\">[Ampliar noticia]</a></p>\r\n\r\n<hr />\r\n<p>&nbsp;</p>\r\n\r\n<p><strong>Aparece un turon\u00e9s de 67 a\u00f1os que estuvo perdido dos d\u00edas en el monte </strong></p>\r\n\r\n<p>La Nueva Espa\u00f1a Caudal -22/08/2006</p>\r\n\r\n<p>Urbi\u00e9s (Mieres), Beatriz G. FANJUL</p>\r\n\r\n<p>Un <strong>vecino</strong> de <strong>El</strong> <strong>Collado</strong> de <strong>Urbi\u00e9s</strong>, Jovino A. C., de 67 a\u00f1os, apareci\u00f3 ayer sano y salvo tras permanecer dos d\u00edas perdido en el monte. El turon\u00e9s lleg\u00f3 por su propio pie a la localidad de Inverniego, a apenas seis kil\u00f3metros de su casa.&nbsp; <a href=\"http://www.lne.es/secciones/noticia.jsp?pRef=1374_39_435391__Caudal-Aparece-turones-estuvo-perdido-dias-monte\">&lt;Ampliar noticia&gt;</a></p>\r\n\r\n<hr />\r\n<p>&nbsp;</p>\r\n\r\n<p><strong>La temporada comienza con un partido de preferente y otros cuatro de primera </strong></p>\r\n\r\n<p>El Comercio. Deportes&nbsp; 22-08-2006</p>\r\n\r\n<p>LAYGIJ\u00d3N</p>\r\n\r\n<p>El pr\u00f3ximo fin de semana se pondr\u00e1n en marcha las competiciones en las categor\u00edas de preferente y primera regional. De la preferente se adelanta al s\u00e1bado 26, el Cand\u00e1s-Colloto, que se juega a las seis de la tarde en La Mata. Para el domingo est\u00e1n previstos el resto de los partidos de la preferente: Universidad Oviedo B-Luarca y Pumar\u00edn-TSK Roces, que ser\u00e1n matinales. Por la tarde se jugar\u00e1n el Urraca-And\u00e9s, Berr\u00f3n-La Caridad, Tit\u00e1nico-Tineo, Salas-Camocha, Real tapia-Valdesoto, Navia-Tur\u00f3n y Nal\u00f3n-Narcea.&nbsp; <a href=\"https://www.elcomercio.es/prensa/20060822/deportes/temporada-comienza-partido-preferente_20060822.html\" title=\"La temporada comienza con un partido de preferente y otros cuatro de primera\">&lt;Ampliar noticia&gt;</a></p>\r\n\r\n<hr />\r\n<p>&nbsp;</p>\r\n\r\n<p><strong>Mieres tramita 1.300 solicitudes para los 73 pisos de La Mayacina y La Pe\u00f1a </strong></p>\r\n\r\n<p>El Comercio. Asturias/Cuencas Asturias&nbsp; 24-08-2006</p>\r\n\r\n<p>D. DE MIGUELMIERES</p>\r\n\r\n<p>Apenas el 5% de los vecinos de Mieres que optan a los 73 pisos de la \u00faltima promoci\u00f3n de viviendas sociales que se puso en marcha en el concejo lograr\u00e1n uno de los preciados inmuebles ubicados en el entorno del Vasco-Mayacina y el barrio de La Pe\u00f1a.</p>\r\n\r\n<p>Dentro de los proyectos que se pondr\u00e1n en marcha en el concejo a corto plazo se encuentra la edificaci\u00f3n de <strong>65</strong> <strong>viviendas</strong> con <strong>garaje</strong> en la <strong>plaza</strong> de la <strong>madera</strong> de <strong>Tur\u00f3n</strong> y los pisos con garajes y trasteros dirigidos a j\u00f3venes que se construir\u00e1n en La Vega de Santullano.&nbsp; <a href=\"https://www.elcomercio.es/prensa/20060824/cuencas/mieres-tramita-solicitudes-para_20060824.html\" title=\"Mieres tramita 1.300 solicitudes para los 73 pisos de La Mayacina y La Pe\u00f1a\">&lt;Ampliar noticia&gt;</a></p>\r\n\r\n<hr />\r\n<p>&nbsp;</p>\r\n\r\n<p><strong>La escombrera de Carabat\u00e1n se transformar\u00e1 en \u00e1rea recreativa </strong></p>\r\n\r\n<p>La Nueva Espa\u00f1a Caudal - 24/08/2006</p>\r\n\r\n<p>La Confederaci\u00f3n Hidrogr\u00e1fica del Norte (CHN) ha concluido ya los trabajos de mejora del <strong>r\u00edo</strong> y la <strong>escombrera</strong> de <strong>Carabat\u00e1n</strong>, en el <strong>valle</strong> de <strong>Tur\u00f3n</strong>, donde se va a construir un \u00e1rea recreativa. Hidrogr\u00e1fica asumi\u00f3 las labores de acondicionamiento y allanamiento del terreno, y ahora el Ayuntamiento de Mieres, asumir\u00e1 el equipamiento&nbsp; <a href=\"http://www.lne.es/secciones/noticia.jsp?pRef=1376_39_436020__Caudal-escombrera-Carabatan-transformara-area-recreativa\">&lt;Ampliar noticia&gt;</a></p>\r\n\r\n<hr />\r\n<p>&nbsp;</p>\r\n\r\n<p><strong>Emutsa potencia las l\u00edneas de Mieres hacia la zona sur </strong></p>\r\n\r\n<p>El Comercio. Asturias/Cuenca Asturias&nbsp; 26-08-2006</p>\r\n\r\n<p>D. D. M.MIERES</p>\r\n\r\n<p>Con esta reordenaci\u00f3n, los autobuses pasar\u00e1n por las diferentes paradas con una frecuencia m\u00e1xima de 15 minutos en los dos sentidos. Por ejemplo, los viajeros que quieran acceder al centro comercial en hora punta (viernes por la tarde de 7 a 8) podr\u00e1n coger los autobuses cada quince minutos en las diferentes paradas urbanas de la L1, L3 y L8 que, tras pasar por el centro comercial continuar\u00e1n su camino hacia Figaredo-<strong>Tur\u00f3n</strong>, Ujo-Santa Cruz-Valdefarrucos, Murias, Rioturbio-Vagadotos-Entrerr\u00edos.&nbsp; <a href=\"https://www.elcomercio.es/prensa/20060826/cuencas/emutsa-potencia-lineas-mieres_20060826.html\" title=\"Emutsa potencia las l\u00edneas de Mieres hacia la zona sur\">&lt;Ampliar noticia&gt;</a></p>\r\n\r\n<hr />\r\n<p>&nbsp;</p>\r\n\r\n<p><strong>El Tur\u00f3n se llev\u00f3 un punto de El Pardo </strong></p>\r\n\r\n<p>El Comercio. Deportes&nbsp; 28-08-2006</p>\r\n\r\n<p>Tras una primera parte de claro dominio visitante, el Navia perdi\u00f3 una gran ocasi\u00f3n de iniciar la temporada con victoria, ya que Ferchi marc\u00f3 pronto y fue expulsado el visitante Chule, pero un golazo de Mesa evit\u00f3 el triunfo local. / GI\u00d3N 1 1&nbsp; <a href=\"https://www.elcomercio.es/prensa/20060828/deportes/turon-llevo-punto-pardo_20060828.html\" title=\"El Tur\u00f3n se llev\u00f3 un punto de El Pardo\">&lt;Ampliar noticia&gt;</a></p>\r\n\r\n<hr />\r\n<p>&nbsp;</p>\r\n\r\n<p><strong>Cinco partidos de preferente se adelantan al s\u00e1bado </strong></p>\r\n\r\n<p>El Comercio. Deportes&nbsp; 29-08-2006</p>\r\n\r\n<p>LAYGIJ\u00d3N</p>\r\n\r\n<p>En regional preferente se adelantan al s\u00e1bado cinco encuentros de segunda jornada, dos de ellos en Gij\u00f3n: el Camocha-Pumar\u00edn (17 horas), en el Municipal de Vega, y el TSK Roces-Universidad B (19 horas), en Covadonga. Tambi\u00e9n est\u00e1n previstos los partidos <strong>Tur\u00f3n</strong>-Tapia , Colloto-Tit\u00e1nico y Navia-Narcea.&nbsp; <a href=\"https://www.elcomercio.es/prensa/20060829/deportes/cinco-partidos-preferente-adelantan_20060829.html\" title=\"Cinco partidos de preferente se adelantan al s\u00e1bado\">&lt;Ampliar noticia&gt;</a></p>\r\n\r\n<hr />\r\n<p>&nbsp;</p>\r\n\r\n<p><strong>El alcalde de Mieres solicita a Carreteras que adecue la entrada Norte a la ciudad </strong></p>\r\n\r\n<p>El Comercio. Asturias/Cuencas Asturias&nbsp; 29-08-2006</p>\r\n\r\n<p>M. V.MIERES</p>\r\n\r\n<p>El alcalde de Mieres, Luis Mar\u00eda Garc\u00eda, solicit\u00f3 ayer al director general de Carreteras, Jos\u00e9 Mar\u00eda Pertierra, que acometa obras de mejora en la entrada Norte a la ciudad por la autov\u00eda de la Plata (A-66) y la minera (AS-1), entre las rotondas de acceso a la avenida de M\u00e9xico y la de La Pe\u00f1a.</p>\r\n\r\n<p>Entre dichos proyectos destaca la carretera que unir\u00e1 el Valle de Cuna y Cenera con la localidad de Riosa, la reforma de la carretera a Siana-Ribono-Pax\u00edo, y la habilitaci\u00f3n de las aceras en el <strong>tramo</strong> de la <strong>carretera</strong> a <strong>Tur\u00f3n</strong> entre el <strong>Pozo</strong> <strong>Santa</strong> <strong>B\u00e1rbara</strong> y <strong>La</strong> <strong>Rebaldana</strong>.&nbsp; <a href=\"https://www.elcomercio.es/prensa/20060829/cuencas/alcalde-mieres-solicita-carreteras_20060829.html\" title=\"El alcalde de Mieres solicita a Carreteras que adecue la entrada Norte a la ciudad\">&lt;Ampliar noticia&gt;</a></p>\r\n\r\n<hr />\r\n<p>&nbsp;</p>\r\n\r\n<p><strong>El centro comercial Caudalia, del grupo Eroski, se abrir\u00e1 al p\u00fablico el 6 de setiembre</strong></p>\r\n\r\n<p>El Comercio. Asturias/Cuencas Asturias&nbsp; 31-08-2006</p>\r\n\r\n<p>M. V.MIERES</p>\r\n\r\n<p>El centro comercial Caudalia, el primero del valle del Caudal, abrir\u00e1 sus puertas al p\u00fablico el pr\u00f3ximo mi\u00e9rcoles, 6 de setiembre, tras la inauguraci\u00f3n institucional que tendr\u00e1 lugar un d\u00eda antes</p>\r\n\r\n<p>Las l\u00edneas que dar\u00e1n cobertura desde la ciudad y los distintos n\u00facleos de poblaci\u00f3n del concejo al parque ser\u00e1n la 1, que <strong>recorrer\u00e1</strong> el <strong>valle</strong> de <strong>Tur\u00f3n</strong>; la 3, que abarcar\u00e1 desde Ujo hasta Valdefarrucos; y la 8, desde Nuevo Santullano hasta Entrerr\u00edos.&nbsp; <a href=\"https://www.elcomercio.es/prensa/20060831/cuencas/centro-comercial-caudalia-grupo_20060831.html\" title=\"El centro comercial Caudalia, del grupo Eroski, se abrir\u00e1 al p\u00fablico el 6 de setiembre\">&lt;Ampliar noticia&gt;</a></p>\r\n</div>\r\n\r\n<div style=\"text-align: justify\">&nbsp;</div>\r\n", "author_name": "", "version": "1.0", "author_url": "https://www.elvalledeturon.net/author/jorgevarela", "provider_name": "El valle de Turon", "type": "rich"}