{"provider_url": "https://www.elvalledeturon.net", "title": "Enero", "html": "<div style=\"text-align: justify; margin: 0cm 0cm 6pt\">\r\n<p><strong>El PP de Tur\u00f3n solicita descentralizar servicios municipales de Mieres </strong></p>\r\n\r\n<p>El Comercio. Asturias/Cuencas. Asturias&nbsp; 04-01-2016</p>\r\n\r\n<p>D. D. M.TUR\u00d3N Mi\u00e9rcoles, 4 enero 2006, 01:00</p>\r\n\r\n<p>Dotar al <strong>valle</strong> de <strong>Tur\u00f3n</strong> de servicios municipales b\u00e1sicos como el de la Polic\u00eda Local, el registro, la oficina de informaci\u00f3n ciudadana o servicios sociales es para los ediles del Partido Popular de Mieres \u00abs\u00f3lo cuesti\u00f3n de voluntad pol\u00edtica\u00bb. Haci\u00e9ndose eco de las reivindicaciones de los vecinos del valle, aseguran que ser\u00eda suficiente con acondicionar el local municipal ubicado en La Veguina de Tur\u00f3n para que en \u00e9l se pudieran prestar de manera adicional esos servicios.&nbsp; <a href=\"https://www.elcomercio.es/pg060104/prensa/noticias/Cuencas/200601/04/GIJ-CUE-088.html\" title=\"El PP de Tur\u00f3n solicita descentralizar servicios municipales de Mieres\">&lt;Ampliar noticia&gt;</a></p>\r\n\r\n<hr />\r\n<p>&nbsp;</p>\r\n\r\n<p><strong>El Industrial y el Ceares juegan ma\u00f1ana </strong></p>\r\n\r\n<p>El Comercio. Deportes 06-01-2016</p>\r\n\r\n<p>El Gij\u00f3n Industrial y el Ceares reanudan ma\u00f1ana la Liga de Tercera Divisi\u00f3n. El Industrial jugar\u00e1 a las cuatro de la tarde en el Luis Miranda ante el Siero y el Ceares, a la misma hora, en La Cruz, recibe al Hispano. En preferente se juegan a las cuatro de esta tarde dos partidos: <strong>Tur\u00f3n</strong>-<strong>Salas</strong>, en el <strong>Fern\u00e1ndez</strong> <strong>Felgueroso</strong>, y Narcea-Pumar\u00edn, en El Reguer\u00f3n.&nbsp; <a href=\"https://www.elcomercio.es/pg060106/prensa/noticias/Deportes/200601/06/GIJ-DEP-192.html\" title=\"El Industrial y el Ceares juegan ma\u00f1ana\">&lt;Ampliar noticia&gt;</a></p>\r\n\r\n<hr />\r\n<p>&nbsp;</p>\r\n\r\n<p><strong>Cudillero y San Mart\u00edn meten presi\u00f3n al Llanes en regional preferente </strong></p>\r\n\r\n<p>El Comercio. Deportes&nbsp; 10-01-2016</p>\r\n\r\n<p>LAYAVIL\u00c9S</p>\r\n\r\n<p>A una sola jornada del t\u00e9rmino de la primera vuelta en regional preferente, el Cudillero y el San Mart\u00edn, con sus victorias sobre el Lenense y el Nal\u00f3n, le meten presi\u00f3n al l\u00edder Llanes, que tan s\u00f3lo pudo empatar en Luarca. El Praviano y el Tur\u00f3n ganaron y siguen de cerca a los m\u00e1s destacados, aunque todav\u00eda tienen mucho camino por delante si quieren cazarlos.&nbsp;&nbsp; <a href=\"https://www.elcomercio.es/pg060110/prensa/noticias/Deportes/200601/10/GIJ-DEP-218.html\" title=\"Cudillero y San Mart\u00edn meten presi\u00f3n al Llanes en regional preferente\">&lt;Ampliar noticia&gt;</a></p>\r\n\r\n<hr />\r\n<p>&nbsp;</p>\r\n\r\n<p><strong>Gran fiesta en la biblioteca de Tur\u00f3n para celebrar en Premio Nacional de Fomento a la lectura</strong></p>\r\n\r\n<p>La Voz de Asturias - 13/01/2006</p>\r\n\r\n<p>La <strong>biblioteca</strong> de <strong>Tur\u00f3n</strong> acoger\u00e1 hoy, a partir de las 17.30 horas, una gran fiesta para celebrar el Premio Nacional de Fomento a la lectura concedido a la iniciativa Bibliotecario por un d\u00eda. Al acto acudir\u00e1n el alcalde, Luis Mar\u00eda Garc\u00eda, y la edil de Cultura, Diana Gonz\u00e1lez y todos los ni\u00f1os participantes en la actividad&nbsp;&nbsp; <a href=\"http://www.lavozdeasturias.es/noticias/noticia.asp?pkid=247194\" title=\"Accede al resto de la noticia\">[Ampliar noticia]</a></p>\r\n\r\n<hr />\r\n<p>&nbsp;</p>\r\n\r\n<p><strong>AGENDA </strong></p>\r\n\r\n<p>El Comercio. Oviedo Asturias 14-01-2016</p>\r\n\r\n<p>LLUIS ANT\u00d3N</p>\r\n\r\n<p>Costa de Diego</p>\r\n\r\n<p>El <strong>artista</strong> <strong>nacido</strong> en <strong>Tur\u00f3n</strong> en 1959, Lluis Ant\u00f3n, expone la galer\u00eda Costa de Diego 'Esculturas'. La muestra, en la que el autor quiere rendir homenaje a su padre, permanecer\u00e1 en la calle Manuel Pedregal hasta el 28 de enero.&nbsp; <a href=\"https://www.elcomercio.es/pg060114/prensa/noticias/Oviedo/200601/14/GIJ-OVI-047.html\" title=\"AGENDA\">&lt;Ampliar noticia&gt;</a></p>\r\n\r\n<hr />\r\n<p>&nbsp;</p>\r\n\r\n<p><strong>Las obras de la Mayacina cierran hasta marzo Valeriano Miranda </strong></p>\r\n\r\n<p>El Comercio. Asturias/Cuencas Asturias 14-01-2016</p>\r\n\r\n<p>DIANA DE MIGUELMIERES</p>\r\n\r\n<p>Las obras de urbanizaci\u00f3n de la Mayacina obligar\u00e1n a realizar a partir del lunes importantes cambios en el tr\u00e1fico que afectar\u00e1n, con desv\u00edos y cortes debidamente se\u00f1alizados y controlados por la Polic\u00eda Local, al centro urbano de Mieres.&nbsp;</p>\r\n\r\n<p>La recomendaci\u00f3n de la Polic\u00eda Local es que los turismos que, procedentes de la zona Sur (Santullano, Figaredo y <strong>Tur\u00f3n</strong>), pretendan acceder al casco urbano de Mieres contin\u00faen por la traves\u00eda AS-242, antigua nacional 630, desde Bazuelo al centro o utilicen como v\u00eda alternativa la autov\u00eda A-66&nbsp; <a href=\"https://www.elcomercio.es/pg060114/prensa/noticias/Cuencas/200601/14/GIJ-CUE-092.html\" title=\"Las obras de la Mayacina cierran hasta marzo Valeriano Miranda\">&lt;Ampliar noticia&gt;</a></p>\r\n\r\n<hr />\r\n<p>&nbsp;</p>\r\n\r\n<p><strong>Llu\u00eds Ant\u00f3n, artista turones, expone en la galer\u00eda Costa de Diego</strong></p>\r\n\r\n<p>El Comercio. Agenda. - 14-01-2006</p>\r\n\r\n<p>El <strong>artista</strong> <strong>nacido</strong> en <strong>Tur\u00f3n</strong> en 1959, Llu\u00eds Ant\u00f3n, expone la galer\u00eda Costa de Diego 'Esculturas&nbsp;&nbsp; <a href=\"http://www.elcomerciodigital.com/pg060114/prensa/noticias/Oviedo/200601/14/GIJ-OVI-047.html\">[Ampliar noticia]</a></p>\r\n\r\n<hr />\r\n<p>&nbsp;</p>\r\n\r\n<p><strong>Exposici\u00f3n en el ateneo de Tur\u00f3n</strong></p>\r\n\r\n<p>La Voz de Asturias - 15/01/2006</p>\r\n\r\n<p>El <strong>Ateneo</strong> de <strong>Tur\u00f3n</strong> acoger\u00e1 a partir del pr\u00f3ximo 23 de enero una exposici\u00f3n fotogr\u00e1fica de Guillermo Ferrer titulada Migraciones para la libertad, que estar\u00e1 en el valle durante cuatro jornadas. El autor ser\u00e1 uno de los conferenciantes de las jornadas internacionales de monta\u00f1a de Mieres.&nbsp;&nbsp; <a href=\"http://www.lavozdeasturias.es/noticias/noticia.asp?pkid=247622\" title=\"Accede al resto de la noticia\">[Ampliar noticia]</a></p>\r\n\r\n<hr />\r\n<p>&nbsp;</p>\r\n\r\n<p><strong>La biblioteca de Tur\u00f3n supera los 1.300 socios</strong></p>\r\n\r\n<p>La Voz de Asturias - 16/01/2006</p>\r\n\r\n<p>La <strong>Biblioteca</strong> de <strong>Tur\u00f3n</strong> cuenta con 1.342 socios, de los que 170 se crearon el pasado a\u00f1o 2005, un ejercicio muy positivo para la instalaci\u00f3n cultural, que recibi\u00f3 m\u00e1s de 13.000 visitas. <a href=\"http://www.lavozdeasturias.es/noticias/noticia.asp?pkid=247772\" title=\"Accede al resto de la noticia\">[Ampliar noticia]</a></p>\r\n\r\n<hr />\r\n<p>&nbsp;</p>\r\n\r\n<p><strong>Cudillero y Tur\u00f3n se repartieron los puntos </strong></p>\r\n\r\n<p>El Comercio. Deportes 16-01-2016</p>\r\n\r\n<p>Empate sin goles en un partido igualado en la primera parte, en la que el equipo pixueto lleg\u00f3 m\u00e1s. Tras el descanso el Tur\u00f3n sali\u00f3 muy fuerte y oblig\u00f3 a Noguerol a intervenir en varias ocasiones. No obstante, en los 20 \u00faltimos minutos el Cudillero tom\u00f3 la iniciativa y pudo marcar en acciones de Javi y Cuesta. / L. T. \u00c1LVAREZ&nbsp; <a href=\"https://www.elcomercio.es/pg060116/prensa/noticias/Deportes/200601/16/GIJ-DEP-221.html\" title=\"Cudillero y Tur\u00f3n se repartieron los puntos\">&lt;Ampliar noticia&gt;</a></p>\r\n\r\n<hr />\r\n<p>&nbsp;</p>\r\n\r\n<p><strong>El Llanes se hace campe\u00f3n de invierno en lucha con el Cudillero y San Mart\u00edn </strong></p>\r\n\r\n<p>El Comercio. Deportes 17-01-2016</p>\r\n\r\n<p>LAYGIJ\u00d3N</p>\r\n\r\n<p>El domingo finaliz\u00f3 la primera vuelta en regional preferente y el Llanes, que pas\u00f3 muchos apuros para imponerse al colista Quintueles, se proclam\u00f3 campe\u00f3n de invierno y reforz\u00f3 notablemente su liderato despu\u00e9s de que sus m\u00e1s directos rivales en la lucha por la cabeza, el Cudillero y el San Mart\u00edn, no pasaran del empate en sus respectivos compromisos contra el <strong>Tur\u00f3n</strong>, otro de los favoritos, y el Navia.&nbsp; <a href=\"https://www.elcomercio.es/pg060117/prensa/noticias/Deportes/200601/17/GIJ-DEP-237.html\" title=\"El Llanes se hace campe\u00f3n de invierno en lucha con el Cudillero y San Mart\u00edn\">&lt;Ampliar noticia&gt;</a></p>\r\n\r\n<hr />\r\n<p>&nbsp;</p>\r\n\r\n<p><strong>El Acesol gana al Moadafe y ya es tercero en la tabla </strong></p>\r\n\r\n<p>El Comercio. Deportes 18-1-2016</p>\r\n\r\n<p>MONCHU MEN\u00c9NDEZGIJ\u00d3N</p>\r\n\r\n<p>El Acesol Tuc\u00e1n escala hasta la tercera posici\u00f3n de la clasificaci\u00f3n de la Primera Nacional A tras derrotar al Oca Moadafe por el contundente resultado de 12-1 en un derbi que no tuvo pr\u00e1cticamente historia, puesto que los turoneses no dieron opci\u00f3n en ning\u00fan momento a los de Ria\u00f1o.&nbsp; Este domingo, <strong>los</strong> <strong>de</strong> <strong>Tur\u00f3n</strong> disputar\u00e1n el encuentro aplazado de la jornada 15 ante el Celta de Vigo (12.30 horas, polideportivo Mieres Sur) aprovechando el par\u00f3n liguero. Una victoria local permitir\u00eda a los turoneses finalizar la primera vuelta en segunda posici\u00f3n y confirmarse como un serio candidato al ascenso a la Divisi\u00f3n de Plata&nbsp;&nbsp; <a href=\"https://www.elcomercio.es/pg060118/prensa/noticias/Deportes/200601/18/GIJ-DEP-220.html\" title=\"El Acesol gana al Moadafe y ya es tercero en la tabla\">&lt;Ampliar noticia&gt;</a></p>\r\n\r\n<hr />\r\n<p>&nbsp;</p>\r\n\r\n<p><strong>Nunca es tarde </strong></p>\r\n\r\n<p>El Comercio. Asturias/Cuencas Asturias 18-01-2016</p>\r\n\r\n<p>TERESA MART\u00cdN</p>\r\n\r\n<p>Como si de un prop\u00f3sito de nuevo a\u00f1o se tratara, e influidos al mismo tiempo por la 'tradici\u00f3n' del refranero -a\u00f1o nuevo vida nueva- y por la 'modernidad' de libros o pel\u00edculas de supuesta autoayuda, en este mes de enero parece buena fecha para iniciar tanto colecciones editoriales de lo m\u00e1s diverso, como tambi\u00e9n para mirar atr\u00e1s y recuperar el tiempo perdido, y no me refiero a leer a Proust, para lo que siempre es momento, sino aquel tiempo que nos arrebataron o el que nosotros mismos no supimos aprovechar.</p>\r\n\r\n<p>En Sotrondio y en Mieres cuentan con los centros de referencia, pero la Educaci\u00f3n de Adultos est\u00e1 presente en varios puntos de los municipios que conforman ambas cuencas: Campo de Caso, Laviana y La Felguera, por un lado, y <strong>Tur\u00f3n</strong>, Pola de Lena, Caborana y Caba\u00f1aquinta, por otro.&nbsp; <a href=\"https://www.elcomercio.es/pg060118/prensa/noticias/Cuencas/200601/18/GIJ-CUE-093.html\" title=\"Nunca es tarde\">&lt;Ampliar noticia&gt;</a></p>\r\n\r\n<hr />\r\n<p>&nbsp;</p>\r\n\r\n<p><strong>En la zona alta </strong></p>\r\n\r\n<p>El Comercio. Deportes 19-01-2016</p>\r\n\r\n<p>NACHO GUTI\u00c9RREZAVIL\u00c9S</p>\r\n\r\n<p>Pese a que el despegue del Oviedo la ha desinflado la tercera es una categor\u00eda apetecible para muchos equipos, entre ellos los dos representantes de la zona avilesina, el Cudillero y el Praviano.</p>\r\n\r\n<p>Sin embargo el del ascenso es un objetivo por el que pujan clubes como Llanes, San Mart\u00edn o el <strong>Tur\u00f3n</strong>, sobre todo los dos primeros.&nbsp; <a href=\"https://www.elcomercio.es/pg060119/prensa/noticias/Deportes/200601/19/GIJ-DEP-216.html\" title=\"En la zona alta\">&lt;Ampliar noticia&gt;</a></p>\r\n\r\n<hr />\r\n<p>&nbsp;</p>\r\n\r\n<p><strong>Clase pr\u00e1ctica de mitolog\u00eda astur en los colegios de Tur\u00f3n </strong></p>\r\n\r\n<p>La Nueva Espa\u00f1a Cuencas - 19/01/2006</p>\r\n\r\n<p>Mieres del Camino, Jos\u00e9 Luis SALINAS</p>\r\n\r\n<p>La \u00abxana\u00bb, el \u00abdia\u00f1u burl\u00f3n\u00bb, el \u00abtrasgu\u00bb y la \u00abguaxa\u00bb se convertir\u00e1n durante unos d\u00edas en profesores de los colegios de Mieres y de <strong>Tur\u00f3n</strong>. El Ayuntamiento de Mieres pretende a trav\u00e9s de esta actividad acercar la mitolog\u00eda asturiana a los ni\u00f1os&nbsp; <a href=\"http://www.lne.es/secciones/noticia.jsp?pRef=1158_38_367073__Cuencas-Clase-practica-mitologia-astur\">&lt;Ampliar noticia&gt;</a></p>\r\n\r\n<hr />\r\n<p>&nbsp;</p>\r\n\r\n<p><strong>Tur\u00f3n fomenta la lectura entre los ni\u00f1os</strong></p>\r\n\r\n<p>La Voz de Asturias - 19/01/2006</p>\r\n\r\n<p>La <strong>biblioteca</strong> de <strong>Tur\u00f3n</strong> abre un jueves m\u00e1s sus puertas a los m\u00e1s peque\u00f1os a partir de las 17. 30 horas. El programa Bibliotecarios por un d\u00eda permite a los m\u00e1s j\u00f3venes descubrir los secretos de la gesti\u00f3n del centro. Esta iniciativa ha sido reconocida con el Premio Nacional al Fomento de la Lectura&nbsp;&nbsp; <a href=\"http://www.lavozdeasturias.es/noticias/noticia.asp?pkid=248425\" title=\"Accede al resto de la noticia\">[Ampliar noticia]</a></p>\r\n\r\n<hr />\r\n<p>&nbsp;</p>\r\n\r\n<p><strong>XVIII Jornadas de Monta\u00f1a </strong></p>\r\n\r\n<p>El Comercio. Asturias/Cuencas Asturias 21-01-2016</p>\r\n\r\n<p>Mieres acoger\u00e1, entre el 23 de enero y el 18 de febrero, las XVIII Jornadas Internacionales de Monta\u00f1a, en la que participar\u00e1n escaladores y senderistas como el brit\u00e1nico Leo Houlding, el esloveno Tomaz Humar o el vasco Mikel Zabalza, entre otros. Las jornadas, a las que el a\u00f1o pasado acudieron unas 4.000 personas, dar\u00e1n comienzo en el <strong>Ateneo</strong> de <strong>Tur\u00f3n</strong> el pr\u00f3ximo lunes con un apartado dedicado al senderismo. &nbsp;<a href=\"https://www.elcomercio.es/pg060121/prensa/noticias/Cuencas/200601/21/GIJ-CUE-095.html\" title=\"XVIII Jornadas de Monta\u00f1a\">&lt;Ampliar noticia&gt;</a></p>\r\n\r\n<hr />\r\n<p>&nbsp;</p>\r\n\r\n<p><strong>El Tur\u00f3n impuso su mayor eficacia </strong></p>\r\n\r\n<p>El Comercio. Deportes 23-01-2006</p>\r\n\r\n<p>El <strong>Tur\u00f3n</strong> fue el justo vencedor de un encuentro que tuvo una parte para cada equipo siendo la primera de dominio de los visitantes, si bien llegaron menos y evidenciaron peor punter\u00eda que los turoneses cuando les toc\u00f3 llevar la iniciativa. / JAVIER&nbsp; <a href=\"https://www.elcomercio.es/pg060123/prensa/noticias/Deportes/200601/23/GIJ-DEP-202.html\" title=\"El Tur\u00f3n impuso su mayor eficacia\">&lt;Ampliar noticia&gt;</a></p>\r\n\r\n<hr />\r\n<p>&nbsp;</p>\r\n\r\n<p><strong>Construcciones Cibuyo concluir\u00e1 el centro de discapacitados de Tur\u00f3n </strong></p>\r\n\r\n<p>El Comercio. Asturias/Cuenca Asturias&nbsp; 24-01-2006</p>\r\n\r\n<p>D. DE MIGUELTUR\u00d3N</p>\r\n\r\n<p>El Ayuntamiento de Mieres acaba de traspasar las obras de reforma del hospitalillo minero de <strong>La</strong> <strong>Felguera</strong> de <strong>Tur\u00f3n</strong> a Construcciones Cibuyo, S.L. El proyecto, presupuestado en cerca de 500.000 euros del Plan Complementario de las Cuencas, se adjudic\u00f3 en abril de 2004 a una Uni\u00f3n Temporal de Empresas constituida por esa empresa y Construcciones, Obras y Montajes del Principado, S.L.&nbsp; <a href=\"https://www.elcomercio.es/pg060124/prensa/noticias/Cuencas/200601/24/GIJ-CUE-094.html\" title=\"Construcciones Cibuyo concluir\u00e1 el centro de discapacitados de Tur\u00f3n\">&lt;Ampliar noticia&gt;</a></p>\r\n\r\n<hr />\r\n<p>&nbsp;</p>\r\n\r\n<p><strong>El Llanes refuerza su liderato en preferente al imponerse al Valdesoto</strong></p>\r\n\r\n<p>El Comercio. Deportes&nbsp; 24-01-2006</p>\r\n\r\n<p>LAYGIJ\u00d3N</p>\r\n\r\n<p>El Llanes gan\u00f3 al Valdesoto y se aprovech\u00f3 de los empates del Cudillero y San Mart\u00edn para despegarse al frente de la clasificaci\u00f3n de regional preferente. Adem\u00e1s, dos serios y nuevos aspirantes al ascenso a Tercera se han incorporado a esa cabeza de la tabla, el <strong>Tur\u00f3n</strong> y el Camocha, <a href=\"https://www.elcomercio.es/pg060124/prensa/noticias/Deportes/200601/24/GIJ-DEP-203.html\" title=\"El Llanes refuerza su liderato en preferente al imponerse al Valdesoto\">&lt;Ampliar noticia&gt;</a></p>\r\n\r\n<hr />\r\n<p>&nbsp;</p>\r\n\r\n<p><strong>Tur\u00f3n en la cima</strong></p>\r\n\r\n<p>La Voz de Asturias - 24/01/2006</p>\r\n\r\n<p>El <strong>Ateneo</strong> de <strong>Tur\u00f3n</strong> acogi\u00f3 la primera charla sobre senderismo, que imparti\u00f3 el esquiador de traves\u00eda Pablo Garc\u00eda, que repas\u00f3 la Alta Ruta de los Alpes entre Chamonix y Dixence.&nbsp;&nbsp; <a href=\"http://www.lavozdeasturias.es/noticias/noticia.asp?pkid=249195\" title=\"Accede al resto de la noticia\">[Ampliar noticia]</a></p>\r\n\r\n<hr />\r\n<p>&nbsp;</p>\r\n\r\n<p><strong>Exposici\u00f3n fotogr\u00e1fica en el Ateneo de Tur\u00f3n </strong></p>\r\n\r\n<p>La Voz de Asturias - 24/01/2006</p>\r\n\r\n<p>El <strong>Ateneo</strong> de <strong>Tur\u00f3n</strong> acoge desde ayer una exposici\u00f3n fotogr\u00e1fica de Guillermo Ferrer, fot\u00f3grafo de National Geographic y GEO.&nbsp;&nbsp; <a href=\"http://www.lavozdeasturias.es/noticias/noticia.asp?pkid=249196\" title=\"Accede al resto de la noticia\">[Ampliar noticia]</a></p>\r\n\r\n<hr />\r\n<p>&nbsp;</p>\r\n\r\n<p><strong>Construcciones Cibuyo concluir\u00e1 el centro de discapacitados de Tur\u00f3n</strong></p>\r\n\r\n<p>El Comercio. Asturias. Cuencas - 24-01-2006</p>\r\n\r\n<p>En la negociaci\u00f3n de los fondos regionales para recuperar los concejos mineros, la <strong>obra</strong> de <strong>Tur\u00f3n</strong> fue considerada como \u00abprioritaria\u00bb a la hora de reforzar la red asistencial en el valle del Caudal.&nbsp;&nbsp; <a href=\"http://www.elcomerciodigital.com/pg060124/prensa/noticias/Cuencas/200601/24/GIJ-CUE-094.html\">[Ampliar noticia]</a></p>\r\n\r\n<hr />\r\n<p>&nbsp;</p>\r\n\r\n<p><strong>El PP alerta de que el valle de Tur\u00f3n tiene 10 n\u00facleos vac\u00edos</strong></p>\r\n\r\n<p>La Voz de Asturias - 25/01/2006</p>\r\n\r\n<p>El PP de Mieres pedir\u00e1 el pleno de este mes que el equipo de Gobierno adopte medidas para evitar el descenso de poblaci\u00f3n del concejo. Los populares, que alertaron ayer de que en el <strong>valle</strong> de <strong>Tur\u00f3n</strong> hay unos <strong>diez</strong> <strong>n\u00facleos</strong> <strong>deshabitados</strong>, adelantaron algunas medidas para frenar este descenso poblacional como \"la mejora y reorganizaci\u00f3n de los servicios, el acercamiento de estos servicios a la zona rural, la construcci\u00f3n de viviendas y planes de empleo serios que puedan beneficiar a todos los habitantes\".&nbsp; <a href=\"http://www.lavozdeasturias.es/noticias/noticia.asp?pkid=249407\" title=\"Accede al resto de la noticia\">[Ampliar noticia]</a></p>\r\n\r\n<hr />\r\n<p>&nbsp;</p>\r\n\r\n<p><strong>Decenas de vecinos cortan al tr\u00e1fico la carretera de Tur\u00f3n</strong></p>\r\n\r\n<p>La Voz de Asturias - 26/01/2006</p>\r\n\r\n<p>Exigen que se habilite un acceso rodado a varios n\u00facleos rurales.&nbsp;&nbsp; <a href=\"http://www.lavozdeasturias.es/noticias/noticia.asp?pkid=249640\" title=\"Accede al resto de la noticia\">[Ampliar noticia]</a></p>\r\n\r\n<hr />\r\n<p>&nbsp;</p>\r\n\r\n<p><strong>Un paseo por Asturias</strong></p>\r\n\r\n<p>La Voz de Asturias - 26/01/2006</p>\r\n\r\n<p>Un <strong>grupo</strong> de <strong>monta\u00f1a</strong> de <strong>Tur\u00f3n</strong> recorri\u00f3 la Cordillera Cant\u00e1brica, de punta a punta, coronando ochenta cumbres en tan s\u00f3lo catorce jornadas.&nbsp;&nbsp; <a href=\"http://www.lavozdeasturias.es/noticias/noticia.asp?pkid=249643\" title=\"Accede al resto de la noticia\">[Ampliar noticia]</a></p>\r\n\r\n<hr />\r\n<p>&nbsp;</p>\r\n\r\n<p><strong>La rotura de una tuber\u00eda de gas obliga a desalojar a doscientos vecinos en Mieres </strong></p>\r\n\r\n<p>El Comercio. Asturias/Cuencas Asturias&nbsp; 26-01-2006</p>\r\n\r\n<p>D. DE MIGUELMIERES</p>\r\n\r\n<p>Una rotura en el colector general que suministra gas al concejo de Mieres oblig\u00f3 ayer por la tarde a la el\u00e9ctrica asturiana NaturGas Energ\u00eda a dejar sin este servicio a los 5.700 abonados de Mieres, Ujo, Figaredo y <strong>Tur\u00f3n</strong>. El corte afect\u00f3 tambi\u00e9n a algunos pol\u00edgonos industriales, como el de Curvet Rioglass. <a href=\"https://www.elcomercio.es/pg060126/prensa/noticias/Cuencas/200601/26/GIJ-CUE-099.html\" title=\"La rotura de una tuber\u00eda de gas obliga a desalojar a doscientos vecinos en Mieres\">&lt;Ampliar noticia&gt;</a></p>\r\n\r\n<hr />\r\n<p>&nbsp;</p>\r\n\r\n<p><strong>HC Energ\u00eda restablece el suministro de gas en Mieres tras 17 horas sin servicio </strong></p>\r\n\r\n<p>El Comercio. Asturias/Cuencas Asturias&nbsp;&nbsp; 27-01-2006</p>\r\n\r\n<p>D. DE MIGUELMIERES</p>\r\n\r\n<p>Una buena parte de los 5.700 abonados de gas de Mieres, Ujo, Figaredo y <strong>Tur\u00f3n</strong> se volvieron a levantar ayer sin este servicio despu\u00e9s de que el mi\u00e9rcoles una rotura en el colector general que abastece al concejo obligara a HC Energ\u00eda a cortar el suministro poco antes de las tres de la tarde. <a href=\"https://www.elcomercio.es/pg060127/prensa/noticias/Cuencas/200601/27/GIJ-CUE-086.html\" title=\"HC Energ\u00eda restablece el suministro de gas en Mieres tras 17 horas sin servicio\">&lt;Ampliar noticia&gt;</a></p>\r\n\r\n<hr />\r\n<p>&nbsp;</p>\r\n\r\n<p><strong>Tur\u00f3n se despidi\u00f3 a lo grande de las jornadas de senderismo</strong></p>\r\n\r\n<p>La Voz de Asturias - 28/01/2006</p>\r\n\r\n<p>El <strong>Ateneo</strong> de <strong>Tur\u00f3n</strong> cont\u00f3 con Mikel Zabalza, que relat\u00f3 su experiencia ant\u00e1rtica.&nbsp;&nbsp; <a href=\"http://www.lavozdeasturias.es/noticias/noticia.asp?pkid=250102\" title=\"Accede al resto de la noticia\">[Ampliar noticia]</a></p>\r\n\r\n<hr />\r\n<p>&nbsp;</p>\r\n\r\n<p><strong>Taller de mitolog\u00eda para ni\u00f1os en Tur\u00f3n</strong></p>\r\n\r\n<p>La Voz de Asturias - 28/01/2006</p>\r\n\r\n<p>El <strong>Ateneo</strong> de <strong>Tur\u00f3n</strong> acoge hoy el segundo taller de mitolog\u00eda asturiana para ni\u00f1os. El acto, que protagonizar\u00e1n el trasgu y el dia\u00f1u burll\u00f3n, comenzar\u00e1 a las doce de la ma\u00f1ana. Esta actividad, que es gratuita, pretende fomentar las leyendas y las tradiciones asturianas entre los m\u00e1s j\u00f3venes&nbsp;&nbsp; <a href=\"http://www.lavozdeasturias.es/noticias/noticia.asp?pkid=250103\" title=\"Accede al resto de la noticia\">[Ampliar noticia]</a></p>\r\n\r\n<hr />\r\n<p>&nbsp;</p>\r\n\r\n<p><strong>El Luarca y el Tur\u00f3n, ni siquiera de penalti </strong></p>\r\n\r\n<p>El Comercio. Deportes&nbsp; 30-01-2006</p>\r\n\r\n<p>VICENTELUARCA</p>\r\n\r\n<p>Luarca y <strong>Tur\u00f3n</strong> no fueron capaces de marcar ni de penalti, ya que ambos gozaron de una pena m\u00e1xima a su favor, pero el guardameta local Parrilla detuvo el lanzado por Guti en el minuto 10, y Costales hizo lo mismo con la ejecutada por Berto en el 55.&nbsp; <a href=\"https://www.elcomercio.es/pg060130/prensa/noticias/Deportes/200601/30/GIJ-DEP-206.html\" title=\"El Luarca y el Tur\u00f3n, ni siquiera de penalti\">&lt;Ampliar noticia&gt;</a></p>\r\n\r\n<hr />\r\n<p>&nbsp;</p>\r\n\r\n<p><strong>El Tur\u00f3n pierde la ocasi\u00f3n de acercarse al Llanes, que se mantiene como l\u00edder </strong></p>\r\n\r\n<p>El Comercio. Deportes&nbsp; 31-01-2006</p>\r\n\r\n<p>LAYGIJ\u00d3N</p>\r\n\r\n<p>El <strong>Tur\u00f3n</strong> \u00fanicamente pudo empatar en Luarca (0-0) y desperdici\u00f3 as\u00ed la oportunidad de acercarse al l\u00edder Llanes. Sin embargo, el Camocha gan\u00f3 al Tineo (1-0) y ya est\u00e1 metido de lleno en la lucha por el ascenso a Tercera Divisi\u00f3n. &nbsp;<a href=\"https://www.elcomercio.es/pg060131/prensa/noticias/Deportes/200601/31/GIJ-DEP-215.html\" title=\"El Tur\u00f3n pierde la ocasi\u00f3n de acercarse al Llanes, que se mantiene como l\u00edder\">&lt;Ampliar noticia&gt;</a></p>\r\n\r\n<hr />\r\n<p>&nbsp;</p>\r\n\r\n<p><strong>La Pe\u00f1a Hermanos Castro sigue intratable en el grupo segundo </strong></p>\r\n\r\n<p>El Comercio. Deportes&nbsp; 31-01-2006</p>\r\n\r\n<p>LAYGIJ\u00d3N</p>\r\n\r\n<p>Los cuatro grupos de la segunda categor\u00eda regional tambi\u00e9n sufrieron las consecuencias de las nevadas del pasado fin de semana, que obligaron a aplazar 17 de los 30 encuentros que deb\u00edan haberse disputado.&nbsp; La Pe\u00f1a Hermanos Castro es el indiscutible l\u00edder del grupo segundo, correspondiente a Gij\u00f3n y a la cuenca del Caudal, en el cual tan s\u00f3lo se suspendieron dos encuentros en este fr\u00edo fin de semana: el <strong>Tur\u00f3n</strong> B-Fabril y el Santa Marina-El Coto.&nbsp; <a href=\"https://www.elcomercio.es/pg060131/prensa/noticias/Deportes/200601/31/GIJ-DEP-216.html\" title=\"La Pe\u00f1a Hermanos Castro sigue intratable en el grupo segundo\">&lt;Ampliar noticia&gt;</a></p>\r\n\r\n<hr />\r\n<p>&nbsp;</p>\r\n\r\n<p><strong>El PP dice que el hospitalillo de Tur\u00f3n \u00abno podr\u00e1 abrir\u00bb </strong></p>\r\n\r\n<p>El Comercio. Asturias/Cuencas Asturias&nbsp; 31-01-2006</p>\r\n\r\n<p>D. D. M.MIERES</p>\r\n\r\n<p>El Partido Popular de Mieres volvi\u00f3 a expresar ayer su preocupaci\u00f3n por las obras de adaptaci\u00f3n del <strong>hospitalillo</strong> <strong>minero</strong> de <strong>Tur\u00f3n</strong>. El grupo hizo ayer p\u00fablico un informe de esa obra donde se advierte de que \u00abalgunos de los cambios realizados al proyecto inicial impedir\u00e1n la puesta en funcionamiento del centro\u00bb..&nbsp; <a href=\"https://www.elcomercio.es/pg060131/prensa/noticias/Cuencas/200601/31/GIJ-CUE-083.html\" title=\"El PP dice que el hospitalillo de Tur\u00f3n \">&lt;Ampliar noticia&gt;</a></p>\r\n\r\n<hr />\r\n<p>&nbsp;</p>\r\n\r\n<p><strong>Bibliotecarios por un d\u00eda en Tur\u00f3n</strong></p>\r\n\r\n<p>La Voz de Asturias - 31/01/2006</p>\r\n\r\n<p>El <strong>Ateneo</strong> de <strong>Tur\u00f3n</strong> acoger\u00e1 hoy una jornada m\u00e1s del taller Bibliotecarios por un d\u00eda, en la que los ni\u00f1os de la localidad realizan, bajo la supervisi\u00f3n del responsable del centro, las tareas propias de los bibliotecarios. Se trata de una actividad que ha logrado un gran \u00e9xito de participaci\u00f3n y que ha conseguido, incluso, un premio de fomento a la&nbsp;&nbsp; <a href=\"http://www.lavozdeasturias.es/noticias/noticia.asp?pkid=250717\" title=\"Accede al resto de la noticia\">[Ampliar noticia]</a></p>\r\n</div>\r\n\r\n<div style=\"text-align: justify\">&nbsp;</div>\r\n\r\n<p>&nbsp;</p>\r\n", "author_name": "", "version": "1.0", "author_url": "https://www.elvalledeturon.net/author/jorgevarela", "provider_name": "El valle de Turon", "type": "rich"}