{"provider_url": "https://www.elvalledeturon.net", "title": "Junio", "html": "<div style=\"text-align: justify; margin: 0cm 0cm 6pt\">\r\n<p><strong>El Principado y el ministerio acuerdan construir 2.356 pisos protegidos en cuatro municipios </strong></p>\r\n\r\n<p>El Comercio. Asturias 01-06-2006</p>\r\n\r\n<p>EFEMADRID</p>\r\n\r\n<p>La ministra de Vivienda, Mar\u00eda Antonia Trujillo, y la consejera de Vivienda y Bienestar Social, Laura Gonz\u00e1lez, aprobaron ayer cinco acuerdos para la construcci\u00f3n de 2.356 viviendas protegidas en los municipios de Oviedo, Mieres, Castropol y San Mart\u00edn del Rey Aurelio. La inversi\u00f3n prevista para llevarlas a cabo es de 33,5 millones de euros.</p>\r\n\r\n<p>Gonz\u00e1lez explic\u00f3 que tambi\u00e9n se contempla la <strong>construcci\u00f3n</strong> de <strong>56</strong> <strong>pisos</strong> en <strong>Tur\u00f3n</strong>, 35 en Figueras (Castropol); y 176, en San Mart\u00edn del Rey Aurelio.&nbsp; <a href=\"https://www.elcomercio.es/pg060601/prensa/noticias/Asturias/200606/01/GIJ-AST-003.html\" title=\"El Principado y el ministerio acuerdan construir 2.356 pisos protegidos en cuatro municipios\">&lt;Ampliar noticia&gt;</a></p>\r\n\r\n<hr />\r\n<p>&nbsp;</p>\r\n\r\n<p><strong>Tur\u00f3n celebra este fin de semana su XIX Certamen del queso de Urbi\u00e9s </strong></p>\r\n\r\n<p>La Nueva Espa\u00f1a Cuencas - 02/06/2006</p>\r\n\r\n<p>Mieres del Camino, Jos\u00e9 Luis SALINAS</p>\r\n\r\n<p><strong>Urbi\u00e9s</strong> presenta esta tarde su tradicional certamen del queso. La iniciativa, que alcanza ya su XIX Edici\u00f3n, ha conseguido hacerse un hueco en el calendario gastron\u00f3mico del concejo mierense. &nbsp;<a href=\"http://www.lne.es/secciones/noticia.jsp?pRef=1291_38_410845__Cuencas-Turon-celebra-este-semana-Certamen-queso-Urbies\">&lt;Ampliar noticia&gt;</a></p>\r\n\r\n<hr />\r\n<p>&nbsp;</p>\r\n\r\n<p><strong>\u00abEsto no tiene precio\u00bb </strong></p>\r\n\r\n<p>El Comercio. Oviedo Asturias&nbsp; 04-06-2006</p>\r\n\r\n<p>ANA SALASOVIEDO</p>\r\n\r\n<p>Los palillos sonaban y los dedos se mov\u00edan a gran velocidad. Hac\u00edan encaje de bolillo. Una carpa instalada en la losa de Renfe reuni\u00f3 ayer a 800 personas con motivo del III Encuentro de Encajeras Ciudad de Oviedo.</p>\r\n\r\n<p>Hilos, alfileres y mujeres era lo que m\u00e1s abundaba. Aunque siempre hay alguna excepci\u00f3n. Y ayer fue <strong>Jos\u00e9</strong> <strong>Manuel</strong> <strong>Bardio</strong>, de <strong>Tur\u00f3n</strong>. Lleva dos meses haciendo bolillo y reconoce que le cuesta m\u00e1s trabajo que a sus compa\u00f1eras de curso: \u00abTardo m\u00e1s para entender el dibujo, pero poco a poco ir\u00e9 aprendiendo\u00bb, a\u00f1adi\u00f3. <a href=\"https://www.elcomercio.es/pg060604/prensa/noticias/Oviedo/200606/04/GIJ-OVI-035.html\">&lt;Ampliar noticia&gt;</a></p>\r\n\r\n<hr />\r\n<p>&nbsp;</p>\r\n\r\n<p><strong>Las antiguas Dominicas se dan cita para rendir culto a la Santina</strong></p>\r\n\r\n<p>El Comercio. Asturias/Oriente Asturias 05-06-2006</p>\r\n\r\n<p>B. M. G.COVADONGA</p>\r\n\r\n<p>Flores a los pies de la Santina. \u00c9se fue el motivo que ayer hizo que cerca de 300 antiguas alumnas Dominicas de la Anunciata, pertenecientes a los seis colegios asturianos -uno de ellos ahora desaparecido- de la provincia de Santa Catalina se dieran cita por primera vez en el Santuario de Covadonga.</p>\r\n\r\n<p>Durante el acto, tampoco faltaron algunas palabras de las representantes de Navia, <strong>Tur\u00f3n</strong>, Oviedo, Sama y La Felguera mientras el resto depositaba sus flores junto a la virgen.&nbsp; <a href=\"https://www.elcomercio.es/pg060605/prensa/noticias/Oriente/200606/05/GIJ-ORI-091.html\" title=\"Las antiguas Dominicas se dan cita para rendir culto a la Santina\">&lt;Ampliar noticia&gt;</a></p>\r\n\r\n<hr />\r\n<p>&nbsp;</p>\r\n\r\n<p><strong>La muestra fotogr\u00e1fica \u00abMineros\u00bb se expone en el Ateneo de Tur\u00f3n </strong></p>\r\n\r\n<p>La Nueva Espa\u00f1a Cuencas - 05/06/2006</p>\r\n\r\n<p>Tur\u00f3n (Mieres), L. V\u00c1ZQUEZ</p>\r\n\r\n<p>El <strong>Ateneo</strong> de <strong>Tur\u00f3n</strong> contar\u00e1 esta semana con la exposici\u00f3n \u00abMineros\u00bb, una selecci\u00f3n de setenta fotograf\u00edas entre las m\u00e1s de 10.000 que Alberto Rubio realiz\u00f3 durante siete a\u00f1os entre los pozos de Hunosa y Jovesa y la mina del Principado. &nbsp;&nbsp;<a href=\"http://www.lne.es/secciones/noticia.jsp?pRef=1294_38_411763__Cuencas-muestra-fotografica-Mineros-expone-Ateneo-Turon\">&lt;Ampliar noticia&gt;</a></p>\r\n\r\n<hr />\r\n<p>&nbsp;</p>\r\n\r\n<p><strong>El hospital de Tur\u00f3n estar\u00e1 listo para noviembre</strong></p>\r\n\r\n<p>La Voz de Asturias - 06/06/2006.</p>\r\n\r\n<p>Beatriz Garcia</p>\r\n\r\n<p>El <strong>centro</strong> de <strong>atenci\u00f3n</strong> a <strong>personas</strong> con <strong>discapacidad</strong> de <strong>Tur\u00f3n</strong> estar\u00e1 listo para el pr\u00f3ximo mes de noviembre, seg\u00fan confirm\u00f3 ayer el alcalde Mieres&nbsp;&nbsp; <a href=\"http://www.lavozdeasturias.es/noticias/noticia.asp?pkid=276758\" title=\"Accede al resto de la noticia\">[Ampliar noticia]</a></p>\r\n\r\n<hr />\r\n<p>&nbsp;</p>\r\n\r\n<p><strong>La orden superior de Roma insiste en la necesidad de la medida </strong></p>\r\n\r\n<p>La Nueva Espa\u00f1a Caudal -06/06/2006</p>\r\n\r\n<p>Mieres, B. G. F.</p>\r\n\r\n<p>La orden general de La Salle en Roma respondi\u00f3 hace unos d\u00edas a una carta remitida por la direcci\u00f3n del PP de Mieres mostrando su preocupaci\u00f3n por el inminente <strong>cierre</strong> del <strong>Colegio</strong> <strong>La</strong> <strong>Salle</strong> de <strong>Tur\u00f3n</strong>, anunciado hace ya varias semanas para el pr\u00f3ximo mes de agosto el cierre del colegio&nbsp; <a href=\"http://www.lne.es/secciones/noticia.jsp?pRef=1295_39_412026__Caudal-orden-superior-Roma-insiste-necesidad-medida\">&lt;Ampliar noticia&gt;</a></p>\r\n\r\n<hr />\r\n<p>&nbsp;</p>\r\n\r\n<p><strong>Victorias del Acesol y el Llano para cerrar la Liga </strong></p>\r\n\r\n<p>El Comercio. Deportes&nbsp;&nbsp;&nbsp; 07-06-2006</p>\r\n\r\n<p>MONCHU MEN\u00c9NDEZGIJ\u00d3N</p>\r\n\r\n<p>La \u00faltima jornada de liga en Nacional A trajo las victorias del Acesol en el derbi ante el Oca Moadafe (6-11) y la del Restauraciones el Llano ante el Puertas Deyma (10-3).</p>\r\n\r\n<p>En cuanto al \u00faltimo derbi de la categor\u00eda, entre el Oca Moadafe y el Acesol Tuc\u00e1n, estos \u00faltimos no dieron opci\u00f3n a su rival y vencieron de manera contundente (6-11), con lo que sumaron su jornada n\u00famero 22 consecutiva sin perder.&nbsp; El partido se desarroll\u00f3 con <strong>dominio</strong> del <strong>equipo</strong> <strong>turon\u00e9s</strong>, al que respond\u00eda el equipo local con r\u00e1pidas contras.&nbsp; <a href=\"https://www.elcomercio.es/pg060607/prensa/noticias/Deportes/200606/07/GIJ-DEP-206.html\" title=\"Victorias del Acesol y el Llano para cerrar la Liga\">&lt;Ampliar noticia&gt;</a></p>\r\n\r\n<hr />\r\n<p>&nbsp;</p>\r\n\r\n<p><strong>Medio Ambiente destina 21,8 millones para restaurar el cauce en cinco r\u00edos </strong></p>\r\n\r\n<p>El Comercio. Asturias&nbsp; 08-06-2006</p>\r\n\r\n<p>E. C.GIJ\u00d3N</p>\r\n\r\n<p>El Ministerio de Medio Ambiente destinar\u00e1 21,8 millones de euros para mejorar y restaurar el cauce en cinco r\u00edos asturianos.&nbsp; Los proyectos son el encauzamiento del curso bajo del r\u00edo Ra\u00edces, en Castrill\u00f3n; restauraci\u00f3n de m\u00e1rgenes del r\u00edo Nal\u00f3n, entre Sotrondio y Barredos; el encauzamiento del r\u00edo San Pedro, en Ribadesella; restauraci\u00f3n y recuperaci\u00f3n de enclaves naturales en el r\u00edo Nonaya en Salas; y <strong>restauraci\u00f3n</strong> de <strong>enclaves</strong> <strong>naturales</strong> del <strong>r\u00edo</strong> <strong>Tur\u00f3n</strong>, en el t\u00e9rmino municipal de Mieres.&nbsp; <a href=\"https://www.elcomercio.es/pg060608/prensa/noticias/Asturias/200606/08/GIJ-AST-006.html\" title=\"Medio Ambiente destina 21,8 millones para restaurar el cauce en cinco r\u00edos\">&lt;Ampliar noticia&gt;</a></p>\r\n\r\n<hr />\r\n<p>&nbsp;</p>\r\n\r\n<p><strong>Luis Lada, en la Real Academia de Ingenier\u00eda </strong></p>\r\n\r\n<p>El Comercio. Econom\u00eda 08-06-2006</p>\r\n\r\n<p>El <strong>turon\u00e9s</strong> <strong>Luis</strong> <strong>Lada</strong>, presidente de Telef\u00f3nica de Espa\u00f1a, tom\u00f3 ayer posesi\u00f3n de su plaza de n\u00famero en la real Academia de Ingenier\u00eda en un acto presidido por el secretario de Estado de Telecomunicaciones, Francisco Ros.&nbsp; <a href=\"https://www.elcomercio.es/pg060608/prensa/noticias/Economia/200606/08/GIJ-ECO-206.html\" title=\"Luis Lada, en la Real Academia de Ingenier\u00eda\">&lt;Ampliar noticia&gt;</a></p>\r\n\r\n<hr />\r\n<p>&nbsp;</p>\r\n\r\n<p><strong>Tur\u00f3n par\u00f3 contra el cierre de La Salle </strong></p>\r\n\r\n<p>La Nueva Espa\u00f1a Caudal -08/06/2006.</p>\r\n\r\n<p>Cerca de 300 personas participaron ayer en la manifestaci\u00f3n convocada por la Asociaci\u00f3n de Padres de Alumnos (APA) del <strong>Colegio</strong> La <strong>Salle</strong> para rechazar el cierre del centro. Los comerciantes del Valle tambi\u00e9n se solidarizaron con los manifestantes, y muchos cerraron sus puertas durante el tiempo que duro la manifestaci\u00f3n&nbsp; <a href=\"http://www.lne.es/secciones/noticia.jsp?pRef=1297_39_412767__Caudal-Turon-paro-contra-cierre-Salle\">&lt;Ampliar noticia&gt;</a></p>\r\n\r\n<hr />\r\n<p>&nbsp;</p>\r\n\r\n<p><strong>Sale a licitaci\u00f3n el proyecto de Tur\u00f3n Centro</strong></p>\r\n\r\n<p>La Voz de Asturias - 08/06/2006. Beatriz Garc\u00eda</p>\r\n\r\n<p>El Bolet\u00edn Oficial del Estado public\u00f3 ayer la licitaci\u00f3n de la obras de <strong>restauraci\u00f3n</strong> <strong>medioambiental</strong> del <strong>r\u00edo</strong> <strong>Tur\u00f3n</strong>&nbsp;&nbsp; <a href=\"http://www.lavozdeasturias.es/noticias/noticia.asp?pkid=277127\" title=\"Accede al resto de la noticia\">[Ampliar noticia]</a></p>\r\n\r\n<hr />\r\n<p>&nbsp;</p>\r\n\r\n<p><strong>El turones Luis Lada, presidente de Telef\u00f3nica, ingresa en la Real Academia de Ingenier\u00eda </strong></p>\r\n\r\n<p>La Nueva Espa\u00f1a Econom\u00eda y Laboral - 08/06/2006</p>\r\n\r\n<p>El <strong>mierense</strong> de <strong>Tur\u00f3n</strong> <strong>Luis</strong> <strong>Lada</strong>, presidente de Telef\u00f3nica de Espa\u00f1a, ley\u00f3 el martes el discurso de ingreso en la Real Academia de Ingenier\u00eda, en un acto presidido por el secretario de Estado de Telecomunicaciones y para la Sociedad de la Informaci\u00f3n, Francisco Ros. &nbsp;&nbsp;<a href=\"http://www.lne.es/secciones/noticia.jsp?pRef=1297_45_412855__Economia-y-Laboral-mierense-Luis-Lada-presidente-Telefonica-ingresa-Real-Academia-Ingenieria\">&lt;Ampliar noticia&gt;</a></p>\r\n\r\n<hr />\r\n<p>&nbsp;</p>\r\n\r\n<p><strong>El PP pide que se vele por los empleados de Tur\u00f3n Centro</strong></p>\r\n\r\n<p>La Voz de Asturias, 10/06/2006.- Beatriz Garc\u00eda</p>\r\n\r\n<p>El Partido Popular ha presentado una iniciativa en el Congreso de los Diputados para pedir al Ministerio de Medio Ambiente para que el plan de <strong>remodelaci\u00f3n</strong> de <strong>Tur\u00f3n</strong> <strong>Centro</strong> no afecte a ninguna empresa&nbsp;&nbsp; <a href=\"http://www.lavozdeasturias.es/noticias/noticia.asp?pkid=277543\" title=\"Accede al resto de la noticia\">[Ampliar noticia]</a></p>\r\n\r\n<hr />\r\n<p>&nbsp;</p>\r\n\r\n<p><strong>El PP pedir\u00e1 en el Congreso que se evite la p\u00e9rdida de empleos en Tur\u00f3n </strong></p>\r\n\r\n<p>El Comercio. Asturias/Cuencas Asturias &nbsp;&nbsp;10 -06-2006</p>\r\n\r\n<p>D. D. M.TUR\u00d3N</p>\r\n\r\n<p>El Partido Popular acaba de presentar una proposici\u00f3n no de Ley en la que solicita al Ministerio de Medio Ambiente que \u00abarbitre las oportunas actuaciones\u00bb para que ninguna empresa ubicada en los <strong>m\u00e1rgenes</strong> del <strong>r\u00edo</strong> <strong>Tur\u00f3n</strong> se vea afectada por el plan Tur\u00f3n-Centro.&nbsp; <a href=\"https://www.elcomercio.es/pg060610/prensa/noticias/Cuencas/200606/10/GIJ-CUE-085.html\" title=\"El PP pedir\u00e1 en el Congreso que se evite la p\u00e9rdida de empleos en Tur\u00f3n\">&lt;Ampliar noticia&gt;</a></p>\r\n\r\n<hr />\r\n<p>&nbsp;</p>\r\n\r\n<p><strong>Mieres establece restricciones en el consumo de agua por la sequ\u00eda </strong></p>\r\n\r\n<p>El Comercio. Asturias/Cuencas Asturias &nbsp;&nbsp;10-06-2006</p>\r\n\r\n<p>DIANA DE MIGUELMIERES</p>\r\n\r\n<p>Los problemas de la sequ\u00eda han comenzado a notarse en Mieres. Una buena parte de los n\u00facleos rurales del concejo que se nutren de manantiales ya tienen que ser abastecidos con cubas municipales. Hasta el momento, los m\u00e1s afectados son aquellos a los que no llega la red general, por ejemplo, los de las zonas altas de La Hueria de San Juan y <strong>Tur\u00f3n</strong>. Durante la ma\u00f1ana de ayer, tuvieron que ser atendidos La Depata y Lac\u00edu.&nbsp; <a href=\"https://www.elcomercio.es/pg060610/prensa/noticias/Cuencas/200606/10/GIJ-CUE-084.html\" title=\"Mieres establece restricciones en el consumo de agua por la sequ\u00eda\">&lt;Ampliar noticia&gt;</a></p>\r\n\r\n<hr />\r\n<p>&nbsp;</p>\r\n\r\n<p><strong>El Cand\u00e1s asciende a preferente y el Roces est\u00e1 a la espera del 'Uni' </strong></p>\r\n\r\n<p>El Comercio. Deportes&nbsp; 12-06-2006</p>\r\n\r\n<p>LAYGIJ\u00d3N</p>\r\n\r\n<p>El Cand\u00e1s retorna a regional preferente tras una emocionante eliminatoria de promoci\u00f3n dilucidada con el Roces, al que gan\u00f3 en el partido de ida en Gij\u00f3n (1-2), resultado que fue decisivo, porque el s\u00e1bado s\u00f3lo pudo empatar (1-1) en La Mata.</p>\r\n\r\n<p>La regional preferente para la pr\u00f3xima temporada 2006-07 la conformar\u00e1n los siguientes equipos: Tapia, Berr\u00f3n y Tit\u00e1nico, que descienden de Tercera Divisi\u00f3n; adem\u00e1s de los que se mantuvieron en preferente, Praviano, And\u00e9s, Nal\u00f3n, Navia, Valdesoto, Pumar\u00edn, Salas, Narcea, Universidad B, Luarca, Tineo, Colloto, <strong>Tur\u00f3n</strong>, y Camocha; m\u00e1s los tres ascendidos de primera, que son Urraca, La Caridad y Cand\u00e1s.&nbsp; <a href=\"https://www.elcomercio.es/pg060612/prensa/noticias/Deportes/200606/12/GIJ-DEP-176.html\" title=\"El Cand\u00e1s asciende a preferente y el Roces est\u00e1 a la espera del 'Uni'\">&lt;Ampliar noticia&gt;</a></p>\r\n\r\n<hr />\r\n<p>&nbsp;</p>\r\n\r\n<p><strong>Verano caliente </strong></p>\r\n\r\n<p>El Comercio. Asturias/Cuencas&nbsp; Asturias&nbsp; 12-06-2006</p>\r\n\r\n<p>JAVIER F. GRELA</p>\r\n\r\n<p>Un estudio realizado en nuestra regi\u00f3n apunta que Asturias est\u00e1 preparada para abastecer a cinco millones de habitantes a raz\u00f3n del n\u00famero y distribuci\u00f3n de las grandes superficies comerciales.</p>\r\n\r\n<p>Incluso as\u00ed los encerrados acumulan jornadas y est\u00e1n a punto de cumplir un a\u00f1o en esta situaci\u00f3n. Con este panorama y el <strong>cierre</strong> del <strong>centro</strong> de <strong>ense\u00f1anza</strong> de La <strong>Salle</strong>, en <strong>Tur\u00f3n</strong>, son muchos los frentes abiertos para un verano caliente.&nbsp; <a href=\"https://www.elcomercio.es/pg060612/prensa/noticias/Cuencas/200606/12/GIJ-CUE-058.html\" title=\"Verano caliente\">&lt;Ampliar noticia&gt;</a></p>\r\n\r\n<hr />\r\n<p>&nbsp;</p>\r\n\r\n<p><strong>Tur\u00f3n acoge una muestra fotogr\u00e1fica</strong></p>\r\n\r\n<p>La Voz de Asturias - 12/06/2006</p>\r\n\r\n<p>El <strong>Ateneo</strong> de <strong>Tur\u00f3n</strong> acoger\u00e1, hasta el pr\u00f3ximo d\u00eda 23 de junio, una exposici\u00f3n del galardonado fot\u00f3grafo Alberto Rubio.&nbsp; <a href=\"http://www.lavozdeasturias.es/noticias/noticia.asp?pkid=277918\" title=\"Accede al resto de la noticia\">[Ampliar noticia]</a></p>\r\n\r\n<hr />\r\n<p>&nbsp;</p>\r\n\r\n<p><strong>Mieres abastece con cubas de agua a 50 familias por la sequ\u00eda</strong></p>\r\n\r\n<p>La Voz de Asturias - 13/06/2006.</p>\r\n\r\n<p>&nbsp;Nacho G. Pandavenes&nbsp; / S. Guti\u00e9rrez</p>\r\n\r\n<p>El ayuntamiento atiende a <strong>12</strong> <strong>pueblos</strong> de <strong>Tur\u00f3n</strong> y la Hueria de San Juan.&nbsp;&nbsp; <a href=\"http://www.lavozdeasturias.es/noticias/noticia.asp?pkid=278123\" title=\"Accede al resto de la noticia\">[Ampliar noticia]</a></p>\r\n\r\n<hr />\r\n<p>&nbsp;</p>\r\n\r\n<p><strong>Mieres ampliar\u00e1 la red de suministro para terminar con las restricciones de agua </strong></p>\r\n\r\n<p>El Comercio. Asturias/Cuencas Asturias&nbsp; 13-06-2006</p>\r\n\r\n<p>DIANA DE MIGUELMIERES</p>\r\n\r\n<p>El 95% de la poblaci\u00f3n del concejo de Mieres estar\u00e1 conectada en 2007 a la red general de abastecimiento de agua. En total, ser\u00e1n unos 35 n\u00facleos rurales de <strong>La</strong> Hueria de San Juan, <strong>La</strong> <strong>Hueria</strong> de <strong>Urbi\u00e9s</strong> y el Pico Seana los que dejar\u00e1n de depender del agua de los manantiales que tantos problemas les crea en \u00e9poca de sequ\u00eda.&nbsp; <a href=\"https://www.elcomercio.es/pg060613/prensa/noticias/Cuencas/200606/13/GIJ-CUE-107.html\" title=\"Mieres ampliar\u00e1 la red de suministro para terminar con las restricciones de agua\">&lt;Ampliar noticia&gt;</a></p>\r\n\r\n<hr />\r\n<p>&nbsp;</p>\r\n\r\n<p><strong>Padres de alumnos se encierran contra la desaparici\u00f3n del colegio La Salle de Tur\u00f3n </strong></p>\r\n\r\n<p>El Comercio. Asturias/Cuencas Asturias 14-06-2006</p>\r\n\r\n<p>DIANA DE MIGUELTUR\u00d3N</p>\r\n\r\n<p>Llegaron al colegio con sus hijos a las nueve de la ma\u00f1ana de ayer y aseguran que no se ir\u00e1n hasta que los provinciales de La Salle de Valladolid les expliquen en persona las razones que les han llevado a decidir la <strong>clausura</strong> del <strong>centro</strong> <strong>turon\u00e9s</strong>. <a href=\"https://www.elcomercio.es/pg060614/prensa/noticias/Cuencas/200606/14/GIJ-CUE-089.html\" title=\"Padres de alumnos se encierran contra la desaparici\u00f3n del colegio La Salle de Tur\u00f3n\">&lt;Ampliar noticia&gt;</a></p>\r\n\r\n<hr />\r\n<p>&nbsp;</p>\r\n\r\n<p><strong>Los padres \u00b4toman\u00b4 La Salle en protesta por el cierre del colegio</strong></p>\r\n\r\n<p>La Voz de Asturias - 14/06/2006. S. Guti\u00e9rrez</p>\r\n\r\n<p>Un grupo de padres, madres y familiares de los alumnos del <strong>colegio</strong> de La <strong>Salle</strong> de <strong>Tur\u00f3n</strong> iniciaron ayer un encierro en se\u00f1al de protesta contra el cierre del centro concertado Las familias piden que les expliquen \"con claridad\" los motivos de la clausura.&nbsp;&nbsp; <a href=\"http://www.lavozdeasturias.es/noticias/noticia.asp?pkid=278318\" title=\"Accede al resto de la noticia\">[Ampliar noticia]</a></p>\r\n\r\n<hr />\r\n<p>&nbsp;</p>\r\n\r\n<p><strong>Tur\u00f3n exige formar parte de los fondos mineros</strong></p>\r\n\r\n<p>La Voz de Asturias - 14/06/2006</p>\r\n\r\n<p>La <strong>Plataforma</strong> <strong>Juvenil</strong> de <strong>Tur\u00f3n</strong> proclam\u00f3 ayer una protesta en la que exige al presidente del Principado de Asturias, Vicente \u00c1lvarez Areces, que tenga en cuenta a la localidad mierense en el reparto de los fondos mineros<a href=\"http://www.lavozdeasturias.es/noticias/noticia.asp?pkid=278320\" title=\"Accede al resto de la noticia\">[Ampliar noticia]</a></p>\r\n\r\n<hr />\r\n<p>&nbsp;</p>\r\n\r\n<p><strong>T\u00e9cnicos sanitarios del IES de Tur\u00f3n denuncian que el Sespa les discrimina </strong></p>\r\n\r\n<p>La Nueva Espa\u00f1a Caudal - 16/06/2006</p>\r\n\r\n<p>Tur\u00f3n (Mieres), Jos\u00e9 Luis SALINAS</p>\r\n\r\n<p>La Asociaci\u00f3n de T\u00e9cnicos Superiores en Documentaci\u00f3n Sanitaria (Atedos) denunci\u00f3 ayer que el \u00abServicio de Salud del Principado de Asturias (Sespa) no ha incorporado a su relaci\u00f3n de puestos de trabajo, ni siquiera de forma interina.&nbsp; <a href=\"http://www.lne.es/secciones/noticia.jsp?pRef=1306_39_415404__Caudal-Tecnicos-sanitarios-Turon-denuncian-Sespa-discrimina\">&lt;Ampliar noticia&gt;</a></p>\r\n\r\n<hr />\r\n<p>&nbsp;</p>\r\n\r\n<p><strong>Exposiciones en Mieres y Tur\u00f3n</strong></p>\r\n\r\n<p>La Voz de Asturias - 18/06/2006</p>\r\n\r\n<p>El fot\u00f3grafo Alberto Rubio expone hasta el pr\u00f3ximo 23 de junio sus trabajos, merecedores de numerosos galardones, en el <strong>Ateneo</strong> de <strong>Tur\u00f3n</strong>.&nbsp;&nbsp; <a href=\"http://www.lavozdeasturias.es/noticias/noticia.asp?pkid=279165\" title=\"Accede al resto de la noticia\">[Ampliar noticia]</a></p>\r\n\r\n<hr />\r\n<p>&nbsp;</p>\r\n\r\n<p><strong>Concierto de m\u00fasica tradicional en Tur\u00f3n</strong></p>\r\n\r\n<p>La Voz de Asturias - 18/06/2006</p>\r\n\r\n<p>El <strong>Ateneo</strong> de <strong>Tur\u00f3n</strong> acoger\u00e1 ma\u00f1ana un concierto de los alumnos de Jorge Areces, director de la banda de gaitas Villa de Mieres, y Javier Tejedor, integrante del grupo folk del mismo nombre,&nbsp;&nbsp; <a href=\"http://www.lavozdeasturias.es/noticias/noticia.asp?pkid=279166\" title=\"Accede al resto de la noticia\">[Ampliar noticia]</a></p>\r\n\r\n<hr />\r\n<p>&nbsp;</p>\r\n\r\n<p><strong>Susana Ov\u00edn recibe hoy el premio como mejor escanciadora de 2005 </strong></p>\r\n\r\n<p>El Comercio. Asturias&nbsp; 19-06-2006</p>\r\n\r\n<p>E. C.GIJ\u00d3N</p>\r\n\r\n<p>La Asociaci\u00f3n de Lagareros de Asturias (ALA) entregar\u00e1 hoy los galardones de su Concurso Regional de Escanciadores 2005 en un acto que se celebrar\u00e1 en el Centro Cultural Cajastur, en Oviedo.</p>\r\n\r\n<p>Tras Ov\u00edn e Iglesias se clasificaron Pablo Costales (Casa Ferino, Gij\u00f3n); Jonathan Trabanco (El Madre\u00f1u, Pola de Siero), Loreto Garc\u00eda (El madre\u00f1u), <strong>Natalia Men\u00e9ndez (Casa Chuchu, Tur\u00f3n)</strong>, Mauro Garc\u00eda (Parrilla Linares, Langreo), F\u00e9lix de la Fuente (El Mirador, Arriondas), Darwin Sanipatin (El Madre\u00f1u) y Andr\u00e9s Men\u00e9ndez (La Torre, Villaviciosa).&nbsp; <a href=\"https://www.elcomercio.es/pg060619/prensa/noticias/Asturias/200606/19/GIJ-AST-007.html\" title=\"Susana Ov\u00edn recibe hoy el premio como mejor escanciadora de 2005\">&lt;Ampliar noticia&gt; </a></p>\r\n\r\n<hr />\r\n<p>&nbsp;</p>\r\n\r\n<p><strong>Padres de alumnos de La Salle pedir\u00e1n en Valladolid la continuidad del colegio </strong></p>\r\n\r\n<p>La Nueva Espa\u00f1a Caudal - 21/06/2006</p>\r\n\r\n<p>Tur\u00f3n (Mieres), Jos\u00e9 Luis SALINAS</p>\r\n\r\n<p>La Asociaci\u00f3n de Padres del <strong>Colegio</strong> <strong>La</strong> <strong>Salle</strong> de <strong>Tur\u00f3n</strong> ha cumplido su objetivo. Tras una semana de encierro en el vest\u00edbulo del centro educativo, cinco padres saldr\u00e1n ma\u00f1ana jueves en direcci\u00f3n a Valladolid para reunirse con los responsables &nbsp;&nbsp;<a href=\"http://www.lne.es/secciones/noticia.jsp?pRef=1311_39_416865__Caudal-Padres-alumnos-Salle-pediran-Valladolid-continuidad-colegio\">&lt;Ampliar noticia&gt;</a></p>\r\n\r\n<hr />\r\n<p>&nbsp;</p>\r\n\r\n<p><strong>Los j\u00f3venes de Tur\u00f3n piden 10 millones de euros para crear empleo</strong></p>\r\n\r\n<p>La Voz de Asturias - 23/06/2006</p>\r\n\r\n<p>La <strong>Plataforma</strong> <strong>Juvenil</strong> de <strong>Tur\u00f3n</strong> presentar\u00e1 un proyecto para ejecutar con cargo a los fondos mineros de este nuevo plan, denominado Tur\u00f3n 21, para reactivar el valle.&nbsp; <a href=\"http://www.lavozdeasturias.es/noticias/noticia.asp?pkid=280214\" title=\"Accede al resto de la noticia\">[Ampliar noticia]</a></p>\r\n\r\n<hr />\r\n<p>&nbsp;</p>\r\n\r\n<p><strong>Mieres pierde 2.500 vecinos en tres a\u00f1os y baja de los 46.000 habitantes </strong></p>\r\n\r\n<p>El Comercio. Asturias/Cuencas Asturias&nbsp; 23-06-2006</p>\r\n\r\n<p>DIANA DE MIGUELMIERES</p>\r\n\r\n<p>Mieres ha perdido en los \u00faltimos tres a\u00f1os (desde enero de 2003 a enero de 2006) 2.500 vecinos, seg\u00fan el servicio de estad\u00edstica del Consistorio</p>\r\n\r\n<p>El Partido Popular ha venido criticando en los \u00faltimos meses el abandono por parte del equipo de Gobierno de los n\u00facleos rurales de concejo que, <strong>como</strong> <strong>Tur\u00f3n</strong>, <strong>m\u00e1s</strong> han <strong>sufrido</strong> por el <strong>cierre</strong> de la <strong>industria</strong> minera. Ese valle, donde adem\u00e1s el incide de vejez se mueve por encima de la media regional, perdi\u00f3 cerca de 6.000 puestos de trabajo y unos 11.000 vecinos.&nbsp; <a href=\"https://www.elcomercio.es/pg060623/prensa/noticias/Cuencas/200606/23/GIJ-CUE-103.html\" title=\"Mieres pierde 2.500 vecinos en tres a\u00f1os y baja de los 46.000 habitantes\">&lt;Ampliar noticia&gt;</a></p>\r\n\r\n<hr />\r\n<p>&nbsp;</p>\r\n\r\n<p><strong>Herido un trabajador en Mieres tras desplomarse el suelo de un edificio en rehabilitaci\u00f3n </strong></p>\r\n\r\n<p>El Comercio. Asturias/Cuencas Asturias 24-06-2006</p>\r\n\r\n<p>DIANA DE MIGUELMIERES</p>\r\n\r\n<p>Un trabajador result\u00f3 ayer herido de gravedad al quedar atrapado durante media hora bajo los escombros en un inmueble en rehabilitaci\u00f3n de la calle de Avil\u00e9s donde realizaba, junto a otros dos operarios, trabajos de alba\u00f1iler\u00eda.&nbsp; Encarna fue la primera en dar la voz de alarma. Mientras, uno de los dos compa\u00f1eros de M. P. R., que tambi\u00e9n se encontraba en el edificio cuando se produjeron los hechos, el <strong>turon\u00e9s</strong> <strong>Sergio</strong> <strong>Alonso</strong> trataba de desenterrar al herido, vecino de Rioturbio&nbsp; <a href=\"https://www.elcomercio.es/pg060624/prensa/noticias/Cuencas/200606/24/GIJ-CUE-100.html\" title=\"Herido un trabajador en Mieres tras desplomarse el suelo de un edificio en rehabilitaci\u00f3n\">&lt;Ampliar noticia&gt;</a></p>\r\n\r\n<hr />\r\n<p>&nbsp;</p>\r\n\r\n<p><strong>La Salle ratifica el cierre de Tur\u00f3n 24 horas despu\u00e9s de barajar una pr\u00f3rroga de un a\u00f1o </strong></p>\r\n\r\n<p>La Nueva Espa\u00f1a Caudal -24/06/2006</p>\r\n\r\n<p>Tur\u00f3n (Mieres), Jos\u00e9 Luis SALINAS</p>\r\n\r\n<p>Los 165 estudiantes del <strong>Colegio</strong> de la <strong>Salle</strong> de <strong>Tur\u00f3n</strong> dieron ayer su \u00faltima clase en el centro educativo. La instituci\u00f3n religiosa confirm\u00f3 a la Asociaci\u00f3n de Padres de Alumnos (APA) turonesa su intenci\u00f3n de clausurar el colegio el pr\u00f3ximo 31 de agosto.&nbsp; <a href=\"http://www.lne.es/secciones/noticia.jsp?pRef=1314_39_417969__Caudal-Salle-ratifica-cierre-Turon-horas-despues-barajar-prorroga\">&lt;Ampliar noticia&gt;</a></p>\r\n\r\n<hr />\r\n<p>&nbsp;</p>\r\n\r\n<p><strong>Tur\u00f3n corta los accesos al valle una hora por el cierre del Colegio La Salle </strong></p>\r\n\r\n<p>La Nueva Espa\u00f1a Caudal - 26/06/2006</p>\r\n\r\n<p>Tur\u00f3n (Mieres), Jos\u00e9 Luis SALINAS</p>\r\n\r\n<p>Cerca de 200 personas cortaron ayer la carretera de acceso al valle de Tur\u00f3n para reclamar que no se cierre el Colegio La Salle. Muchos de los comercios de la zona cerraron tambi\u00e9n sus puertas durante la hora que dur\u00f3 la manifestaci\u00f3n&nbsp; <a href=\"http://www.lne.es/secciones/noticia.jsp?pRef=1284_39_408343__Caudal-Turon-corta-accesos-valle-hora-cierre-Colegio-Salle\">&lt;Ampliar noticia&gt;</a></p>\r\n\r\n<hr />\r\n<p>&nbsp;</p>\r\n\r\n<p><strong>El Principado inicia la construcci\u00f3n de 56 pisos sociales en Tur\u00f3n </strong></p>\r\n\r\n<p>La Nueva Espa\u00f1a Caudal - 27/06/2006</p>\r\n\r\n<p>Tur\u00f3n (Mieres), Jos\u00e9 Luis SALINAS&nbsp;</p>\r\n\r\n<p>La Consejer\u00eda de Vivienda ha iniciado ya la <strong>construcci\u00f3n</strong> de <strong>56</strong> <strong>pisos</strong> <strong>sociales</strong> en la <strong>plaza</strong> de la <strong>Madera</strong> de <strong>Tur\u00f3n</strong>. El proyecto, que cuenta con una inversi\u00f3n de tres millones de euros, apuesta tambi\u00e9n por una peque\u00f1a oferta de minipisos. <a href=\"http://www.lne.es/secciones/noticia.jsp?pRef=1284_39_408343__Caudal-Turon-corta-accesos-valle-hora-cierre-Colegio-Salle\">&lt;Ampliar noticia&gt;</a></p>\r\n\r\n<hr />\r\n<p>&nbsp;</p>\r\n\r\n<p><strong>Mieres destina 2,2 millones de euros a mejoras en barrios</strong></p>\r\n\r\n<p><strong>El Comercio. Asturias. Cuencas&nbsp; -28-06-2006 </strong></p>\r\n\r\n<p>De ellos, unos 750.000 euros se destinar\u00e1n a la <strong>mejora</strong> del <strong>barrio</strong> de <strong>San</strong> <strong>Francisco</strong> de <strong>Tur\u00f3n</strong>, 230.000 a La Rebollada, 230.000 al de Rozadas de La Pe\u00f1a y m\u00e1s de un mill\u00f3n al barrio Pach\u00f3n, de Abla\u00f1a de Abajo.&nbsp;&nbsp;&nbsp; <a href=\"http://www.elcomerciodigital.com/pg060628/prensa/noticias/Cuencas/200606/28/GIJ-CUE-104.html\">[Ampliar noticia]</a></p>\r\n\r\n<hr />\r\n<p>&nbsp;</p>\r\n\r\n<p><strong>Mieres destina 2,2 millones de euros a mejoras en barrios </strong></p>\r\n\r\n<p>El Comercio. Asturias/Cuencas Asturias&nbsp; 28-06-2006</p>\r\n\r\n<p>D. D. M.MIERES</p>\r\n\r\n<p>El Ayuntamiento de Mieres dio ayer luz verde a la firma de un convenio con el Principado que permitir\u00e1 la reforma integral de cuatro barrios y pueblos del municipio. En total, se invertir\u00e1n 2,2 millones de euros procedentes del plan de la miner\u00eda. De ellos, unos 750.000 euros se destinar\u00e1n a la <strong>mejora</strong> del <strong>barrio</strong> de <strong>San</strong> <strong>Francisco</strong> de <strong>Tur\u00f3n</strong>, 230.000 a La Rebollada, 230.000 al de Rozadas de La Pe\u00f1a y m\u00e1s de un mill\u00f3n al barrio Pach\u00f3n, de Abla\u00f1a de Abajo.&nbsp; <a href=\"https://www.elcomercio.es/pg060628/prensa/noticias/Cuencas/200606/28/GIJ-CUE-104.html\" title=\"Mieres destina 2,2 millones de euros a mejoras en barrios\">&lt;Ampliar noticia&gt;</a></p>\r\n\r\n<hr />\r\n<p>&nbsp;</p>\r\n\r\n<p><strong>La memoria del pozo Fortuna </strong></p>\r\n\r\n<p>El Comercio. Asturias/Cuencas Asturias&nbsp; 29-06-2006</p>\r\n\r\n<p>Un homenaje a las personas que perdieron la vida durante la Guerra Civil. Ese es el objetivo del Aula de la Memoria que se inaugur\u00f3 ayer en el <strong>pozo</strong> <strong>Fortuna</strong> de <strong>Tur\u00f3n</strong>, donde existe una fosa com\u00fan.&nbsp; <a href=\"https://www.elcomercio.es/pg060629/prensa/noticias/Cuencas/200606/29/GIJ-CUE-092.html\" title=\"La memoria del pozo Fortuna\">&lt;Ampliar noticia&gt;</a></p>\r\n\r\n<hr />\r\n<p>&nbsp;</p>\r\n\r\n<p><strong>La memoria del pozo Fortuna</strong></p>\r\n\r\n<p>El Comercio. Asturias. Cuencas - 29-06-2006</p>\r\n\r\n<p>Ese es el objetivo del Aula de la Memoria que se inaugur\u00f3 ayer en el <strong>pozo</strong> <strong>Fortuna</strong> de <strong>Tur\u00f3n</strong>, donde existe una fosa com\u00fan. <a href=\"http://www.elcomerciodigital.com/pg060629/prensa/noticias/Cuencas/200606/29/GIJ-CUE-092.html\">[Ampliar noticia]</a></p>\r\n\r\n<hr />\r\n<p>&nbsp;</p>\r\n\r\n<p><strong>Hunosa cede suelo al concejo para hacer viviendas en Abla\u00f1a y para el ambulatorio de Tur\u00f3n </strong></p>\r\n\r\n<p>La Nueva Espa\u00f1a Caudal - 30/06/2006</p>\r\n\r\n<p>Mieres del Camino, B. G. F.</p>\r\n\r\n<p>La empresa minera Hunosa ha cedido al Ayuntamiento de Mieres 195.300 metros cuadrados de suelo que permitir\u00e1n al Consistorio desbloquear varios proyectos pendientes. Los convenios de cesi\u00f3n fueron aprobados ayer por el Pleno municipal. Uno de ellos, es la <strong>construcci\u00f3n</strong> del <strong>nuevo</strong> <strong>ambulatorio</strong> de <strong>Tur\u00f3n</strong>&nbsp; <a href=\"http://www.lne.es/secciones/noticia.jsp?pRef=1320_39_419876__Caudal-Hunosa-cede-suelo-concejo-para-hacer-viviendas-para-ambulatorio-Turon\">&lt;Ampliar noticia&gt;</a></p>\r\n</div>\r\n\r\n<p>&nbsp;</p>\r\n", "author_name": "", "version": "1.0", "author_url": "https://www.elvalledeturon.net/author/jorgevarela", "provider_name": "El valle de Turon", "type": "rich"}