{"provider_url": "https://www.elvalledeturon.net", "title": "Marzo", "html": "<div style=\"text-align: justify; margin: 0cm 0cm 6pt\">\r\n<p><strong>Tur\u00f3n destaca los v\u00ednculos de Guillermo Schulz con el monta\u00f1ismo </strong></p>\r\n\r\n<p>La Nueva Espa\u00f1a Cuencas -.06/03/2006.</p>\r\n\r\n<p>Tur\u00f3n (Mieres), Laudelino V\u00c1ZQUEZ</p>\r\n\r\n<p>En el Ateneo de <strong>Tur\u00f3n</strong>, presentado por \u00c1ngel Ortega, tuvo lugar el acto de presentaci\u00f3n del trabajo \u00abLas cumbres asturianas de Guillermo Schulz\u00bb, elaborado por los profesores Jos\u00e9 Carrasco Gal\u00e1n, de la Escuela de Minas de Madrid, y Pelayo Gonz\u00e1lez&nbsp; <strong><a href=\"http://www.lne.es/secciones/noticia.jsp?pRef=1204_38_381689__Cuencas-Turon-destaca-vinculos-Guillermo-Schulz\">&lt;Ampliar noticia&gt;</a></strong></p>\r\n\r\n<hr />\r\n<p>&nbsp;</p>\r\n\r\n<p><strong>El grupo musical \u00abAlmanaque\u00bb actuar\u00e1 esta tarde en el Ateneo de Tur\u00f3n </strong></p>\r\n\r\n<p>La Nueva Espa\u00f1a Caudal - 07/03/2006.</p>\r\n\r\n<p>Mieres del Camino, Jos\u00e9 Luis SALINAS</p>\r\n\r\n<p>El grupo \u00abAlmanaque\u00bb celebrar\u00e1 esta tarde un concierto en el Ateneo de <strong>Tur\u00f3n</strong> a partir de las siete y media. El ciclo de conciertos que a partir del verano visitar\u00e1 las principales localidades de la regi\u00f3n estar\u00e1 dedicado a la nueva m\u00fasica&nbsp; <strong><a href=\"http://www.lne.es/secciones/noticia.jsp?pRef=1205_39_381988__Caudal-grupo-musical-Almanaque-actuara-esta-tarde-Ateneo-Turon\">&lt;Ampliar noticia&gt;</a></strong></p>\r\n\r\n<hr />\r\n<p>&nbsp;</p>\r\n\r\n<p><strong>La dama de las camelias</strong></p>\r\n\r\n<p>La Voz de Asturias - 08/03/2006</p>\r\n\r\n<p>Convertir a <strong>Tur\u00f3n</strong> en el hogar de las camelias. Este parece ser el objetivo del proyecto presentado ayer por la asociaci\u00f3n de amigos de esta flor del valle turon\u00e9s al alcalde de Mieres, Luis Mar\u00eda Garc\u00eda, en su primer encuentro oficial Tur\u00f3n propone abrir en el valle un jard\u00edn tem\u00e1tico sobre esta flor. &nbsp;&nbsp;<a href=\"http://www.lavozdeasturias.es/noticias/noticia.asp?pkid=258299\" title=\"Accede al resto de la noticia\">[Ampliar noticia]</a></p>\r\n\r\n<hr />\r\n<p>&nbsp;</p>\r\n\r\n<p><strong>Tur\u00f3n dona una camelia de dos metros a Gij\u00f3n</strong></p>\r\n\r\n<p>La Voz de Asturias - 10/03/2006</p>\r\n\r\n<p>Una delegaci\u00f3n del Ayuntamiento de Mieres acudir\u00e1 al Jard\u00edn Bot\u00e1nico de Gij\u00f3n para realizar una donaci\u00f3n de una camelia de dos metros de altura donado por la Asociaci\u00f3n de Amigos de la camelia del Valle de <strong>Tur\u00f3n&nbsp;&nbsp; </strong><a href=\"http://www.lavozdeasturias.es/noticias/noticia.asp?pkid=258765\" title=\"Accede al resto de la noticia\">[Ampliar noticia]</a></p>\r\n\r\n<hr />\r\n<p>&nbsp;</p>\r\n\r\n<p><strong>Los premios Eugenio Carbajal en Tur\u00f3n</strong></p>\r\n\r\n<p>La Voz de Asturias - 11/03/2006</p>\r\n\r\n<p>LA biblioteca de <strong>Tur\u00f3n</strong> acoger\u00e1 el pr\u00f3ximo viernes 17 de marzo la gala de entrega de los premios del certamen internacional de relatos cortos Eugenio Carbajal. En esta edici\u00f3n participaron 200 escritores j\u00f3venes de Asturias as\u00ed como del resto del pa\u00eds, Europa y Am\u00e9rica, fundamentalmente de pa\u00edses de habla hispana o con alto \u00edndice de emigraci\u00f3n espa\u00f1ola. &nbsp;&nbsp;<a href=\"http://www.lavozdeasturias.es/noticias/noticia.asp?pkid=259003\" title=\"Accede al resto de la noticia\">[Ampliar noticia]</a></p>\r\n\r\n<hr />\r\n<p>&nbsp;</p>\r\n\r\n<p><strong>Tur\u00f3n acoge la presentaci\u00f3n de la Universidad Popular de las Cuencas </strong></p>\r\n\r\n<p>La Nueva Espa\u00f1a Caudal - 16/03/2006</p>\r\n\r\n<p>Mieres del Camino, J. A. O.</p>\r\n\r\n<p>La sede de Fucomi en el hist\u00f3rico pozo San Jos\u00e9 de <strong>Tur\u00f3n</strong> albergar\u00e1 esta tarde, a partir de las cinco, un acto de presentaci\u00f3n de la Universidad Popular de las Comarcas Mineras organizado por el Club LA NUEVA ESPA\u00d1A en las Cuencas. &nbsp;&nbsp;<strong><a href=\"http://www.lne.es/secciones/noticia.jsp?pRef=1214_39_385153__Caudal-Turon-acoge-presentacion-Universidad-Popular-Cuencas\">&lt;Ampliar noticia&gt;</a></strong></p>\r\n\r\n<hr />\r\n<p>&nbsp;</p>\r\n\r\n<p><strong>Xastre expone en Tur\u00f3n sus miradas sobre la mina, la mar y la monta\u00f1a </strong></p>\r\n\r\n<p>La Nueva Espa\u00f1a Cuencas - 15/03/2006.</p>\r\n\r\n<p>Tur\u00f3n, J. L. S.</p>\r\n\r\n<p>El pintor asturiano C\u00e9sar Fern\u00e1ndez Pello, \u00abXastre\u00bb, expone en <strong>Tur\u00f3n</strong> sus trabajos sobre algunos de los referentes que han marcado su labor art\u00edstica: la mina, la mar y la monta\u00f1a. Xastre, como se le conoce art\u00edsticamente, es natural de Bue\u00f1o, Ribera de Arriba&nbsp; <strong><a href=\"http://www.lne.es/secciones/noticia.jsp?pRef=1213_38_384711__Cuencas-Xastre-expone-Turon-miradas-sobre-mina\">&lt;Ampliar noticia&gt;</a></strong></p>\r\n\r\n<hr />\r\n<p>&nbsp;</p>\r\n\r\n<p><strong>Los alumnos de los ciclos formativos participar\u00e1n en un programa de intercambio </strong></p>\r\n\r\n<p>La Nueva Espa\u00f1a Cuencas - 16/03/2006</p>\r\n\r\n<p>Tur\u00f3n (Mieres), J. L. S.</p>\r\n\r\n<p>Los alumnos de ciclos formativos de la rama sanitaria del Instituto de Ense\u00f1anza Secundaria Valle de <strong>Tur\u00f3n</strong> viajar\u00e1n la pr\u00f3xima semana a la localidad alemana de Marburg para participar en un proyecto de intercambio ling\u00fc\u00edstico. &nbsp;<strong><a href=\"http://www.lne.es/secciones/noticia.jsp?pRef=1214_38_385151__Cuencas-alumnos-ciclos-formativos-participaran-programa-intercambio\">&lt;Ampliar noticia&gt;</a></strong></p>\r\n\r\n<hr />\r\n<p>&nbsp;</p>\r\n\r\n<p><strong>Los j\u00f3venes de Tur\u00f3n exigen la construcci\u00f3n del nuevo centro de salud del Valle </strong></p>\r\n\r\n<p>La Nueva Espa\u00f1a Caudal - 17/03/2006.</p>\r\n\r\n<p>Tur\u00f3n (Mieres), J. L. S.</p>\r\n\r\n<p>La Plataforma Juvenil de <strong>Tur\u00f3n</strong> exigi\u00f3 ayer la \u00abinmediata construcci\u00f3n\u00bb del ambulatorio del valle ya que el proyecto acumula \u00abdos a\u00f1os de retraso\u00bb. El colectivo, que calific\u00f3 la situaci\u00f3n de \u00abinaceptable\u00bb, pidi\u00f3 al alcalde, Luis Mar\u00eda Garc\u00eda, que adopte una postura&nbsp; &lt;Ampliar noticia&gt;</p>\r\n\r\n<hr />\r\n<p>&nbsp;</p>\r\n\r\n<p><strong>Luz verde a las gradas del pabell\u00f3n de Tur\u00f3n y a la reforma de la carretera de acceso al Puyiscal</strong></p>\r\n\r\n<p>La Voz de Asturias - 23/03/2006</p>\r\n\r\n<p>La Junta de Gobierno de Mieres dio ayer luz verde a la construcci\u00f3n del grader\u00edo proyectado para el polideportivo de <strong>Tur\u00f3n</strong>.&nbsp;&nbsp; <a href=\"http://www.lavozdeasturias.es/noticias/noticia.asp?pkid=261629\" title=\"Accede al resto de la noticia\">[Ampliar noticia]</a></p>\r\n\r\n<hr />\r\n<p>&nbsp;</p>\r\n\r\n<p><strong>\u00c1lvarez Areces visita el valle de Tur\u00f3n</strong></p>\r\n\r\n<p>La Voz de Asturias - 24/03/2006</p>\r\n\r\n<p>El Presidente del&nbsp; Principado, Vicente \u00c1lvarez Areces, asiste hoy al acto de inauguraci\u00f3n de la senda verde de los Valles Mineros, en el que se descubrir\u00e1 una placa en recuerdo a los fallecidos en accidentes mineros en Tur\u00f3n. El acto tendr\u00e1 lugar en el aparcamiento de la variante del valle, a la altura de la mina San Jos\u00e9.&nbsp; <a href=\"http://www.lavozdeasturias.es/noticias/noticia.asp?pkid=261891\" title=\"Accede al resto de la noticia\">[Ampliar noticia]</a></p>\r\n\r\n<hr />\r\n<p>&nbsp;</p>\r\n\r\n<p><strong>Tur\u00f3n rinde homenaje a sus mineros</strong></p>\r\n\r\n<p>La Voz de Asturias - 25/03/2006</p>\r\n\r\n<p>Cientos de vecinos recuerdan a los que perdieron su vida en las minas del valle. &nbsp;&nbsp;<a href=\"http://www.lavozdeasturias.es/noticias/noticia.asp?pkid=262102\" title=\"Accede al resto de la noticia\">[Ampliar noticia]</a></p>\r\n\r\n<hr />\r\n<p>&nbsp;</p>\r\n\r\n<p><strong>El Principado lanza un plan para familiarizar a los escolares con los hogares homosexuales </strong></p>\r\n\r\n<p>La Nueva Espa\u00f1a Caudal - 28/03/2006</p>\r\n\r\n<p>Villapendi (Tur\u00f3n), Jos\u00e9 A. ORD\u00d3\u00d1EZ</p>\r\n\r\n<p>La Consejer\u00eda de Bienestar Social del Principado acaba de presentar en el Colegio P\u00fablico de <strong>Villapendi</strong> (<strong>Tur\u00f3n</strong>) una unidad did\u00e1ctica para que los escolares entre 8 y 11 a\u00f1os de edad \u00abconozcan y acepten\u00bb los modelos familiares distintos de los &nbsp;&nbsp;<strong><a href=\"http://www.lne.es/secciones/noticia.jsp?pRef=1226_39_389134__Caudal-Principado-lanza-plan-para-familiarizar-escolares-hogares-homosexuales\">&lt;Ampliar noticia&gt;</a></strong></p>\r\n\r\n<hr />\r\n<p>&nbsp;</p>\r\n\r\n<p><strong>Bibliotecarios por un d\u00eda en Tur\u00f3n</strong></p>\r\n\r\n<p>La Voz de Asturias - 28/03/2006</p>\r\n\r\n<p>La biblioteca de <strong>Tur\u00f3n</strong> pone en marcha todos los martes y jueves la actividad Bibliotecarios por un d\u00eda, que permite a los ni\u00f1os realizar, durante una jornada, las actividades propias de los responsables de estas instalaciones. Esta iniciativa ha logrado un amplio respaldo social y administrativo, logrando varios premios.&nbsp;&nbsp; <a href=\"http://www.lavozdeasturias.es/noticias/noticia.asp?pkid=262740\" title=\"Accede al resto de la noticia\">[Ampliar noticia]</a></p>\r\n\r\n<hr />\r\n<p>&nbsp;</p>\r\n\r\n<p><strong>Detenido un sospechoso del asesinato de un joven en la monta\u00f1a de Montju\u00efc</strong></p>\r\n\r\n<p>Fuente: La Vanguardia 29-03-2006</p>\r\n\r\n<p>BARCELONA. \u2013 Los Mossos pasar\u00e1n hoy disposici\u00f3n judicial a Jos\u00e9 Ram\u00f3n V.C., de 45 a\u00f1os, como sospechoso del asesinato a apu\u00f1aladas de un joven ocurrido el pasado 3 de marzo en la monta\u00f1a de Montju\u00efc.</p>\r\n\r\n<p>Los Mossos d'Esquadra, que se negaron a dar detalles del caso alegando el secreto del sumario, informaron de que <strong>el detenido es natural de Tur\u00f3n</strong>, <strong>una localidad asturiana</strong>, y que carece de domicilio conocido. <a href=\"https://www.elvalledeturon.net/prensa/pdf-prensa-nuevo/2001-2020/2006/3-mar/29-03-2006-detenido-un-turones.pdf\" target=\"_blank\">&lt; Ver PDF &gt;</a></p>\r\n\r\n<hr />\r\n<p>&nbsp;</p>\r\n\r\n<p><strong>Prisi\u00f3n para el turon\u00e9s acusado de homicidio</strong></p>\r\n\r\n<p>La Voz de Asturias - 30/03/2006</p>\r\n\r\n<p>El juzgado de Instrucci\u00f3n n\u00famero 16 de Barcelona decret\u00f3 ayer el ingreso en prisi\u00f3n preventiva para Jos\u00e9 Ram\u00f3n V.C., el <strong>turon\u00e9s</strong> acusado del homicidio del joven Jos\u00e9 Luis T.S., que tuvo lugar en la calle Lleida de Barcelona &nbsp;&nbsp;<a href=\"http://www.lavozdeasturias.es/noticias/noticia.asp?pkid=263194\" title=\"Accede al resto de la noticia\">[Ampliar noticia]</a></p>\r\n</div>\r\n\r\n<p>&nbsp;</p>\r\n", "author_name": "", "version": "1.0", "author_url": "https://www.elvalledeturon.net/author/jorgevarela", "provider_name": "El valle de Turon", "type": "rich"}