{"provider_url": "https://www.elvalledeturon.net", "title": "Mayo", "html": "<div style=\"text-align: justify; margin: 0cm 0cm 6pt\">\r\n<p><strong>\u00c1ngel firm\u00f3 el gol del triunfo naviego </strong></p>\r\n\r\n<p>El Comercio. Deportes 01-05-2006</p>\r\n\r\n<p>El Navia gan\u00f3 a domicilio al <strong>Tur\u00f3n</strong> en un partido que dominaron m\u00e1s los naviegos si bien el Tur\u00f3n tuvo ocasiones claras destacando un penalti no se\u00f1alado por mano de Carlos, dos tiros de Chule que par\u00f3 Borja y otro de Javi que sali\u00f3 por poco. Por su parte, el Navia acos\u00f3 la porter\u00eda local y acert\u00f3 por medio de \u00c1ngel. / JAVIER&nbsp; <a href=\"https://www.elcomercio.es/pg060501/prensa/noticias/Deportes/200605/01/GIJ-DEP-189.html\" title=\"\u00c1ngel firm\u00f3 el gol del triunfo naviego\">&lt;Ampliar noticia&gt;</a></p>\r\n\r\n<hr />\r\n<p>&nbsp;</p>\r\n\r\n<p><strong>Una productora catalana rodar\u00e1 una comedia en Tur\u00f3n y Cenera</strong></p>\r\n\r\n<p>La Voz de Asturias - 02/05/2006</p>\r\n\r\n<p>La pel\u00edcula, dirigida por el asturiano Tom\u00e1s Fern\u00e1ndez, costar\u00e1 3 millones.&nbsp;&nbsp; <a href=\"http://www.lavozdeasturias.es/noticias/noticia.asp?pkid=269558\" title=\"Accede al resto de la noticia\">[Ampliar noticia]</a></p>\r\n\r\n<hr />\r\n<p>&nbsp;</p>\r\n\r\n<p><strong>Recital de poes\u00eda iberoamericana en el ateneo</strong></p>\r\n\r\n<p>La Voz de Asturias - 03/05/2006</p>\r\n\r\n<p>El recital de poes\u00eda a cargo de los poetas Ondjaki, Eloy Santos y Carmen Y\u00e1\u00f1ez, se celebrar\u00e1 el pr\u00f3ximo jueves en colaboraci\u00f3n con el sal\u00f3n del libro iberoamericano.&nbsp;&nbsp; <a href=\"http://www.lavozdeasturias.es/noticias/noticia.asp?pkid=269748\" title=\"Accede al resto de la noticia\">[Ampliar noticia]</a></p>\r\n\r\n<hr />\r\n<p>&nbsp;</p>\r\n\r\n<p><strong>El Llano pierde opciones para el subcampeonato </strong></p>\r\n\r\n<p>El Comercio. Deportes&nbsp; 03-05-2006</p>\r\n\r\n<p>MONCHU MEN\u00c9NDEZGIJ\u00d3N</p>\r\n\r\n<p>Tras caer derrotado el domingo ante el Carballi\u00f1o (2-3), el Llano pr\u00e1cticamente dice adi\u00f3s a sus opciones de alcanzar el subcampeonato en la Nacional A y se queda a diez puntos del l\u00edder en la quinta posici\u00f3n.&nbsp; Como l\u00edder sigue el <strong>conjunto</strong> <strong>turon\u00e9s</strong> del <strong>Acesol</strong> <strong>Tuc\u00e1n</strong>, que no tuvo problemas para golear al Boandanza (1-8), que tras esta derrota ya es matem\u00e1ticamente de Nacional B. <a href=\"https://www.elcomercio.es/pg060503/prensa/noticias/Deportes/200605/03/GIJ-DEP-223.html\" title=\"El Llano pierde opciones para el subcampeonato\">&lt;Ampliar noticia&gt;</a></p>\r\n\r\n<hr />\r\n<p>&nbsp;</p>\r\n\r\n<p><strong>El Sal\u00f3n del Libro refuerza su cartel con 70 autores y 153 editoriales </strong></p>\r\n\r\n<p>El Comercio. Sociedad&nbsp; 03-05-2006</p>\r\n\r\n<p>P. MERAYOGIJ\u00d3N</p>\r\n\r\n<p>M\u00e1s autores, 70 en total; m\u00e1s editores, son m\u00e1s de 130 los que desplegar\u00e1n sus novedades en 32 stands, y m\u00e1s actividades, sobrepasar\u00e1n las 70. Eso es en n\u00fameros el Sal\u00f3n del Libro Iberoamericano, que celebra su novena convocatoria a a partir del pr\u00f3ximo d\u00eda 10 (mi\u00e9rcoles) y permanecer\u00e1 ofreciendo las novedades del mundo editorial de este y del otro lado del Atl\u00e1ntico durante seis d\u00edas, hasta el lunes, 15. Y en ese tiempo, poes\u00eda, novela, m\u00fasica, incluso debates, en Gij\u00f3n y seis localidades m\u00e1s (Castropol, Vegadeo, Pola de Siero, <strong>Tur\u00f3n</strong>, Pravia, y en la prisi\u00f3n de Villabona).&nbsp; <a href=\"https://www.elcomercio.es/pg060503/prensa/noticias/Sociedad/200605/03/GIJ-SOC-163.html\" title=\"El Sal\u00f3n del Libro refuerza su cartel con 70 autores y 153 editoriales\">&lt;Ampliar noticia&gt;</a></p>\r\n\r\n<hr />\r\n<p>&nbsp;</p>\r\n\r\n<p><strong>La Salle cierra su centro de Tur\u00f3n en agosto pese a las protestas de los padres </strong></p>\r\n\r\n<p>El Comercio. Asturias/Cuencas Asturias 04-05-2006</p>\r\n\r\n<p>D. D. M.TUR\u00d3N</p>\r\n\r\n<p>La intenci\u00f3n de la direcci\u00f3n de La Salle de cerrar su centro de Tur\u00f3n el pr\u00f3ximo curso llev\u00f3 ayer a un numeroso grupo de padres y alumnos del colegio a cortar durante dos horas la carretera de acceso al valle en se\u00f1al de protesta. La actividad docente estuvo paralizada durante todo el d\u00eda, lo que oblig\u00f3 a varios responsables de la instituci\u00f3n a desplazarse hasta la localidad mierense para buscar una soluci\u00f3n al conflicto&nbsp; <a href=\"https://www.elcomercio.es/pg060504/prensa/noticias/Cuencas/200605/04/GIJ-CUE-104.html\" title=\"La Salle cierra su centro de Tur\u00f3n en agosto pese a las protestas de los padres\">&lt;Ampliar noticia&gt;</a></p>\r\n\r\n<hr />\r\n<p>&nbsp;</p>\r\n\r\n<p><strong>Fucomi y empresas madereras optan al uso de la escuela de oficios de Carbay\u00edn</strong></p>\r\n\r\n<p>El Comercio. Asturias/ Siero. Centro. Asturias 04-05-2006</p>\r\n\r\n<p>MANUEL NOVALPOLA DE SIERO</p>\r\n\r\n<p>La Escuela de Oficios de Carbay\u00edn, situada en terrenos de las antiguas dependencias de Pumarabule, en Carbay\u00edn, cuenta con dos ofertas importantes, una de la Fundaci\u00f3n Comarcas Mineras (Fucomi), que ubicar\u00eda en el edificio varias de sus clases y talleres, y otra de colectivos de empresarios del sector maderero.</p>\r\n\r\n<p>La otra opci\u00f3n es la ofertada por la Fundaci\u00f3n Comarcas Mineras, que ya cuenta con <strong>una</strong> <strong>sede</strong> en <strong>Tur\u00f3n</strong>, y que abrir\u00eda una nueva delegaci\u00f3n en Siero.&nbsp; <a href=\"https://www.elcomercio.es/pg060504/prensa/noticias/Siero_Centro/200605/04/GIJ-SIE-194.html\" title=\"Fucomi y empresas madereras optan al uso de la escuela de oficios de Carbay\u00edn\">&lt;Ampliar noticia&gt;</a></p>\r\n\r\n<hr />\r\n<p>&nbsp;</p>\r\n\r\n<p><strong>El colegio La Salle de Tur\u00f3n cerrar\u00e1 sus puertas en agosto</strong></p>\r\n\r\n<p>La Voz de Asturias - 04/05/2006</p>\r\n\r\n<p>S. Guti\u00e9rrez /B. Garc\u00eda</p>\r\n\r\n<p>El colegio La Salle de Tur\u00f3n cerrar\u00e1 sus puertas el pr\u00f3ximo 31 de agosto tras m\u00e1s de 87 a\u00f1os de actividad docente en el valle.&nbsp;&nbsp; <a href=\"http://www.lavozdeasturias.es/noticias/noticia.asp?pkid=269961\" title=\"Accede al resto de la noticia\">[Ampliar noticia]</a></p>\r\n\r\n<hr />\r\n<p>&nbsp;</p>\r\n\r\n<p><strong>Tur\u00f3n se echa a la calle para evitar el cierre del colegio de La Salle</strong></p>\r\n\r\n<p>La Voz de Asturias - 05/05/2006&nbsp;</p>\r\n\r\n<p>S. Guti\u00e9rrez</p>\r\n\r\n<p>Padres y alumnos del centro realizan una marcha de protesta y anuncian nuevas movilizaciones. La AMPA exige una reuni\u00f3n con el consejero de Educaci\u00f3n para aclarar la situaci\u00f3n del centro.&nbsp;&nbsp; <a href=\"http://www.lavozdeasturias.es/noticias/noticia.asp?pkid=270173\" title=\"Accede al resto de la noticia\">[Ampliar noticia]</a></p>\r\n\r\n<hr />\r\n<p>&nbsp;</p>\r\n\r\n<p><strong>El valle de Tur\u00f3n se une para protestar por el cierre de La Salle </strong></p>\r\n\r\n<p>El Comercio. Asturias/Cuencas Asturias&nbsp; 05-05-2006</p>\r\n\r\n<p>D. D. M.TUR\u00d3N</p>\r\n\r\n<p>La decisi\u00f3n del Instituto de Hermanos de las Escuelas Cristianas (La Salle) de cerrar en agosto su centro de Tur\u00f3n ha movilizado a los vecinos del valle. Pasadas las diez de la ma\u00f1ana, decenas de personas se integraban a la marcha organizada por la Asociaci\u00f3n de Madres y Padres (AMPA) del centro en se\u00f1al de protesta por el cierre del centro y que les llev\u00f3 hasta la localidad de Ujo donde se concentraron frente al otro de los centros que tiene La Salle en la regi\u00f3n y que podr\u00eda absorver una buena parte de las matr\u00edculas que quedar\u00e1n vacantes.&nbsp; <a href=\"https://www.elcomercio.es/pg060505/prensa/noticias/Cuencas/200605/05/GIJ-CUE-112.html\" title=\"El valle de Tur\u00f3n se une para protestar por el cierre de La Salle\">&lt;Ampliar noticia&gt;</a></p>\r\n\r\n<hr />\r\n<p>&nbsp;</p>\r\n\r\n<p><strong>Riopedre dice que concertar 190 nuevas aulas garantiza la gratuidad de Infantil \u00abporque la matriculaci\u00f3n ya toc\u00f3 techo\u00bb </strong></p>\r\n\r\n<p>El Comercio. Asturias 06-05-2006</p>\r\n\r\n<p>ANA SALASOVIEDO</p>\r\n\r\n<p>Asegura que s\u00f3lo quedar\u00e1n fuera del acuerdo algunos colegios que, como La Salle de Tur\u00f3n, \u00abtienen un futuro incierto por decisi\u00f3n de la empresa\u00bb El consejero destaca que su departamento ha invertido 6.800 euros en cada alumno de la escuela rural, un 25% m\u00e1s que en los de las zonas urbanas <a href=\"https://www.elcomercio.es/pg060506/prensa/noticias/Asturias/200605/06/GIJ-AST-001.html\" title=\"Riopedre dice que concertar 190 nuevas aulas garantiza la gratuidad de Infantil \">&lt;Ampliar noticia&gt;</a></p>\r\n\r\n<hr />\r\n<p>&nbsp;</p>\r\n\r\n<p><strong>La Confederaci\u00f3n licitar\u00e1 este a\u00f1o la mejora del cauce del r\u00edo Cenera</strong></p>\r\n\r\n<p>El Comercio. Asturias/Cuencas Asturias&nbsp; 06-05-2006</p>\r\n\r\n<p>DIANA DE MIGUELMIERES</p>\r\n\r\n<p>El presupuesto de los cuatro proyectos ambientales que se pondr\u00e1n en marcha en Mieres en 2006 ronda los 13 millones</p>\r\n\r\n<p>La cuarta actuaci\u00f3n pendiente consiste en la mejora de los enclaves del <strong>r\u00edo</strong> <strong>Tur\u00f3n</strong> en un <strong>tramo de 3,5 kil\u00f3metros entre el Pozo San Jos\u00e9 y su desembocadura en el r\u00edo Caudal</strong>.&nbsp; <a href=\"https://www.elcomercio.es/pg060506/prensa/noticias/Cuencas/200605/06/GIJ-CUE-114.html\" title=\"La Confederaci\u00f3n licitar\u00e1 este a\u00f1o la mejora del cauce del r\u00edo Cenera\">&lt;Ampliar noticia&gt;</a></p>\r\n\r\n<hr />\r\n<p>&nbsp;</p>\r\n\r\n<p><strong>\u00abUsar el humor contra el poder es tan antiguo como la misma Humanidad\u00bb </strong></p>\r\n\r\n<p>El Comercio. Sociedad&nbsp; 07-05-2006</p>\r\n\r\n<p>RUB\u00c9N ESPINIELLAGIJ\u00d3N</p>\r\n\r\n<p>Hasta las pol\u00e9micas caricaturas de Mahoma ser\u00e1n objeto de debate en el IX Sal\u00f3n del Libro Iberoamericano de Gij\u00f3n, que el pr\u00f3ximo mi\u00e9rcoles, d\u00eda 10, arranca de la mano de su creador, el escritor chileno Luis Sep\u00falveda.</p>\r\n\r\n<p>-La idea de Jos\u00e9 \u00c1ngel Blanc\u00f3n me gust\u00f3 desde el principio. Ahora bien, los editores se quejan sin grandes razones. La gente no lee tanto como debiera, pero lee m\u00e1s que anta\u00f1o. Prueba de ello es el <strong>uso</strong> <strong>notable</strong> de las bibli<strong>o</strong>tecas <strong>p\u00fablicas</strong>. <strong>La</strong> de <strong>Tur\u00f3n</strong>, por ejemplo, <strong>es</strong> <strong>mod\u00e9lica</strong> <strong>entre</strong> las <strong>bibliotecas</strong> <strong>europeas</strong>.&nbsp; <a href=\"https://www.elcomercio.es/pg060507/prensa/noticias/Sociedad/200605/07/GIJ-SOC-127.html\">&lt;Ampliar noticia&gt;</a></p>\r\n\r\n<hr />\r\n<p>&nbsp;</p>\r\n\r\n<p><strong>El dif\u00edcil adi\u00f3s de Tur\u00f3n a \u00abla familia\u00bb </strong></p>\r\n\r\n<p>El Comercio. Asturias/Cuencas Asturias 07-05-2006</p>\r\n\r\n<p>D. DE MIGUELTUR\u00d3N</p>\r\n\r\n<p>Religiosos con sotana, mineros y muchos ni\u00f1os. Son las im\u00e1genes que a Jos\u00e9 Manuel Cabanas le devuelve la memoria cuando trata de rememorar los ocho a\u00f1os (1977-86) que pas\u00f3 con los <strong>hermanos</strong> de <strong>La</strong> <strong>Salle</strong> en <strong>Tur\u00f3n</strong>. Hace ya 48 horas que recibi\u00f3 la noticia del cierre del centro pero todav\u00eda no ha podido conciliar el sue\u00f1o. Se siente defraudado por \u00abuna familia\u00bb que, asegura, se debe al valle. No quiere hablar de alternativas. \u00abEl colegio tiene que seguir abierto\u00bb, dice.&nbsp; <a href=\"https://www.elcomercio.es/pg060507/prensa/noticias/Cuencas/200605/07/GIJ-CUE-070.html\" title=\"El dif\u00edcil adi\u00f3s de Tur\u00f3n a \">&lt;Ampliar noticia&gt;</a></p>\r\n\r\n<hr />\r\n<p>&nbsp;</p>\r\n\r\n<p><strong>Luis Sep\u00falveda director del Sal\u00f3n del Libro Iberoamericano en Gij\u00f3n, alaba la biblioteca de Tur\u00f3n</strong></p>\r\n\r\n<p>El Comercio. Sociedad - 07-05-2006</p>\r\n\r\n<p>La de Tur\u00f3n, por ejemplo, es mod\u00e9lica entre las bibliotecas europeas.&nbsp;&nbsp; <a href=\"http://www.elcomerciodigital.com/pg060507/prensa/noticias/Sociedad/200605/07/GIJ-SOC-127.html\">[Ampliar noticia]</a></p>\r\n\r\n<hr />\r\n<p>&nbsp;</p>\r\n\r\n<p><strong>La Pilo\u00f1esa, a un paso del descenso </strong></p>\r\n\r\n<p>El Comercio. Deportes 08-05-2006</p>\r\n\r\n<p>La Pilo\u00f1esa comenz\u00f3 jugando bien, pero se desinfl\u00f3 a ra\u00edz de los dos primeros goles visitantes, en los minutos 19 y 21, y qued\u00f3 a merced de un <strong>Tur\u00f3n</strong> muy superior. / M. \u00c1NGEL <a href=\"https://www.elcomercio.es/pg060508/prensa/noticias/Deportes/200605/08/GIJ-DEP-204.html\" title=\"La Pilo\u00f1esa, a un paso del descenso\">&lt;Ampliar noticia&gt;</a></p>\r\n\r\n<hr />\r\n<p>&nbsp;</p>\r\n\r\n<p><strong>Retratos de letras </strong></p>\r\n\r\n<p>El Comercio. Sociedad&nbsp; 08-05-2006</p>\r\n\r\n<p>REDACCI\u00d3NTUR\u00d3N</p>\r\n\r\n<p>De uno a otro lado del charco, Daniel Mordzinski los ha retratado a todos, o casi. Y lo m\u00e1s envidiable de todo, \u00bfNinguno de los escritores se ha quejado! Y es que ya dice Luis Sep\u00falveda que antes de apretar el bot\u00f3n, Mordzinski lee, indaga, se emociona y hasta se ofusca buscando el conocimiento del personaje al que va a eternizar. Y m\u00e1s all\u00e1 de las im\u00e1genes -originales, provocadoras y divertidas- eso es lo que se puede ver en la \u00faltima muestra del fot\u00f3grafo, cuya <strong>exposici\u00f3n</strong> en la <strong>Biblioteca</strong> <strong>Popular</strong> de <strong>Tur\u00f3n</strong> -como el propio autor dice, \u00absu destino ideal\u00bb- finalizar\u00e1 el pr\u00f3ximo 15 de mayo.&nbsp; <a href=\"https://www.elcomercio.es/pg060508/prensa/noticias/Sociedad/200605/08/GIJ-SOC-142.html\" title=\"Retratos de letras\">&lt;Ampliar noticia&gt;</a></p>\r\n\r\n<hr />\r\n<p>&nbsp;</p>\r\n\r\n<p><strong>Humor en las escuelas y poes\u00eda en la c\u00e1rcel </strong></p>\r\n\r\n<p>El Comercio. Sociedad 09-05-2006</p>\r\n\r\n<p>PACH\u00c9 MERAYOGIJ\u00d3N</p>\r\n\r\n<p>Son los primeros en llegar. Viajan en cajas de cart\u00f3n y se apilan en rincones estrat\u00e9gicos, esperando a que quienes les han dado vida bajo las tapas hagan los \u00faltimos kil\u00f3metros de Am\u00e9rica al Sal\u00f3n.</p>\r\n\r\n<p>Pero no s\u00f3lo ser\u00e1 en Gij\u00f3n. Tambi\u00e9n Castropol, Vegadeo, Pola de Siero, <strong>Tur\u00f3n</strong>, Pravia y la prisi\u00f3n de Villabona se convertir\u00e1n en escenarios de este encuentro, definido como profesional por sus creadores, pero con clara intenci\u00f3n de acercar al p\u00fablico el universo literario. <a href=\"https://www.elcomercio.es/pg060509/prensa/noticias/Sociedad/200605/09/GIJ-SOC-165.html\" title=\"Humor en las escuelas y poes\u00eda en la c\u00e1rcel\">&lt;Ampliar noticia&gt; </a></p>\r\n\r\n<hr />\r\n<p>&nbsp;</p>\r\n\r\n<p><strong>Tur\u00f3n refuerza \u00abla presi\u00f3n para evitar el cierre de La Salle\u00bb </strong></p>\r\n\r\n<p>El Comercio. Asturias/Cuencas Asturias&nbsp; 09-05-2006</p>\r\n\r\n<p>D. D. M.TUR\u00d3N</p>\r\n\r\n<p>Cinco d\u00edas despu\u00e9s de que La Salle anunciara el cierre de su <strong>centro</strong> de <strong>Tur\u00f3n</strong>, el colegio retom\u00f3 la actividad docente. No obstante, el traum\u00e1tico anuncio sigue marcando la actualidad de los vecinos del valle que ayer decidieron \u00abaumentar la presi\u00f3n\u00bb para evitar que el cierre se haga efectivo. M\u00e1s de un centenar de turoneses acudi\u00f3 ayer a la asamblea convocada por la Asociaci\u00f3n de Madres y Padres (AMPA) del colegio para decidir nuevas movilizaciones.&nbsp; <a href=\"https://www.elcomercio.es/pg060509/prensa/noticias/Cuencas/200605/09/GIJ-CUE-104.html\" title=\"Tur\u00f3n refuerza \">&lt;Ampliar noticia&gt;</a></p>\r\n\r\n<hr />\r\n<p>&nbsp;</p>\r\n\r\n<p><strong>La reforma de la carretera que va de Pax\u00edo a Valdecuna costar\u00e1 1,5 millones </strong></p>\r\n\r\n<p>El Comercio. Asturias/Cuencas . Asturias&nbsp; 10-05-2006</p>\r\n\r\n<p>D. DE MIGUELUJO (MIERES)</p>\r\n\r\n<p>La Direcci\u00f3n General de Carreteras del Principado espera tener listo este mismo a\u00f1o el proyecto de reforma de la carretera que une los n\u00facleos de Pax\u00edo y Valdecuna.</p>\r\n\r\n<p>Durante su visita a Mieres, el responsable de Carreteras tambi\u00e9n garantiz\u00f3 que el <strong>Principado</strong> <strong>trabajar\u00e1</strong> para <strong>mejorar</strong> la <strong>seguridad</strong> de los <strong>peatones</strong> en la <strong>zona</strong> de la <strong>Rabaldana</strong>, en <strong>Tur\u00f3n</strong>. Se trata de una \u00e1rea donde concurren una curva pronunciada y una carretera muy estrecha, que obligan a los peatones a transitar por la propia v\u00eda.&nbsp; &nbsp;<a href=\"https://www.elcomercio.es/pg060510/prensa/noticias/Cuencas/200605/10/GIJ-CUE-117.html\" title=\"La reforma de la carretera que va de Pax\u00edo a Valdecuna costar\u00e1 1,5 millones\">&lt;Ampliar noticia&gt;</a></p>\r\n\r\n<hr />\r\n<p>&nbsp;</p>\r\n\r\n<p><strong>Riopedre asegura la escolarizaci\u00f3n de los alumnos de La Salle de Tur\u00f3n </strong></p>\r\n\r\n<p>El Comercio. Asturias/Cuencas. Asturias 11-05-2006</p>\r\n\r\n<p>D. D. M.TUR\u00d3N</p>\r\n\r\n<p>El consejero de Educaci\u00f3n Y Ciencia, Jos\u00e9 Luis Iglesias Riopedre, se comprometi\u00f3 ayer con la Asociaci\u00f3n de Madres y Padres (AMPA) de <strong>La</strong> <strong>Salle</strong> de <strong>Tur\u00f3n</strong> a garantizar la escolarizaci\u00f3n de los alumnos en los diferentes centros del Valle si, como esta previsto, el colegio concertado cierra sus puertas este curso escolar.&nbsp; <a href=\"https://www.elcomercio.es/pg060511/prensa/noticias/Cuencas/200605/11/GIJ-CUE-121.html\" title=\"Riopedre asegura la escolarizaci\u00f3n de los alumnos de La Salle de Tur\u00f3n\">&lt;Ampliar noticia&gt;</a></p>\r\n\r\n<hr />\r\n<p>&nbsp;</p>\r\n\r\n<p><strong>Los padres ofrecen una colaboraci\u00f3n econ\u00f3mica a La Salle para salvar el Colegio de Tur\u00f3n </strong></p>\r\n\r\n<p>La Nueva Espa\u00f1a Caudal - 11/05/2006</p>\r\n\r\n<p>Mieres del Camino, Jos\u00e9 A. ORD\u00d3\u00d1EZ</p>\r\n\r\n<p>La Asociaci\u00f3n de Padres de Alumnos (APA) de La <strong>Salle</strong> de <strong>Tur\u00f3n</strong> ha ofrecido a la hermandad religiosa propietaria del centro su colaboraci\u00f3n econ\u00f3mica para evitar el cierre de un colegio con 87 a\u00f1os de presencia ininterrumpida en el Valle. &nbsp;&nbsp;<a href=\"http://www.lne.es/secciones/noticia.jsp?pRef=1269_39_403189__Caudal-padres-ofrecen-colaboracion-economica-Salle-para-salvar-Colegio-Turon\">&lt;Ampliar noticia&gt;</a></p>\r\n\r\n<hr />\r\n<p>&nbsp;</p>\r\n\r\n<p><strong>Tur\u00f3n, babel de poes\u00eda </strong></p>\r\n\r\n<p>La Nueva Espa\u00f1a Cuencas - 12/05/2006.</p>\r\n\r\n<p>Tur\u00f3n, Aitana CASTA\u00d1O</p>\r\n\r\n<p>El <strong>Ateneo</strong> de <strong>Tur\u00f3n</strong> acogi\u00f3, ayer, un recital internacional. El angole\u00f1o Ondjaki, la chilena Carmen Y\u00e1\u00f1ez o el argentino Mordzinski fueron los protagonistas de la jornada de ayer, organizada por la concejal\u00eda de Cultura del Ayuntamiento de Mieres &nbsp;&nbsp;<a href=\"http://www.lne.es/secciones/noticia.jsp?pRef=1270_38_403588__Cuencas-Turon-babel-poesia\">&lt;Ampliar noticia&gt;</a></p>\r\n\r\n<hr />\r\n<p>&nbsp;</p>\r\n\r\n<p><strong>Los padres de La Salle recogen 2.500 firmas contra el cierre</strong></p>\r\n\r\n<p>La Voz de Asturias - 17/05/2006</p>\r\n\r\n<p>Los afectados vuelven a concentrarse delante del centro educativo.&nbsp;&nbsp; <a href=\"http://www.lavozdeasturias.es/noticias/noticia.asp?pkid=272769\" title=\"Accede al resto de la noticia\">[Ampliar noticia]</a></p>\r\n\r\n<hr />\r\n<p>&nbsp;</p>\r\n\r\n<p><strong>El Llano se sit\u00faa cuarto tras ganar al Barbeito</strong></p>\r\n\r\n<p>El Comercio. Deportes.- . 17-05-2006</p>\r\n\r\n<p>MONCHU MEN\u00c9NDEZGIJ\u00d3N</p>\r\n\r\n<p>Gran victoria del Restauraciones el Llano ante el Hermanos Barbeito (1-6) gracias a la cual sube al cuarto puesto de la clasificaci\u00f3n general. El partido empez\u00f3 con el equipo gijon\u00e9s llevando el peso.</p>\r\n\r\n<p>En el derbi que enfrent\u00f3 al l\u00edder, el <strong>Acesol</strong> <strong>Tuc\u00e1n</strong>, y el Avil\u00e9s Hollywood hubo reparto de puntos (4-4) Hasta los \u00faltimos 12 minutos de encuentro el marcador no se movi\u00f3. Jos\u00edn de doble penalti puso la igualada en el marcador (3-3), pero en la siguiente jugada Baena volvi\u00f3 a poner por delante a <strong>los</strong> de <strong>Tur\u00f3n</strong> (4-3) y en el \u00faltimo minuto del partido Pepe firm\u00f3 el definitivo 4-4. El Acesol es l\u00edder con cinco puntos de ventaja sobre el Carballi\u00f1o. <a href=\"https://www.elcomercio.es/pg060517/prensa/noticias/Deportes/200605/17/GIJ-DEP-237.html\" title=\"El Llano se sit\u00faa cuarto tras ganar al Barbeito\">&lt;Ampliar noticia&gt;</a></p>\r\n\r\n<p><strong>El nuevo PGOU de Mieres facilitar\u00e1 suelo para 3.000 viviendas </strong></p>\r\n\r\n<p>El Comercio. Asturias/Cuencas \u2013Asturias&nbsp; 17-05-2006</p>\r\n\r\n<p>DIANA DE MIGUELMIERES</p>\r\n\r\n<p>Los retrasos que acumula la tramitaci\u00f3n del nuevo Plan General de Ordenaci\u00f3n Urbana (PGOU) de Mieres podr\u00edan alargar esta gesti\u00f3n hasta el final de la legislatura. De momento, los t\u00e9cnicos municipales contin\u00faan analizando el documento de prioridades del nuevo ordenamiento y barajando posibles cambios al texto que facilitar\u00e1 suelo para unas 3.000 viviendas de acuerdo a las diferentes propuestas de actuaci\u00f3n planteadas para <strong>Tur\u00f3n</strong>, Santullano, Mayacina, O\u00f1\u00f3n, Figaredo, Abla\u00f1a, Cardeo y Santa Cruz.&nbsp; <a href=\"https://www.elcomercio.es/pg060517/prensa/noticias/Cuencas/200605/17/GIJ-CUE-100.html\" title=\"El nuevo PGOU de Mieres facilitar\u00e1 suelo para 3.000 viviendas\">&lt;Ampliar noticia&gt;</a></p>\r\n\r\n<hr />\r\n<p>&nbsp;</p>\r\n\r\n<p><strong>Areces presenta hoy en Mieres el proyecto del nuevo hospital </strong></p>\r\n\r\n<p>El Comercio. Asturias/Cuencas.-Asturias&nbsp; 19-05-2006</p>\r\n\r\n<p>D. D. M.MIERES</p>\r\n\r\n<p>El Principado ya ha definido los proyectos sanitarios que ten\u00eda pendientes para el \u00e1rea sanitaria VII, que da servicio a los concejos de Aller, Mieres y Lena.</p>\r\n\r\n<p>Adem\u00e1s, <strong>visitar\u00e1</strong> <strong>Tur\u00f3n</strong> para inaugurar el colector y saneamiento fluvial del valle, una obra financiada por el Plan Nacional de la Miner\u00eda. <a href=\"https://www.elcomercio.es/pg060519/prensa/noticias/Cuencas/200605/19/GIJ-CUE-102.html\" title=\"Areces presenta hoy en Mieres el proyecto del nuevo hospital\">&lt;Ampliar noticia&gt;</a></p>\r\n\r\n<hr />\r\n<p>&nbsp;</p>\r\n\r\n<p><strong>Un centenar de turoneses forma una cadena humana contra el cierre de La Salle </strong></p>\r\n\r\n<p>La Nueva Espa\u00f1a Caudal - 19/05/2006.</p>\r\n\r\n<p>Tur\u00f3n, J. L. SALINAS</p>\r\n\r\n<p>Cerca de un centenar de padres y alumnos del <strong>Colegio</strong> <strong>La</strong> <strong>Salle</strong> de <strong>Tur\u00f3n</strong> participaron ayer una cadena humana frente al centro educativo para pedir que el colegio no clausure sus puertas el pr\u00f3ximo verano. Los manifestantes realizaron una gran pitada a las puertas del centro&nbsp; <a href=\"http://www.lne.es/secciones/noticia.jsp?pRef=1277_39_405924__Caudal-centenar-turoneses-forma-cadena-humana-contra-cierre-Salle\">&lt;Ampliar noticia&gt;</a></p>\r\n\r\n<hr />\r\n<p>&nbsp;</p>\r\n\r\n<p><strong>Areces presenta hoy en Mieres el proyecto del nuevo hospital y visitara Tur\u00f3n para inaugurar</strong> el colector</p>\r\n\r\n<p>El Comercio. Asturias. Cuencas 19-05-2006</p>\r\n\r\n<p>Adem\u00e1s, <strong>visitar\u00e1</strong> <strong>Tur\u00f3n</strong> para inaugurar el colector y saneamiento fluvial del valle, una obra financiada por el Plan Nacional de la Miner\u00eda.&nbsp;&nbsp; <a href=\"http://www.elcomerciodigital.com/pg060519/prensa/noticias/Cuencas/200605/19/GIJ-CUE-102.html\">[Ampliar noticia]</a></p>\r\n\r\n<hr />\r\n<p>&nbsp;</p>\r\n\r\n<p><strong>El nuevo hospital de Mieres costar\u00e1 m\u00e1s de treinta millones y tendr\u00e1 258 camas </strong></p>\r\n\r\n<p>El Comercio. Asturias/Cuencas Asturias&nbsp; 20-05-2006</p>\r\n\r\n<p>DIANA DE MIGUELMIERES</p>\r\n\r\n<p>El hospital comarcal que el Principado est\u00e1 dise\u00f1ando para el \u00e1rea sanitaria VII -que da servicio a los concejos de Aller, Mieres y Lena- tendr\u00e1 capacidad para albergar un total de 258 camas.</p>\r\n\r\n<p>El presidente regional tambi\u00e9n aprovech\u00f3 la visita para <strong>poner</strong> en <strong>marcha</strong> el <strong>colector</strong> del <strong>r\u00edo</strong> <strong>Tur\u00f3n</strong>, donde se invirtieron cerca de 8,8 millones de euros. El proyecto fue modificado para extender los colectores <strong>hasta</strong> <strong>Urbi\u00e9s</strong>. En total se han construido 17 kil\u00f3metros de tuber\u00eda y m\u00e1s de 35 colectores secundarios.&nbsp; <a href=\"https://www.elcomercio.es/pg060520/prensa/noticias/Cuencas/200605/20/GIJ-CUE-078.html\" title=\"El nuevo hospital de Mieres costar\u00e1 m\u00e1s de treinta millones y tendr\u00e1 258 camas\">&lt;Ampliar noticia&gt;</a></p>\r\n\r\n<hr />\r\n<p>&nbsp;</p>\r\n\r\n<p><strong>El Salas gan\u00f3 al Tur\u00f3n de penalti </strong></p>\r\n\r\n<p>El Comercio. Deportes&nbsp; 22-05-2006</p>\r\n\r\n<p>Partido de tr\u00e1mite en el que el Salas gan\u00f3 por la m\u00ednima gracias a un penalti del <strong>portero</strong> <strong>turon\u00e9s</strong>, <strong>Yoni</strong>, sobre Luis, que convirti\u00f3 Carlos Paj\u00edn. A\u00fan dispuso el Salas de otro penalti, en el minuto 58, pero Diego no super\u00f3 al meta visitante. / V. MNDEZ&nbsp; <a href=\"https://www.elcomercio.es/pg060522/prensa/noticias/Deportes/200605/22/GIJ-DEP-204.html\" title=\"El Salas gan\u00f3 al Tur\u00f3n de penalti\">&lt;Ampliar noticia&gt;</a></p>\r\n\r\n<hr />\r\n<p>&nbsp;</p>\r\n\r\n<p><strong>El Cudillero se jugar\u00e1 el ascenso en el campo del Tur\u00f3n </strong></p>\r\n\r\n<p>El Comercio. Deportes&nbsp; 22-05-2006</p>\r\n\r\n<p>ANA RODR\u00cdGUEZCUDILLERO</p>\r\n\r\n<p>El Cudillero se mantiene en puesto de ascenso y el Lenense ya est\u00e1 en Primera Regional. El equipo pixueto se la jugar\u00e1 en la pr\u00f3xima y \u00faltima jornada en el <strong>campo</strong> del <strong>Tur\u00f3n</strong>, un equipo de la zona media-baja de la tabla al que nada le va en el envite, y no depende de terceros: si gana, sube.&nbsp; <a href=\"https://www.elcomercio.es/pg060522/prensa/noticias/Deportes/200605/22/GIJ-DEP-197.html\" title=\"El Cudillero se jugar\u00e1 el ascenso en el campo del Tur\u00f3n\">&lt;Ampliar noticia&gt;</a></p>\r\n\r\n<hr />\r\n<p>&nbsp;</p>\r\n\r\n<p><strong>El Cudillero prepara la 'invasi\u00f3n' de Tur\u00f3n </strong></p>\r\n\r\n<p>El Comercio. Deportes&nbsp; 23-05-2006</p>\r\n\r\n<p>Los resultados de la jornada pasada dejan al Cudillero a un paso del ascenso, lo que conseguir\u00e1 ganando en el \u00faltimo <strong>partido</strong> al <strong>Tur\u00f3n</strong>. All\u00ed, los 'pixuetos' estar\u00e1n arropados por sus aficionados, que ya preparan la invasi\u00f3n del Fern\u00e1ndez Felgueroso. El Praviano, que cierra en Narcea, necesita ganar y que el Navia sorprenda al San Mart\u00edn para ser tercero. <a href=\"https://www.elcomercio.es/pg060523/prensa/noticias/Deportes/200605/23/GIJ-DEP-215.html\" title=\"El Cudillero prepara la 'invasi\u00f3n' de Tur\u00f3n\">&lt;Ampliar noticia&gt;</a></p>\r\n\r\n<hr />\r\n<p>&nbsp;</p>\r\n\r\n<p><strong>El Acesol Tuc\u00e1n es ya equipo de la Primera Nacional A </strong></p>\r\n\r\n<p>El Comercio. Deportes&nbsp; 24-05-2006</p>\r\n\r\n<p>MONCHU MEN\u00c9NDEZGIJ\u00d3N</p>\r\n\r\n<p>El Acesol Tuc\u00e1n F\u00fatbol Sala es ya campe\u00f3n de Primera Nacional A y jugar\u00e1 la pr\u00f3xima temporada en Divisi\u00f3n de Plata. El objetivo se alcanz\u00f3 tras vencer a domicilio al Real Celta de Vigo en un gran encuentro lleno de emoci\u00f3n (3-5) a falta de dos jornadas para finalizar el campeonato.&nbsp; El partido empez\u00f3 muy bien para el <strong>conjunto</strong> <strong>turon\u00e9s</strong>, que sali\u00f3 muy concentrado a por la victoria y sirvi\u00f3 para que el Tuc\u00e1n se adelantase en el marcador por medio de Toni (0-1).&nbsp; <a href=\"https://www.elcomercio.es/pg060524/prensa/noticias/Deportes/200605/24/GIJ-DEP-230.html\" title=\"El Acesol Tuc\u00e1n es ya equipo de la Primera Nacional A\">&lt;Ampliar noticia&gt;</a></p>\r\n\r\n<hr />\r\n<p>&nbsp;</p>\r\n\r\n<p><strong>El Principado quiere convertir el pozo Fortuna de Tur\u00f3n en el museo de la memoria hist\u00f3rica </strong></p>\r\n\r\n<p>La Nueva Espa\u00f1a Caudal -25/05/2006.</p>\r\n\r\n<p>Tur\u00f3n, Jos\u00e9 A. ORD\u00d3\u00d1EZ</p>\r\n\r\n<p>El Gobierno regional apuesta por que el <strong>pozo</strong> <strong>Fortuna</strong>, en <strong>San</strong> <strong>Andr\u00e9s</strong> de <strong>Tur\u00f3n</strong>, se convierta en el gran referente de la memoria hist\u00f3rica ligada a la represi\u00f3n franquista en Asturias. El presidente del Ejecutivo auton\u00f3mico, Vicente \u00c1lvarez Areces, ha confirmado &nbsp;<a href=\"http://www.lne.es/secciones/noticia.jsp?pRef=1283_39_407900__Caudal-Principado-quiere-convertir-pozo-Fortuna-Turon-museo-memoria-historica\">&lt;Ampliar noticia&gt;</a></p>\r\n\r\n<hr />\r\n<p>&nbsp;</p>\r\n\r\n<p><strong>Mieres decidir\u00e1 en un pleno extraordinario el uso de los 951.000 euros de remanente</strong></p>\r\n\r\n<p>El Comercio. Asturias. Cuencas - 26-05-2006</p>\r\n\r\n<p>Entre los compromisos que habr\u00eda adquirido el Ayuntamiento se encuentra el tratamiento del r\u00edo de Cuna y Cenera, la mejora del colegio p\u00fablico Aniceto Sela-Liceo Mierense, y la <strong>construcci\u00f3n</strong> de un <strong>polideportivo</strong> en <strong>Santa</strong> <strong>Marina</strong> de <strong>Tur\u00f3n</strong>.&nbsp;&nbsp; <a href=\"http://www.elcomerciodigital.com/pg060526/prensa/noticias/Cuencas/200605/26/GIJ-CUE-101.html\">[Ampliar noticia]</a></p>\r\n\r\n<hr />\r\n<p>&nbsp;</p>\r\n\r\n<p><strong>Mieres decidir\u00e1 en un pleno extraordinario el uso de los 951.000 euros de remanente </strong></p>\r\n\r\n<p>El Comercio. Asturias/Cuencas Asturias 26-05-2006</p>\r\n\r\n<p>D. DE MIGUELMIERES</p>\r\n\r\n<p>El PSOE prev\u00e9 sanear los r\u00edos Cuna y Cenera, y construir un <strong>polideportivo</strong> en <strong>Tur\u00f3n</strong> PP e IU har\u00e1n propuestas el pr\u00f3ximo jueves&nbsp; <a href=\"https://www.elcomercio.es/pg060526/prensa/noticias/Cuencas/200605/26/GIJ-CUE-101.html\" title=\"Mieres decidir\u00e1 en un pleno extraordinario el uso de los 951.000 euros de remanente\">&lt;Ampliar noticia&gt;</a></p>\r\n\r\n<hr />\r\n<p>&nbsp;</p>\r\n\r\n<p><strong>La asociaci\u00f3n de vecinos de Priandi organiza unas jornadas de participaci\u00f3n </strong></p>\r\n\r\n<p>El Comercio. Asturias/Siero Centro Asturias 26-05-2006</p>\r\n\r\n<p>JOS\u00c9 CEZ\u00d3NNAVA</p>\r\n\r\n<p>La asociaci\u00f3n de vecinos de Priandi organizar\u00e1 del 16 al 18 de junio unas Jornadas sobre Participaci\u00f3n Ciudadana y Desarrollo Rural en la Casa de la Cultura Marta Portal de Nava.</p>\r\n\r\n<p>Tambi\u00e9n se relatar\u00e1n experiencias de Tur\u00f3n, Taramundi y Priandi. <a href=\"https://www.elcomercio.es/pg060526/prensa/noticias/Siero_Centro/200605/26/GIJ-SIE-194.html\" title=\"La asociaci\u00f3n de vecinos de Priandi organiza unas jornadas de participaci\u00f3n\">&lt;Ampliar noticia&gt;</a></p>\r\n\r\n<hr />\r\n<p>&nbsp;</p>\r\n\r\n<p><strong>Vivienda comprar\u00e1 suelo para 1.300 pisos destinados a j\u00f3venes en San Claudio </strong></p>\r\n\r\n<p>El Comercio. Oviedo Asturias 27-05-2006</p>\r\n\r\n<p>G. D. -R.OVIEDO</p>\r\n\r\n<p>La Consejer\u00eda de Vivienda comprar\u00e1 suelo en San Claudio para 1.300 viviendas concertadas para j\u00f3venes. La titular del departamento, Laura Gonz\u00e1lez, firmar\u00e1 el mi\u00e9rcoles en Madrid un acuerdo con el ministerio del ramo por el cual Estado aportar\u00e1 unos 5,2 millones de euros para la operaci\u00f3n.</p>\r\n\r\n<p>El Estado tambi\u00e9n aportar\u00e1 fondos, seg\u00fan confirmaron ayer fuentes de la consejer\u00eda, para la construcci\u00f3n, por parte de VIPASA, de 60 viviendas p\u00fablicas en Castropol y <strong>Tur\u00f3n</strong>. <a href=\"https://www.elcomercio.es/pg060527/prensa/noticias/Oviedo/200605/27/GIJ-OVI-032.html\" title=\"Vivienda comprar\u00e1 suelo para 1.300 pisos destinados a j\u00f3venes en San Claudio\">&lt;Ampliar noticia&gt;</a></p>\r\n\r\n<hr />\r\n<p>&nbsp;</p>\r\n\r\n<p><strong>El Cudillero resuelve en Tur\u00f3n y logra el ascenso a Tercera </strong></p>\r\n\r\n<p>El Comercio. Deportes 29-05-2006</p>\r\n\r\n<p>JAVIERTUR\u00d3N</p>\r\n\r\n<p>El Cudillero acompa\u00f1ar\u00e1 al Llanes y al San Mart\u00edn en el ascenso de categor\u00eda tras resolver su partido ante el Tu<strong>r</strong>\u00f3n con un triunfo a domicilio. El conjunto pixueto sali\u00f3 al campo teniendo claro que necesitaba el triunfo y acos\u00f3 desde el primer momento la porter\u00eda defendida por Costales.&nbsp; <a href=\"https://www.elcomercio.es/pg060529/prensa/noticias/Deportes/200605/29/GIJ-DEP-200.html\" title=\"El Cudillero resuelve en Tur\u00f3n y logra el ascenso a Tercera\">&lt;Ampliar noticia&gt;</a></p>\r\n\r\n<hr />\r\n<p>&nbsp;</p>\r\n\r\n<p><strong>El Cudillero no fall\u00f3 y sube a Tercera Divisi\u00f3n </strong></p>\r\n\r\n<p>El Comercio. Deportes 29-05-2006</p>\r\n\r\n<p>El Cudillero acompa\u00f1ar\u00e1 al Llanes y al San Mart\u00edn en el ascenso de categor\u00eda tras resolver su partido ante el Tur\u00f3n con un triunfo a domicilio. El conjunto pixueto sali\u00f3 al campo teniendo claro que necesitaba el triunfo y acos\u00f3 desde el primer momento la porter\u00eda defendida por Costales. No obstante fue el <strong>Tur\u00f3n</strong> el que se adelant\u00f3 con un gol de Velino, aunque Vitorchi y Cuesta remontaron. / JAVIER&nbsp; <a href=\"https://www.elcomercio.es/pg060529/prensa/noticias/Deportes/200605/29/GIJ-DEP-194.html\" title=\"El Cudillero no fall\u00f3 y sube a Tercera Divisi\u00f3n\">&lt;Ampliar noticia&gt;</a></p>\r\n\r\n<hr />\r\n<p>&nbsp;</p>\r\n\r\n<p><strong>Cudillero y San Mart\u00edn acompa\u00f1an al Llanes en el ascenso a Tercera Divisi\u00f3n </strong></p>\r\n\r\n<p>El Comercio. Deportes 30-05-2006</p>\r\n\r\n<p>LAYGIJ\u00d3N</p>\r\n\r\n<p>El Cudillero y el San Mart\u00edn ser\u00e1n los equipos que acompa\u00f1en al campe\u00f3n, el Llanes, en el ascenso a la tercera divisi\u00f3n asturiana, objetivo alcanzado ayer en la \u00faltima jornada liguera de regional preferente.</p>\r\n\r\n<p>El Universidad de Oviedo, <strong>Tur\u00f3n</strong> y Luarca fueron equipos que en casi toda temporada estuvieron en zona tranquila, e incluso el Luarca y el Tur\u00f3n manifestaron atisbos de asomar la cara en los puestos de arriba con aspiraciones, pero s\u00f3lo fue un peque\u00f1o espejismo y acabaron en posiciones c\u00f3modas, a excepci\u00f3n del Tur\u00f3n, del que nadie esperaba que quedara tan abajo (puesto 16).&nbsp; <a href=\"https://www.elcomercio.es/pg060530/prensa/noticias/Deportes/200605/30/GIJ-DEP-229.html\" title=\"Cudillero y San Mart\u00edn acompa\u00f1an al Llanes en el ascenso a Tercera Divisi\u00f3n\">&lt;Ampliar noticia&gt;</a></p>\r\n\r\n<hr />\r\n<p>&nbsp;</p>\r\n\r\n<p><strong>El Cudillero, a Tercera </strong></p>\r\n\r\n<p>El Comercio. Deportes 30-05-2006</p>\r\n\r\n<p>A. H.CUDILLERO</p>\r\n\r\n<p>Por primera vez en su historia el Cudillero jugar\u00e1 en Tercera Divisi\u00f3n, su objetivo de las \u00faltimas temporadas, pero para el que tuvo que esperar hasta pr\u00e1cticamente el \u00faltimo minuto del \u00faltimo partido. Fue en <strong>Tur\u00f3n</strong> donde consiguieron la victoria y el ascenso, dejando a las puertas a otros equipos que aspiraban a ello como el Praviano o el And\u00e9s, que deber\u00e1n esperar por el ascenso de alg\u00fan asturiano a Segunda Divisi\u00f3n B.&nbsp; <a href=\"https://www.elcomercio.es/pg060530/prensa/noticias/Deportes/200605/30/GIJ-DEP-224.html\" title=\"El Cudillero, a Tercera\">&lt;Ampliar noticia&gt;</a></p>\r\n\r\n<hr />\r\n<p>&nbsp;</p>\r\n\r\n<p><strong>El Acesol Tuc\u00e1n celebra el ascenso con una victoria ante El Llano en Mieres Sur</strong></p>\r\n\r\n<p>El Comercio. Deportes 31-05-2006</p>\r\n\r\n<p>Fiesta por todo lo alto en el pabell\u00f3n de Mieres Sur el pasado fin de semana, en un partido en el que el Acesol se presentaba ante sus aficionados tras haber conseguido el ansiado ascenso a Divisi\u00f3n de Plata la anterior jornada. El Acesol recibi\u00f3 al Restauraciones El Llano, que hizo el pasillo de honor a la salida del <strong>conjunto</strong> <strong>turon\u00e9s</strong>. <a href=\"https://www.elcomercio.es/pg060531/prensa/noticias/Deportes/200605/31/GIJ-DEP-260.html\" title=\"El Acesol Tuc\u00e1n celebra el ascenso con una victoria ante El Llano en Mieres Sur\">&lt;Ampliar noticia&gt;</a></p>\r\n</div>\r\n\r\n<p>&nbsp;</p>\r\n", "author_name": "", "version": "1.0", "author_url": "https://www.elvalledeturon.net/author/jorgevarela", "provider_name": "El valle de Turon", "type": "rich"}