{"provider_url": "https://www.elvalledeturon.net", "title": "Febrero", "html": "<div style=\"text-align: justify; margin: 0cm 0cm 6pt\">\r\n<p><strong>El Alcalde anuncia la segunda fase del centro de discapacitados de Tur\u00f3n </strong></p>\r\n\r\n<p>La Nueva Espa\u00f1a. Caudal -02/02/2007</p>\r\n\r\n<p>Tur\u00f3n, D. M.</p>\r\n\r\n<p>El alcalde de Mieres confirm\u00f3 ayer que el Principado iniciar\u00e1 en breve el proceso de adjudicaci\u00f3n de la segunda fase de las obras de <strong>construcci\u00f3n</strong> del <strong>centro</strong> de <strong>discapacitados</strong> de <strong>Tur\u00f3n</strong>. El regidor record\u00f3 que esta actuaci\u00f3n contar\u00e1 con un presupuesto de 951.000 y que completar\u00e1&nbsp;&nbsp; <a href=\"http://www.lne.es/secciones/noticia.jsp?pRef=1536_39_488709__Caudal-Alcalde-anuncia-segunda-fase-centro-discapacitados-Turon\">[Ampliar noticia] </a></p>\r\n\r\n<hr />\r\n<p>&nbsp;</p>\r\n\r\n<p><strong>IU de Mieres propone crear un centro polivalente en La Salle</strong></p>\r\n\r\n<p>El Comercio. Asturias. Cuencas - 02-02-2007</p>\r\n\r\n<p>El grupo municipal de Izquierda Unida en Mieres propuso ayer convertir las <strong>instalaciones</strong> del <strong>colegio</strong> de La <strong>Salle</strong> de <strong>Tur\u00f3n</strong>, que desde el presente curso acad\u00e9mico carece de actividad docente, en un centro polivalente donde se compatibilicen los usos <a href=\"http://www.elcomerciodigital.com/prensa/20070202/cuencas/mieres-propone-crear-centro_20070202.html\">[Ampliar noticia]</a></p>\r\n\r\n<hr />\r\n<p>&nbsp;</p>\r\n\r\n<p><strong>El Tur\u00f3n sigue su rumbo al descenso </strong></p>\r\n\r\n<p>El Comerci\u00f3. Deportes - 05-02-2007</p>\r\n\r\n<p>El Salas derrot\u00f3 al colista, si bien el <strong>Tur\u00f3n</strong> marc\u00f3 tras el descanso y vio como se le escamote\u00f3 un penalti, adem\u00e1s de fallar Vivo una gran ocasi\u00f3n. / GUTI 1 2&nbsp;&nbsp; <a href=\"https://www.elcomercio.es/prensa/20070205/deportes/turon-sigue-rumbo-descenso_20070205.html\" title=\"El Tur\u00f3n sigue su rumbo al descenso\">&lt;Ampliar noticia&gt;</a></p>\r\n\r\n<hr />\r\n<p>&nbsp;</p>\r\n\r\n<p><strong>El Colloto recupera el mando tras el triunfo del Tapia en Narcea </strong></p>\r\n\r\n<p>El Comerci\u00f3. Deportes - 06-02-2007</p>\r\n\r\n<p>La victoria del Tapia en Narcea revoluciona un poco la situaci\u00f3n en la cabeza de la tabla de preferente, ya que permite al Colloto recuperar el mando a pesar de llevar un encuentro menos jugado.&nbsp; <strong>Por</strong> <strong>la cola, el Tur\u00f3n</strong> sigue sin ganar, mientras que el Navia y Berr\u00f3n ocupan las otras dos plazas de descenso&nbsp; <a href=\"https://www.elcomercio.es/prensa/20070206/deportes/colloto-recupera-mando-tras_20070206.html\" title=\"El Colloto recupera el mando tras el triunfo del Tapia en Narcea\">&lt;Ampliar noticia&gt;</a></p>\r\n\r\n<hr />\r\n<p>&nbsp;</p>\r\n\r\n<p><strong>Nueva parada de autob\u00fas junto al apeadero </strong></p>\r\n\r\n<p>El Comerci\u00f3. Asturias/Cuencas. Asturias07-02-2007</p>\r\n\r\n<p>. La empresa municipal de transportes de Mieres, EMUTSA, puso ayer en marcha una nueva parada junto al apeadero de Renfe, con la que pretende facilitar a los usuarios del servicio sus conexiones y transbordos. La parada ser\u00e1 inicio y final de servicio de las <strong>l\u00edneas 1 (Tur\u00f3n</strong>) y 3 (Ujo-Valdefarrucos), que disponen de una frecuencia de 30 minutos.&nbsp; <a href=\"https://www.elcomercio.es/prensa/20070207/cuencas/nueva-parada-autobus-junto_20070207.html\" title=\"Nueva parada de autob\u00fas junto al apeadero\">&lt;Ampliar noticia&gt;</a></p>\r\n\r\n<hr />\r\n<p>&nbsp;</p>\r\n\r\n<p><strong>Redondo, nuevo t\u00e9cnico del Berr\u00f3n</strong></p>\r\n\r\n<p>El Comerci\u00f3. Deportes07-02-2007</p>\r\n\r\n<p>El ex jugador y ex t\u00e9cnico sportinguista Jos\u00e9 Antonio Redondo, colaborador de EL COMERCIO y de Canal 10 Televisi\u00f3n, dirigir\u00e1 al Berr\u00f3n hasta final de temporada con el objetivo de salvar la categor\u00eda. El conjunto de Siero ocupa la antepen\u00faltima posici\u00f3n en la clasificaci\u00f3n de regional preferente, s\u00f3lo por delante del Navia y del <strong>Tur\u00f3n</strong>.&nbsp; <a href=\"https://www.elcomercio.es/prensa/20070207/deportes/redondo-nuevo-tecnico-berron_20070207.html\" title=\"Redondo, nuevo t\u00e9cnico del Berr\u00f3n\">&lt;Ampliar noticia&gt;</a></p>\r\n\r\n<hr />\r\n<p>&nbsp;</p>\r\n\r\n<p><strong>El Principado efect\u00faa la s primeras pruebas t\u00e9cnicas de la banda ancha en las cuencas </strong></p>\r\n\r\n<p>El Comerci\u00f3. Asturias/Cuencas. Asturias- 09-02-2007</p>\r\n\r\n<p>M. VARELASOTRONDIO</p>\r\n\r\n<p>El proyecto de extensi\u00f3n de una red alternativa de banda ancha en 31.600 viviendas de las comarcas mineras ha finalizado ya.</p>\r\n\r\n<p>La expansi\u00f3n comercial que se inicia en abril se extender\u00e1 en mayo en el Nal\u00f3n a Tuilla, El Entrego y Sotrondio y, en el Caudal, a Pola de Lena, Santa Cruz, Figaredo, <strong>Tur\u00f3n</strong> y Ujo. Estar\u00e1 apoyada con una campa\u00f1a publicitaria.&nbsp; <a href=\"https://www.elcomercio.es/prensa/20070209/cuencas/principado-efectua-primeras-pruebas_20070209.html\" title=\"El Principado efect\u00faa las primeras pruebas t\u00e9cnicas de la banda ancha en las cuencas\">&lt;Ampliar noticia&gt;</a></p>\r\n\r\n<hr />\r\n<p>&nbsp;</p>\r\n\r\n<p><strong>\u00abTur\u00f3n ser\u00e1 un pueblo de servicios, con el jard\u00edn de la camelia atraeremos turismo\u00bb </strong></p>\r\n\r\n<p>La Nueva Espa\u00f1a. Caudal -11/02/2007</p>\r\n\r\n<p>Mieres del Camino, Jos\u00e9 Luis SALINAS</p>\r\n\r\n<p><strong>Juan</strong> <strong>Ram\u00f3n</strong> <strong>Garc\u00eda</strong> es el <strong>impulsor</strong> de la <strong>Asociaci\u00f3n</strong> de <strong>Amigos</strong> de la <strong>Camelia</strong> de <strong>Tur\u00f3n</strong>. Entre los proyectos de la agrupaci\u00f3n figura la creaci\u00f3n de un parque tem\u00e1tico entorno a esta planta oriental. Garc\u00eda est\u00e1 seguro de que esta iniciativa ser\u00e1 el&nbsp; <a href=\"http://www.lne.es/secciones/noticia.jsp?pRef=1545_39_491673__Caudal-Turon-sera-pueblo-servicios-jardin-camelia-atraeremos-turismo\">[Ampliar noticia] </a>&nbsp;</p>\r\n\r\n<hr />\r\n<p>&nbsp;</p>\r\n\r\n<p><strong>La asociaci\u00f3n de Parkinson, Eladio Gonz\u00e1lez y Felipa del R\u00edo, Mierenses del A\u00f1o </strong></p>\r\n\r\n<p>El Comerci\u00f3. Asturias/Cuencas. Asturias - 13-02-2007</p>\r\n\r\n<p>El presidente de la sociedad Mierense del A\u00f1o, Laudelino Rodr\u00edguez, y el alcalde del concejo, Luis Mar\u00eda Garc\u00eda, hicieron p\u00fablico hoy el fallo de la 34 edici\u00f3n de los galardones que llevan el nombre de la asociaci\u00f3n y que este a\u00f1o han reca\u00eddo en la asociaci\u00f3n de Parkinson de Mieres, <strong>Eladio</strong> <strong>Gonz\u00e1lez</strong>, un <strong>vecino</strong> de <strong>Tur\u00f3n</strong> muy ligado con el movimiento asociativo del Valle y voluntario en la Asociaci\u00f3n de Lucha contra el C\u00e1ncer, enfermedad que \u00e9l tambi\u00e9n sufri\u00f3, y Felipa del R\u00edo, miembro de la primera junta directiva de la Asociaci\u00f3n de Viudas de la Rep\u00fablica, que luch\u00f3 gran parte de su vida por el reconocimiento de la problem\u00e1tica social, jur\u00eddica y cultural de este colectivo de mujeres.&nbsp; <a href=\"https://www.elcomercio.es/20070213/cuencas/asociacion-parkinson-eladio-gonzalez_200702131704.html\" title=\"La asociaci\u00f3n de Parkinson, Eladio Gonz\u00e1lez y Felipa del R\u00edo, Mierenses del A\u00f1o\">&lt;Ampliar noticia&gt;</a></p>\r\n\r\n<hr />\r\n<p>&nbsp;</p>\r\n\r\n<p><strong>Los Mierense del A\u00f1o reconocen a la Asociaci\u00f3n del Parkinson </strong></p>\r\n\r\n<p>El Comerci\u00f3. Asturias/Cuencas. Asturias - 14-02-2007</p>\r\n\r\n<p>D. DE MIGUELMIERES</p>\r\n\r\n<p>La delegaci\u00f3n mierense de la Asociaci\u00f3n Parkinson, Eladio Gonz\u00e1lez y Felipa del R\u00edo recibir\u00e1n el pr\u00f3ximo 30 de marzo en el sal\u00f3n de actos de Cajastur el galard\u00f3n Mierense del A\u00f1o,</p>\r\n\r\n<p>La sociedad cultural Mierense del A\u00f1o decidi\u00f3 adem\u00e1s entregar la medalla de los galardones a Inocencio Urbina Villanueva \u00abpor haberse convertido en una de las figuras m\u00e1s relevantes de la pintura asturiana del siglo XX\u00bb; la plaza de honor al Orfe\u00f3n de Mieres y el premio al M\u00e9rito Empresarial a <strong>Jos\u00e9</strong> <strong>Antonio</strong> <strong>Gonz\u00e1lez</strong> <strong>Rodr\u00edguez</strong>, director <strong>gerente</strong> de <strong>Asesor\u00edas</strong> <strong>Tur\u00f3n</strong> y Seguros Allianz, \u00abpor su decidida apuesta empresarial\u00bb.&nbsp; <a href=\"https://www.elcomercio.es/prensa/20070214/cuencas/mierense-reconocen-asociacion-parkinson_20070214.html\" title=\"Los Mierense del A\u00f1o reconocen a la Asociaci\u00f3n del Parkinson\">&lt;Ampliar noticia&gt;</a></p>\r\n\r\n<hr />\r\n<p>&nbsp;</p>\r\n\r\n<p><strong>Tur\u00f3n celebra la primera jornada del Festival de tonada del concejo </strong></p>\r\n\r\n<p>La Nueva Espa\u00f1a. Cuencas - 16/02/2007</p>\r\n\r\n<p>Tur\u00f3n (Mieres), Jos\u00e9 Luis SALINAS</p>\r\n\r\n<p>El <strong>Ateneo</strong> de <strong>Tur\u00f3n</strong> acogi\u00f3 ayer la primera jornada del Festival de tonada de Mieres. El concierto cont\u00f3 con la participaci\u00f3n de los int\u00e9rpretes Mar\u00eda S\u00e1nchez Blanco, Julio Mallada Gancedo y Seraf\u00edn Gonz\u00e1lez Gonz\u00e1lez. Tambi\u00e9n actu\u00f3 el monologuista <a href=\"http://www.lne.es/secciones/noticia.jsp?pRef=1550_38_493443__Cuencas-Turon-celebra-primera-jornada-Festival-tonada-concejo\">[Ampliar noticia] </a></p>\r\n\r\n<hr />\r\n<p>&nbsp;</p>\r\n\r\n<p><strong>IU solicita adecuar la pista de ICONA</strong></p>\r\n\r\n<p>El Comercio. Asturias. Cuencas - 18-02-2007</p>\r\n\r\n<p>El grupo municipal de Izquierda Unida en el Ayuntamiento de Mieres presentar\u00e1 una moci\u00f3n en el pr\u00f3ximo pleno para solicitar a la Consejer\u00eda de Medio Ambiente una actuaci\u00f3n de restauraci\u00f3n en la pista rural conocida como ICONA, ubicada en la zona de <strong>Tur\u00f3n</strong><a href=\"http://www.elcomerciodigital.com/prensa/20070218/cuencas/solicita-adecuar-pista-icona_20070218.html\">[Ampliar noticia]</a></p>\r\n\r\n<hr />\r\n<p>&nbsp;</p>\r\n\r\n<p><strong>El Acesol Tuc\u00e1n busca alejarse del descenso </strong></p>\r\n\r\n<p>El Comerci\u00f3. Deportes - 18-02-2007</p>\r\n\r\n<p>El <strong>Acesol</strong> <strong>Tuc\u00e1n</strong> de la Divisi\u00f3n de Plata buscar\u00e1 hoy la victoria, como lo hizo en la primera vuelta (3-7), al Ourense, segundo clasificado, hoy en O\u00f1\u00f3n (12 horas). En el <strong>equipo</strong> <strong>turon\u00e9s</strong>, que debe ganar para alejarse del descenso, son baja Valdo y Pablo. / M. M.&nbsp; <a href=\"https://www.elcomercio.es/prensa/20070218/deportes/acesol-tucan-busca-alejarse_20070218.html\" title=\"El Acesol Tuc\u00e1n busca alejarse del descenso\">&lt;Ampliar noticia&gt;</a></p>\r\n\r\n<hr />\r\n<p>&nbsp;</p>\r\n\r\n<p><strong>El Tur\u00f3n cosech\u00f3 una nueva derrota </strong></p>\r\n\r\n<p>El Comerci\u00f3. Deportes - 19-02-2007</p>\r\n\r\n<p>El Uni B, liderado por Pevida en ataque, <strong>gan\u00f3</strong> <strong>a un Tur\u00f3n</strong> que mostr\u00f3 una mejor\u00eda de juego con respecto a partidos anteriores, pero acab\u00f3 perdiendo en los \u00faltimos diez minutos. / GUTI 2 4&nbsp; <a href=\"https://www.elcomercio.es/prensa/20070219/deportes/turon-cosecho-nueva-derrota_20070219.html\" title=\"El Tur\u00f3n cosech\u00f3 una nueva derrota\">&lt;Ampliar noticia&gt;</a></p>\r\n\r\n<hr />\r\n<p>&nbsp;</p>\r\n\r\n<p><strong>El Acesol Tuc\u00e1n se vio impotente ante el Ourense en O\u00f1\u00f3n</strong></p>\r\n\r\n<p>El Comerci\u00f3. Deportes - 19-02-2007</p>\r\n\r\n<p>MONCHUMIERES</p>\r\n\r\n<p>El <strong>Acesol</strong>-<strong>Tuc\u00e1n</strong> volvi\u00f3 a caer en O\u00f1\u00f3n en un mal encuentro de los de Carlos S\u00e1nchez y en el que la \u00fanica nota positiva para los azulgrana fue el debut de los canteranos Nano y Dani Pi\u00f1eiro.&nbsp; El <strong>conjunto</strong> <strong>turon\u00e9s</strong> no fue rival para un Coinasa Ourense que camina firme hacia los 'play-off' de ascenso y que apenas tuvo que sufrir para llevarse la victoria ante un Acesol que nada tuvo que hacer ante la superioridad del 'cinco' gallego.&nbsp; <a href=\"https://www.elcomercio.es/prensa/20070219/deportes/acesol-tucan-impotente-ante_20070219.html\" title=\"El Acesol Tuc\u00e1n se vio impotente ante el Ourense en O\u00f1\u00f3n\">&lt;Ampliar noticia&gt;</a></p>\r\n\r\n<hr />\r\n<p>&nbsp;</p>\r\n\r\n<p><strong>El empate del Colloto con el And\u00e9s deja al Tapia como l\u00edder circunstancial de preferente </strong></p>\r\n\r\n<p>El Comerci\u00f3. Deportes - 20-02-2007</p>\r\n\r\n<p>LAYGIJ\u00d3N</p>\r\n\r\n<p>El Tapia se encarama a lo alto de la clasificaci\u00f3n en regional preferente, despu\u00e9s de disputarse la jornada 24, en la que los de Iv\u00e1n Palacios derrotaron al Nal\u00f3n (2-0)</p>\r\n\r\n<p>En puestos de descenso a primera regional, <strong>adem\u00e1s</strong> <strong>del</strong> <strong>colista</strong> <strong>Tur\u00f3n</strong>, que sigue sin saber ganar, el Navia y el Luarca comparten las otras dos plazas.&nbsp; <a href=\"https://www.elcomercio.es/prensa/20070220/deportes/empate-colloto-andes-deja_20070220.html\" title=\"El empate del Colloto con el And\u00e9s deja al Tapia como l\u00edder circunstancial de preferente\">&lt;Ampliar noticia&gt;</a></p>\r\n\r\n<hr />\r\n<p>&nbsp;</p>\r\n\r\n<p><strong>Leopoldo Alas, el veneno de los muertos </strong></p>\r\n\r\n<p>El Comerci\u00f3. Pol\u00edtica - 23-02-2007</p>\r\n\r\n<p>FRANCISCO GALERA CARRILLOINVESTIGADOR EN HISTORIA CONTEMPOR\u00c1NEA</p>\r\n\r\n<p>\u00abDe aquellos a\u00f1os a\u00fan no he podido regresar\u00bb. As\u00ed respond\u00eda Luis Rosales al ser preguntado por la guerra civil de 1936, y hablaba de un \u00abdolor nunca terminado, que reverdece, como la tierra todas las primaveras\u00bb.</p>\r\n\r\n<p>S\u00f3lo en prensa, hay consignadas m\u00e1s de cien conferencias y lecciones de Alas, repartidas por toda la geograf\u00eda asturiana: desde peque\u00f1as salas de lectura con apenas unas decenas de libros al potente Ateneo Obrero de Gij\u00f3n, que inaugurara su padre en 1881. Promover\u00e1 con especial ah\u00ednco los <strong>Ateneos</strong> de Mieres, <strong>Tur\u00f3n</strong> o Sama de Langreo (en todos ellos dar\u00e1 la conferencia inaugural) y ser\u00e1 presidente del Ateneo de Oviedo.&nbsp; <a href=\"https://www.elcomercio.es/prensa/20070223/opinionarticulos/leopoldo-alas-veneno-muertos_20070223.html\" title=\"Leopoldo Alas, el veneno de los muertos\">&lt;Ampliar noticia&gt;</a></p>\r\n\r\n<hr />\r\n<p>&nbsp;</p>\r\n\r\n<p><strong>Un prejubilado en la grada </strong></p>\r\n\r\n<p>El Comerci\u00f3. Deportes - 24-02-2007</p>\r\n\r\n<p>NACHO GUTI\u00c9RREZAVIL\u00c9S</p>\r\n\r\n<p>Mara\u00f1\u00f3n, formado en el Avil\u00e9s y hasta hace unas jornadas jugador del Llanes, prev\u00e9 un duelo vibrante el domingo</p>\r\n\r\n<p>El partido del Su\u00e1rez Puerta lleg\u00f3 tarde para \u00e9l, despu\u00e9s de que hace unas semanas causara baja en la plantilla del Llanes: \u00abPudieron los problemas laborales, ya no pod\u00eda compatibilizarlo para entrenarme con normalidad y no puedes estar en Tercera Divisi\u00f3n con una sesi\u00f3n a la semana.</p>\r\n\r\n<p>En sus a\u00f1os de servicio, que incluyen en su n\u00f3mina de equipos al Trasona, Hispano, Cand\u00e1s, San Mart\u00edn, <strong>Tur\u00f3n</strong>, Rey Aurelio, Colloto y Llanes, siempre ha sido un especialista del \u00e1rea&nbsp; <a href=\"https://www.elcomercio.es/prensa/20070224/deportes/prejubilado-grada_20070224.html\" title=\"Un prejubilado en la grada\">&lt;Ampliar noticia&gt;</a></p>\r\n\r\n<hr />\r\n<p>&nbsp;</p>\r\n\r\n<p><strong>El Ceares recibe al Covadonga y el Siero visita al Oviedo ACF </strong></p>\r\n\r\n<p>El Comerci\u00f3. Deportes - 24-02-2007</p>\r\n\r\n<p>R. D.GIJ\u00d3N</p>\r\n\r\n<p>El Ceares recibir\u00e1 al Covadonga y el Siero visitar\u00e1 al Oviedo ACF en los encuentros adelantados a hoy de la vigesimoquinta jornada liguera en Tercera Divisi\u00f3n.</p>\r\n\r\n<p>En regional preferente, se anticipan los partidos Cand\u00e1s-<strong>Tur\u00f3n</strong> (La Mata, 16.45 horas), con arbitraje del ovetense Omar Mata Areces, y Universidad B-Narcea (Universitario, 16.45 horas), dirigido por el avilesino Roberto Delgado Fern\u00e1ndez.&nbsp; <a href=\"https://www.elcomercio.es/prensa/20070224/deportes/ceares-recibe-covadonga-siero_20070224.html\" title=\"El Ceares recibe al Covadonga y el Siero visita al Oviedo ACF\">&lt;Ampliar noticia&gt;</a></p>\r\n\r\n<hr />\r\n<p>&nbsp;</p>\r\n\r\n<p><strong>El Acesol Tuc\u00e1n vende cara su derrota en Pontevedra </strong></p>\r\n\r\n<p>El Comerci\u00f3. Deportes - 25-02-2007</p>\r\n\r\n<p>MONCHUPONTEVEDRA</p>\r\n\r\n<p>El Acesol-Tuc\u00e1n dio la cara en todo momento en su visita al Leis Pontevedra, uno de los mejores equipos de la categor\u00eda y firme candidato al ascenso a Divisi\u00f3n de Honor.&nbsp; El <strong>conjunto</strong> <strong>turon\u00e9s</strong> vendi\u00f3 muy cara su derrota y s\u00f3lo en los errores defensivos y en las jugadas de estrategia los pontevedreses marcaron cuatro tantos a bal\u00f3n parado y en lances ensayados. <a href=\"https://www.elcomercio.es/prensa/20070225/deportes/acesol-tucan-vende-cara_20070225.html\" title=\"El Acesol Tuc\u00e1n vende cara su derrota en Pontevedra\">&lt;Ampliar noticia&gt;</a></p>\r\n\r\n<hr />\r\n<p>&nbsp;</p>\r\n\r\n<p><strong>Unidos en la distancia </strong></p>\r\n\r\n<p>El Comerci\u00f3. Deportes - 25-02-2007</p>\r\n\r\n<p>M. R.M\u00c1LAGA</p>\r\n\r\n<p>A m\u00e1s de mil kil\u00f3metros de distancia de El Molin\u00f3n se contabilizan por centenares los aficionados rojiblancos que, en este caso, estar\u00e1n en La Rosaleda.</p>\r\n\r\n<p>Los rojiblancos tuvieron ayer una recepci\u00f3n en el Centro Asturiano de M\u00e1laga, que tiene su sede en Torremolinos, acto en el que el consejero Mariano Fern\u00e1ndez Prendes represent\u00f3 al club gijon\u00e9s. La <strong>iniciativa</strong> fue <strong>promovida</strong> <strong>por</strong> el <strong>turon\u00e9s</strong> <strong>Ricardo</strong> <strong>Tomillo</strong>, quien lleva 43 a\u00f1os afincado en la Centro y un reconocido seguidor sportinguista&nbsp; <a href=\"https://www.elcomercio.es/prensa/20070225/deportes/unidos-distancia_20070225.html\" title=\"Unidos en la distancia\">&lt;Ampliar noticia&gt;</a></p>\r\n\r\n<hr />\r\n<p>&nbsp;</p>\r\n\r\n<p><strong>El Cand\u00e1s vapule\u00f3 al colista Tur\u00f3n en la segunda parte </strong></p>\r\n\r\n<p>El Comerci\u00f3. Deportes - 25-02-2007</p>\r\n\r\n<p>JAVIER LOZANOCAND\u00c1S</p>\r\n\r\n<p>El Cand\u00e1s vapule\u00f3 al <strong>colista</strong> <strong>Tur\u00f3n</strong>, que al menos resisti\u00f3 en la primera mitad. El claro penalti de Dela a Pablo, transformado por su hermano Isma, fue la nota destacada de la primera mitad, junto con un disparo del delantero Ram\u00f3n Luis que roz\u00f3 la escuadra izquierda, en el minuto 43.&nbsp; <a href=\"https://www.elcomercio.es/prensa/20070225/deportes/candas-vapuleo-colista-turon_20070225.html\" title=\"El Cand\u00e1s vapule\u00f3 al colista Tur\u00f3n en la segunda parte\">&lt;Ampliar noticia&gt;</a></p>\r\n\r\n<hr />\r\n<p>&nbsp;</p>\r\n\r\n<p><strong>CR\u00d3NICA VIAJERA La distancia no es el olvido </strong></p>\r\n\r\n<p>El Comerci\u00f3. Deportes - 27-02-2007</p>\r\n\r\n<p>Esta vez, M\u00e1laga fue un desplazamiento agradable. Pese a los m\u00e1s de 1.000 kil\u00f3metros de distancia, qued\u00f3 demostrado que el sportinguismo es como una religi\u00f3n.</p>\r\n\r\n<p>En la provincia de M\u00e1laga, el <strong>turon\u00e9s</strong> <strong>Ricardo</strong> <strong>Tomillo</strong> ejerce de embajador del Sporting. Re\u00fane m\u00e1s de un centenar de detalles del club gijon\u00e9s, que luce permanentemente con su atuendo. Su elegancia es equiparable a la de Arturo Fern\u00e1ndez. El gijon\u00e9s a escala nacional y el turon\u00e9s, en la malague\u00f1a.&nbsp; <a href=\"https://www.elcomercio.es/prensa/20070225/deportes/candas-vapuleo-colista-turon_20070225.html\" title=\"El Cand\u00e1s vapule\u00f3 al colista Tur\u00f3n en la segunda parte\">&lt;Ampliar noticia&gt;</a></p>\r\n\r\n<hr />\r\n<p>&nbsp;</p>\r\n\r\n<p><strong>El Cand\u00e1s suma una nueva victoria en preferente, donde el Tapia sigue l\u00edder </strong></p>\r\n\r\n<p>El Comerci\u00f3. Deportes - 27-02-2007</p>\r\n\r\n<p>LAYGIJ\u00d3N</p>\r\n\r\n<p>El Tapia gan\u00f3 (0-1) en Salas y se mantiene l\u00edder de preferente, categor\u00eda en la que tambi\u00e9n el Colloto, con un encuentro menos jugado, gan\u00f3 a domicilio (1-2 en La Caridad) y sigue presionando.</p>\r\n\r\n<p>El <strong>Tur\u00f3n</strong>, con s\u00f3lo 6 puntos, <strong>es el farolillo rojo</strong>; Navia, 19; Luarca, 25; Berr\u00f3n y Tit\u00e1nico, 27, y Pumar\u00edn, 29 puntos.&nbsp; <a href=\"https://www.elcomercio.es/prensa/20070227/deportes/candas-suma-nueva-victoria_20070227.html\" title=\"El Cand\u00e1s suma una nueva victoria en preferente, donde el Tapia sigue l\u00edder\">&lt;Ampliar noticia&gt;</a></p>\r\n\r\n<hr />\r\n<p>&nbsp;</p>\r\n\r\n<p><strong>Fallece el presidente del Coro Minero de Tur\u00f3n</strong></p>\r\n\r\n<p>La Voz de Asturias,- &nbsp;28/02/2007</p>\r\n\r\n<p>El presidente del afamado <strong>Coro Minero de Tur\u00f3n</strong>, Julio Rodr\u00edguez Su\u00e1rez, conocido como Toli, falleci\u00f3 ayer a la edad de ochenta a\u00f1os<a href=\"http://www.lavozdeasturias.es/noticias/noticia.asp?pkid=326399\" title=\"Accede al resto de la noticia\">[Ampliar noticia]</a></p>\r\n</div>\r\n\r\n<div style=\"text-align: justify; background: white\">&nbsp;</div>\r\n", "author_name": "", "version": "1.0", "author_url": "https://www.elvalledeturon.net/author/jorgevarela", "provider_name": "El valle de Turon", "type": "rich"}