{"provider_url": "https://www.elvalledeturon.net", "title": "Agosto", "html": "<div>&nbsp;</div>\r\n\r\n<p><strong>Un argayo corta el acceso rodado a varias viviendas de El Pandel, en Tur\u00f3n</strong></p>\r\n\r\n<p>La Nueva Espa\u00f1a. Caudal \u2013 02/08/2010</p>\r\n\r\n<p>Mieres del Camino, E. D\u00cdAZ</p>\r\n\r\n<p>Los habitantes del caser\u00edo de Quintos Espinos, situado en el pueblo <strong>turon\u00e9s de El Pandel</strong>, no pueden acceder a sus viviendas en coche a causa de un argayo que ha cortado el acceso. Los primeros hundimientos se produjeron hace a\u00f1o y medio y ya entonces los&nbsp; <a href=\"http://www.lne.es/secciones/noticia.jsp?pRef=2010080200_39_950089__Caudal-argayo-corta-acceso-rodado-varias-viviendas-Pandel-Turon\">[Ampliar noticia]</a></p>\r\n\r\n<hr />\r\n<p>&nbsp;</p>\r\n\r\n<p><strong>Los hermanos Valle Roso en Insierto y \u201cFriends Jazz\u201d en parque de Tur\u00f3n, actuaciones para esta semana</strong></p>\r\n\r\n<p>La Nueva Espa\u00f1a. Caudal \u2013 03/08/2010</p>\r\n\r\n<p>Los vecinos del concejo de Mieres podr\u00e1n disfrutar a lo largo de esta semana de diversas actividades culturales. Hoy, martes, se emitir\u00e1 la pel\u00edcula de cine infantil \u00abRa\u00edces Profundas\u00bb en la Casa de la Cultura, a las siete de la tarde. Para ma\u00f1ana, tambi\u00e9n en la Casa de Cultura, tendr\u00e1 lugar una&nbsp;&nbsp; <a href=\"http://www.lne.es/secciones/noticia.jsp?pRef=2010080300_38_950442__Cuencas-hermanos-Valle-Roso-Insierto-Friends-Jazz-Turon-actuaciones-musicales-para-esta-semana\">[Ampliar notica] </a></p>\r\n\r\n<hr />\r\n<p>&nbsp;</p>\r\n\r\n<p><strong>Villapendi recopila sus m\u00e9ritos</strong></p>\r\n\r\n<p>La Nueva Espa\u00f1a. Caudal \u2013 03/08/2010</p>\r\n\r\n<p>Mieres del Camino, Andr\u00e9s VELASCO</p>\r\n\r\n<p>La peque\u00f1a localidad mierense de Villapendi, en el Valle de Tur\u00f3n, est\u00e1 decidida a llevarse el premio al Pueblo Ejemplar que cada a\u00f1o concede la Fundaci\u00f3n Pr\u00edncipe de Asturias y suceder as\u00ed al concejo de Sobrescobio, en la comarca del Nal\u00f3n. <a href=\"http://www.lne.es/secciones/noticia.jsp?pRef=2010080300_39_950451__Caudal-Villapendi-recopila-meritos\">[Ampliar notica] </a></p>\r\n\r\n<hr />\r\n<p>&nbsp;</p>\r\n\r\n<p><strong>El asturiano Adrian Colunga, ex jugador del C. D. Tur\u00f3n, ficha por el Getafe</strong></p>\r\n\r\n<p>El Comercio. Deporte. F\u00fatbol \u2013 06/08/2010</p>\r\n\r\n<p>El Getafe anunci\u00f3 hoy en su p\u00e1gina web oficial el fichaje del delantero asturiano del Recreativo de Huelva Adri\u00e1n Colunga, que firmar\u00e1 por las pr\u00f3ximas cinco temporadas con el conjunto del sur de Madrid. A la espera de los resultados del <a href=\"http://www.elcomerciodigital.com/20100806/deportes/futbol/asturiano-adrian-colunga-ficha-201008061246.html\">[Ampliar noticia]</a></p>\r\n\r\n<hr />\r\n<p>&nbsp;</p>\r\n\r\n<p><strong>&nbsp;El ayuntamiento fija un plan de limpieza de los r\u00edos</strong></p>\r\n\r\n<p>La Nueva Espa\u00f1a. Caudal \u2013 07/08/2010</p>\r\n\r\n<p>El Ayuntamiento de Mieres ha informado este s\u00e1bado de que la Confederaci\u00f3n Hidrogr\u00e1fica del Cant\u00e1brico (CHC) tiene previsto acometer en los pr\u00f3ximos 15 d\u00edas un plan de actuaciones de limpieza y reiterada de materiales en varios r\u00edos del concejo.</p>\r\n\r\n<p>En concreto, est\u00e1 prevista <strong>la limpieza y retirada de materiales en el r\u00edo Tur\u00f3n en el tramo entre Figaredo y La Cuadriella</strong>&nbsp;&nbsp; <a href=\"http://www.lne.es/secciones/noticia.jsp?pRef=2010080700_39_952341__Caudal-Ayuntamiento-fija-plan-limpieza-rios\">[Ampliar noticia] </a></p>\r\n\r\n<hr />\r\n<p>&nbsp;</p>\r\n\r\n<p><strong>Tur\u00f3n y Lenense abren el torneo cuadrangular</strong></p>\r\n\r\n<p>La Nueva Espa\u00f1a. Deportes \u2013 10/08/2010</p>\r\n\r\n<p>Tur\u00f3n (Mieres), H. N\u00da\u00d1EZ</p>\r\n\r\n<p>El C.D. Tur\u00f3n y la Sociedad Deportiva Lenense abren esta tarde, a las ocho, el Trofeo \u00abMancomunidad\u00bb, que jugar\u00e1n adem\u00e1s de estos dos conjuntos el Campomanes y el Caudal B en el Fern\u00e1ndez Felgueroso.</p>\r\n\r\n<p>La primera semifinal la jugar\u00e1n los turoneses ante el [<a href=\"http://www.lne.es/secciones/noticia.jsp?pRef=2010081000_47_953259__Deportes-Turon-Lenense-abren-torneo-cuadrangular\">Ampliar noticia</a>]</p>\r\n\r\n<hr />\r\n<p><strong>Mieres debe a Hacienda 1,1 millones del ejercicio 2008 </strong></p>\r\n\r\n<p>El Comercio. Asturias/Cuencas/Asturias&nbsp; 11-08-2010</p>\r\n\r\n<p>MARTA VARELAMIERES.</p>\r\n\r\n<p>Mieres celebrar\u00e1 ma\u00f1ana un pleno extraordinario en el que aprobar\u00e1 la presentaci\u00f3n de la localidad de Villapendi como candidata al Pueblo Ejemplar de Asturias en la edici\u00f3n de este a\u00f1o. Este n\u00facleo turon\u00e9s ha resultado ganador del concurso Pueblo m\u00e1s Limpio y Cuidado de Mieres, galard\u00f3n que reconoce \u00abla limpieza, el cuidado de las zonas p\u00fablicas, la ornamentaci\u00f3n y el trabajo comunitario\u00bb realizado en dicha localidad.&nbsp; <a href=\"https://www.elcomercio.es/v/20100811/cuencas/mieres-debe-hacienda-millones-20100811.html\" title=\"Mieres debe a Hacienda 1,1 millones del ejercicio 2008\">&lt;Ampliar noticia&gt;</a></p>\r\n\r\n<hr />\r\n<p>&nbsp;</p>\r\n\r\n<p><strong>Gracia pide pisos para mayores en La Salle</strong></p>\r\n\r\n<p>El Comercio. Asturias. Cuencas - 12-08-2010</p>\r\n\r\n<p>El alcalde de Mieres, Luis Mar\u00eda Garc\u00eda, record\u00f3 ayer la propuesta que realiz\u00f3 \u00abhace m\u00e1s de dos a\u00f1os\u00bb a Bienestar Social para crear en el antiguo colegio de La Salle de Tur\u00f3n, sin actividad docente desde hace tiempo, pisos tutelados para <a href=\"http://www.elcomerciodigital.com/v/20100812/cuencas/garcia-pide-pisos-para-20100812.html\">[Ampliar noticia]</a></p>\r\n\r\n<hr />\r\n<p>&nbsp;</p>\r\n\r\n<p><strong>El PP apoya el desarrollo de pisos tutelados para mayores en La Salle </strong></p>\r\n\r\n<p>El Comercio. Asturias&nbsp; 12-08-2010</p>\r\n\r\n<p>EFE |MIERES</p>\r\n\r\n<p>El Grupo Municipal del PP en el Ayuntamiento de Mieres ha recordado hoy la moci\u00f3n presentada por esta formaci\u00f3n en diciembre de 2005 en la que propon\u00edan a la administraci\u00f3n local que realizase los tr\u00e1mites con el Gobierno Asturiano para dotar a Tur\u00f3n de una \"residencia integral para mayores en r\u00e9gimen de apartamentos\".&nbsp; <a href=\"https://www.elcomercio.es/20100812/asturias/cuencas/apoya-desarrollo-pisos-tutelados-201008121739.html\" title=\"El PP apoya el desarrollo de pisos tutelados para mayores en La Salle\">&lt;Ampliar noticia&gt;</a></p>\r\n\r\n<hr />\r\n<p>&nbsp;</p>\r\n\r\n<p><strong>Los no adscritos evitan votar una moci\u00f3n 'incompleta' del carb\u00f3n </strong></p>\r\n\r\n<p>El Comercio. Asturias&nbsp; 12-08-2010</p>\r\n\r\n<p>EFEMIERES</p>\r\n\r\n<p>El nuevo edil, de 32 a\u00f1os y <strong>vecino de Santa Marina de Tur\u00f3n</strong>, entrar\u00e1 a formar parte del grupo municipal de Izquierda Unida-Los Verdes despu\u00e9s de que Marcos Cienfuegos asumiera el cargo de director general de Cooperaci\u00f3n en el Gobierno de Asturias.&nbsp; <a href=\"https://www.elcomercio.es/20100812/asturias/cuencas/adscritos-evitan-votar-mocion-201008121840.html\" title=\"Los no adscritos evitan votar una moci\u00f3n 'incompleta' del carb\u00f3n\">&lt;Ampliar noticia&gt;</a></p>\r\n\r\n<hr />\r\n<p>&nbsp;</p>\r\n\r\n<p><strong>Mieres rechaza Murias para los pisos tutelados</strong></p>\r\n\r\n<p>La Voz de Asturias - 12/08/2010</p>\r\n\r\n<p>El alcalde prefiere que La Salle de Tur\u00f3n acoja el proyecto.<a href=\"http://www.lavozdeasturias.es/noticias/noticia.asp?pkid=566377\" title=\"Accede al resto de la noticia\">[Ampliar noticia]</a></p>\r\n\r\n<p>&nbsp;</p>\r\n\r\n<p><strong>El PP apoya los pisos tutelados en La Salle </strong></p>\r\n\r\n<p>El Comercio. Asturias/Cuencas/Asturias&nbsp; 13-08-2010</p>\r\n\r\n<p>M. V.</p>\r\n\r\n<p>El grupo municipal del Partido Popular en Mieres apoy\u00f3 ayer la propuesta de la Alcald\u00eda de priorizar el valle de Tur\u00f3n sobre el Hospital \u00c1lvarez-Buylla para hacer pisos tutelados orientados a las personas mayores del concejo. Los populares consideran que el edificio del antiguo colegio de La Salle cuenta con mejores condiciones que el centro hospitalario, ya que \u00e9ste presenta \u00abproblemas geol\u00f3gicos\u00bb que han obligado a reforzar la estructura del inmueble.&nbsp; <a href=\"https://www.elcomercio.es/v/20100813/cuencas/apoya-pisos-tutelados-salle-20100813.html\" title=\"El PP apoya los pisos tutelados en La Salle\">&lt;Ampliar noticia&gt;</a></p>\r\n\r\n<hr />\r\n<p>&nbsp;</p>\r\n\r\n<p><strong>El PP apoya la construcci\u00f3n de pisos para mayores en La Salle de Tur\u00f3n</strong></p>\r\n\r\n<p>La Nueva Espa\u00f1a. Caudal \u2013 13/08/2010</p>\r\n\r\n<p>Mieres del Camino, C. M. BASTEIRO</p>\r\n\r\n<p>El grupo municipal del PP en el Ayuntamiento de Mieres apoy\u00f3 ayer la propuesta del alcalde socialista Luis Mar\u00eda Garc\u00eda para construir pisos tutelados para mayores en Tur\u00f3n. Adem\u00e1s, los populares destacaron que ya hab\u00edan sugerido su construcci\u00f3n en el&nbsp;&nbsp; <a href=\"http://www.lne.es/secciones/noticia.jsp?pRef=2010081300_39_954538__Caudal-apoya-construccion-pisos-para-mayores-Salle-Turon\">[Ampliar noticia] </a></p>\r\n\r\n<hr />\r\n<p>&nbsp;</p>\r\n\r\n<p><strong>Miguel \u00e1ngel \u00c1lvarez, natural de Carcarosa, nuevo edil de IU en Mieres</strong></p>\r\n\r\n<p>La Nueva Espa\u00f1a. Caudal \u2013 13/08/2010</p>\r\n\r\n<p>El nuevo edil de IU de Mieres, Miguel \u00c1ngel \u00c1lvarez, tom\u00f3 posesi\u00f3n de su cargo durante la sesi\u00f3n plenaria celebrada ayer. El concejal, que aparece en la imagen junto al alcalde, Luis Mar\u00eda Garc\u00eda, ocupa el puesto que dej\u00f3 vacante Marcos Cienfuegos tras convertirse en el director de la Agencia <a href=\"http://www.lne.es/secciones/noticia.jsp?pRef=2010081300_39_954536__Caudal-Miguel-Angel-Alvarez-nuevo-edil-Mieres\">[Ampliar noticia]</a></p>\r\n\r\n<hr />\r\n<p>&nbsp;</p>\r\n\r\n<p><strong>Un derbi lenense como colof\u00f3n del torneo \u201cmancomunidad celebrado en el Fernandez Felgueroso</strong></p>\r\n\r\n<p>La Nueva Espa\u00f1a. Deportes \u2013 13/08/2010</p>\r\n\r\n<p>Tur\u00f3n (Mieres), H. N\u00da\u00d1EZ</p>\r\n\r\n<p>La final del hist\u00f3rico torneo \u00abMancomunidad\u00bb depara un emocionante derbi del concejo de Lena entre la Sociedad Deportiva Lenense y el CD Campomanes. El encuentro se disputar\u00e1 esta tarde, a las ocho, en el Fern\u00e1ndez Felgueroso.&nbsp;&nbsp; <a href=\"http://www.lne.es/secciones/noticia.jsp?pRef=2010081300_47_954632__Deportes-derbi-lenense-como-colofon\">[Ampliar noticia]</a></p>\r\n\r\n<hr />\r\n<p>&nbsp;</p>\r\n\r\n<p><strong>Las fiestas de Villabazal, en Tur\u00f3n, arrancan hoy con una misa y conciertos</strong></p>\r\n\r\n<p>La Nueva Espa\u00f1a. Cuencas \u2013 13/08/2010</p>\r\n\r\n<p>Villabazal (Tur\u00f3n), C. M. B.</p>\r\n\r\n<p>El programa de fiestas de San Roque y La Magdalena de Villabazal arrancar\u00e1 esta tarde, a las 19.00 horas, con una misa. La lectura de preg\u00f3n correr\u00e1 a cargo de Jos\u00e9 Manuel Gonz\u00e1lez y a partir de las 23.00 horas comenzar\u00e1 la \u00abnoche joven\u00bb con los conciertos&nbsp;&nbsp; <a href=\"http://www.lne.es/secciones/noticia.jsp?pRef=2010081300_38_954531__Cuencas-fiestas-Villabazal-Turon-arrancan-misa-conciertos\">[Ampliar noticia]</a></p>\r\n\r\n<hr />\r\n<p>&nbsp;</p>\r\n\r\n<p><strong>IU denuncia que Mieres bloquea la apertura del centro de discapacitados de Tur\u00f3n </strong></p>\r\n\r\n<p>La nueva Espa\u00f1a. Caudal - 13/08/2010</p>\r\n\r\n<p>Mieres del Camino, A. V.</p>\r\n\r\n<p>El portavoz del grupo municipal de IU-BA en el Ayuntamiento de Mieres, Luis \u00c1lvarez Payo, exigi\u00f3 ayer al equipo de Gobierno local que \u00abfinalice ya los tr\u00e1mites administrativos del expediente de fin de obra del Centro de Discapacitados de <strong>Tur\u00f3n</strong>\u00bb para que el&nbsp;&nbsp;<a href=\"http://www.lne.es/secciones/noticia.jsp?pRef=2010081400_39_954954__Caudal-denuncia-Mieres-bloquea-apertura-centro-discapacidad\">[Ampliar noticia]</a></p>\r\n\r\n<hr />\r\n<p>&nbsp;</p>\r\n\r\n<p><strong>IU exige el centro de discapacitados de Tur\u00f3n</strong></p>\r\n\r\n<p>La Voz de Asturias - 14/08/2010</p>\r\n\r\n<p>El grupo municipal de Izquierda Unida-Los Verdes en Mieres pidi\u00f3, ayer, al gobierno local que \"agilice\" los tr\u00e1mites para poner en marcha \"cuanto antes\" el centro de discapacitados de Tur\u00f3n.<a href=\"http://www.lavozdeasturias.es/noticias/noticia.asp?pkid=566680\" title=\"Accede al resto de la noticia\">[Ampliar noticia]</a></p>\r\n\r\n<hr />\r\n<p>&nbsp;</p>\r\n\r\n<p><strong>El equipo de Tu\u00f1\u00f3n se lleva el cuadrangular de Tur\u00f3n</strong></p>\r\n\r\n<p>La Nueva Espa\u00f1a. Deportes \u2013 14/08/2010</p>\r\n\r\n<p>Tur\u00f3n (Mieres), H. N\u00da\u00d1EZ</p>\r\n\r\n<p>El Campomanes se llev\u00f3 una nueva edici\u00f3n del Trofeo \u00abMancomunidad\u00bb al imponerse en la final a sus vecinos de la Sociedad Deportiva Lenense por 2-0. Los de Tu\u00f1\u00f3n hicieron buenos los pron\u00f3sticos y demostraron que eran el conjunto de mayor categor\u00eda del torneo, el [<a href=\"http://www.lne.es/secciones/noticia.jsp?pRef=2010081400_47_955041__Deportes-equipo-lleva-cuadrangular-Turon\">Ampliar noticia</a>]</p>\r\n\r\n<hr />\r\n<p><strong>IU urge la apertura del centro de discapacitados de Tur\u00f3n </strong></p>\r\n\r\n<p>El Comercio. Asturias/Cuencas/Asturias&nbsp; 14-08-2010</p>\r\n\r\n<p>M. VARELAMIERES.</p>\r\n\r\n<p>El grupo municipal de Izquierda Unida de Mieres expres\u00f3 ayer su malestar por el retraso en la entrada en funcionamiento del hospitalillo de Tur\u00f3n. El inmueble fue rehabilitado para convertirse en un centro de discapacitados y sus obras finalizaron a principios de a\u00f1o, despu\u00e9s de llevar m\u00e1s de seis en marcha y con problemas durante su desarrollo&nbsp; <a href=\"https://www.elcomercio.es/20100812/asturias/cuencas/adscritos-evitan-votar-mocion-201008121840.html\" title=\"Los no adscritos evitan votar una moci\u00f3n 'incompleta' del carb\u00f3n\">&lt;Ampliar noticia&gt;</a></p>\r\n\r\n<hr />\r\n<p>&nbsp;</p>\r\n\r\n<p><strong>Villabazal cierra hoy con la procesi\u00f3n la fiesta de San Roque y La Magdalena</strong></p>\r\n\r\n<p>La nueva Espa\u00f1a. Cuencas - 16/08/2010</p>\r\n\r\n<p>Mieres del Camino, Alba GARC\u00cdA</p>\r\n\r\n<p>Las fiestas de <strong>Villabazal</strong>, en el valle de <strong>Tur\u00f3n</strong>, cierran hoy su programa festivo con el d\u00eda grande, que incluye, adem\u00e1s de la tradicional procesi\u00f3n, la VI Muestra de artesan\u00eda. Durante toda la jornada habr\u00e1 talleres de oficios tradiciones y&nbsp;&nbsp;<a href=\"http://www.lne.es/secciones/noticia.jsp?pRef=2010081600_38_955679__Cuencas-Villabazal-cierra-procesion-fiesta-Roque-Magdalena\">[Ampliar noticia]</a></p>\r\n\r\n<hr />\r\n<p>&nbsp;</p>\r\n\r\n<p>&nbsp;</p>\r\n\r\n<p><strong>El PP critica la paralizaci\u00f3n de los proyectos para crear \u00e1reas industriales en el concejo </strong></p>\r\n\r\n<p>El Comercio. Asturias&nbsp; 17-08-2010</p>\r\n\r\n<p>EUROPA PRESS |MIERES / OVIED</p>\r\n\r\n<p>Seg\u00fan explic\u00f3 el concejal, \"nos han dicho que el parque tecnol\u00f3gico no puede ponerse en marcha por problemas con Confederaci\u00f3n Hidrogr\u00e1fica del Cant\u00e1brico por su colindancia con el r\u00edo Tur\u00f3n\". Una raz\u00f3n que los populares aseguran no entender ya que en otros puntos como Ba\u00ed\u00f1a o <strong>La Cuadriella</strong> la situaci\u00f3n de los pol\u00edgonos era similar.&nbsp; <a href=\"https://www.elcomercio.es/20100817/asturias/cuencas/critica-paralizacion-proyectos-para-201008171742.html\" title=\"El PP critica la paralizaci\u00f3n de los proyectos para crear \u00e1reas industriales en el concejo\">&lt;Ampliar noticia&gt;</a></p>\r\n\r\n<hr />\r\n<p>&nbsp;</p>\r\n\r\n<p><strong>La muestra de artesan\u00eda puso el broche a las fiestas de Villabazal, en Tur\u00f3n</strong></p>\r\n\r\n<p>La Nueva Espa\u00f1a. Caudal Cuencas \u2013 17/08/2010</p>\r\n\r\n<p>Mieres del Camino Alba GARC\u00cdA</p>\r\n\r\n<p>Las fiestas de San Roque y La Magdalena en Villabazal, en el valle de Tur\u00f3n, concluyeron ayer con la tradicional procesi\u00f3n de los patrones y la VI Muestra de Artesan\u00eda, en el que se pusieron a la venta desde madre\u00f1as hasta perfumes naturales. [<a href=\"http://www.lne.es/secciones/noticia.jsp?pRef=2010081700_38_956069__Cuencas-muestra-artesania-puso-broche-fiestas-Villabazal-Turon\">Ampliar noticia</a>]</p>\r\n\r\n<hr />\r\n<p><strong>\u201cLa pol\u00e9mica del velo en los colegios me recuerda al mot\u00edn de Esquilache\u201d</strong></p>\r\n\r\n<p>La Nueva Espa\u00f1a. Avil\u00e9s \u2013 17/08/2010</p>\r\n\r\n<p>Elisa CAMPO</p>\r\n\r\n<p>Avilesino, profesor de Filosof\u00eda en el Instituto de Tur\u00f3n y experto en el pensamiento de John Stuart Mill</p>\r\n\r\n<p>El avilesino <strong>Juan Ram\u00f3n Fuentes Jim\u00e9nez, profesor de Filosof\u00eda en el Instituto de Tur\u00f3n</strong>, present\u00f3 recientemente su tesis doctoral sobre la \u00abEducaci\u00f3n para la libertad&nbsp;&nbsp; <a href=\"http://www.lne.es/secciones/noticia.jsp?pRef=2010081700_36_956059__Aviles-polemica-velo-colegios-recuerda-motin-Esquilache\">[Ampliar noticia</a>]</p>\r\n\r\n<hr />\r\n<p><strong>El PP urge el pol\u00edgono industrial de Figaredo </strong></p>\r\n\r\n<p>El Comercio. Asturias/Cuencas/Asturias&nbsp; 18-08-2010</p>\r\n\r\n<p>C. M.MIERES.</p>\r\n\r\n<p>C. M.</p>\r\n\r\n<p>El Partido Popular de Mieres recalc\u00f3 ayer su \u00abindignaci\u00f3n\u00bb ante \u00abla par\u00e1lisis del desarrollo de las \u00e1reas industriales en Mieres\u00bb. Los populares recordaron que existe un singular proyecto para asentar empleo en el concejo, caso del Parque Tecnol\u00f3gico de Figaredo, por el que, \u00aba pesar de las constantes promesas, el PSOE no ha apostado ni apuesta\u00bb. Los representantes del PP consideran \u00abuna excusa\u00bb las razones expuestas por los socialistas en torno a la par\u00e1lisis del citado proyecto como consecuencia de los problemas con la Confederaci\u00f3n Hidrogr\u00e1fica del Cant\u00e1brico. Parece ser que la colindancia con <strong>el r\u00edo Tur\u00f3n</strong> es la causa, pero los populares se preguntan si otras \u00e1reas, como Ba\u00ed\u00f1a o <strong>La Cuadriella</strong>, \u00abno colindan tambi\u00e9n con el Caudal\u00bb.&nbsp; . <a href=\"https://www.elcomercio.es/v/20100818/cuencas/urge-poligono-industrial-figaredo-20100818.html\" title=\"El PP urge el pol\u00edgono industrial de Figaredo\">&lt;Ampliar noticia&gt;</a></p>\r\n\r\n<hr />\r\n<p>&nbsp;</p>\r\n\r\n<p><strong>IU de Mieres denuncia el mal estado de la carretera de Monte Polio </strong></p>\r\n\r\n<p>El Comercio. Asturias/Cuencas/Asturias&nbsp; 21-08-2010</p>\r\n\r\n<p>El grupo municipal de IU-LV de Mieres censur\u00f3 ayer la \u00abactitud de pasividad y dejadez\u00bb en relaci\u00f3n con la situaci\u00f3n existente en la carretera de acceso al Monte Polio desde la Cabana, en el valle de Tur\u00f3n&nbsp; <a href=\"https://www.elcomercio.es/v/20100821/cuencas/mieres-denuncia-estado-carretera-20100821.html\" title=\"IU de Mieres denuncia el mal estado de la carretera de Monte Polio\">&lt;Ampliar noticia&gt;</a></p>\r\n\r\n<hr />\r\n<p>&nbsp;</p>\r\n\r\n<p><strong>IU reclama al gobierno local que repare los accesos al monte Polio</strong></p>\r\n\r\n<p>La Nueva Espa\u00f1a. Caudal \u2013 21/08/2010</p>\r\n\r\n<p>Mieres del Camino, Andr\u00e9s VELASCO</p>\r\n\r\n<p>El grupo municipal de IU-LV en el Ayuntamiento de Mieres abri\u00f3 ayer un nuevo frente contra el Gobierno local, al que exigi\u00f3 la inmediata reparaci\u00f3n de la carretera de acceso al Monte Polio. El nuevo concejal de la coalici\u00f3n, Manuel \u00c1ngel [<a href=\"http://www.lne.es/secciones/noticia.jsp?pRef=2010082100_39_957814__Caudal-reclama-gobierno-local-Mieres-repare-accesos-monte-Polio\">Ampliar noticia</a>]</p>\r\n\r\n<hr />\r\n<p><strong>El PP advierte de que el nuevo albergue de animales mierense incumple la ley</strong></p>\r\n\r\n<p>El Comercio. Asturias. Cuencas - 23-08-2010</p>\r\n\r\n<p>El PP de Mieres muestra su rechazo a la ubicaci\u00f3n de la <strong>nueva perrera de San V\u00edctor</strong>, en el valle de Tur\u00f3n. <a href=\"http://www.elcomerciodigital.com/v/20100823/cuencas/advierte-nuevo-albergue-animales-20100823.html\">[Ampliar noticia]</a></p>\r\n\r\n<hr />\r\n<p>&nbsp;</p>\r\n\r\n<p><strong>Fallece Manuel Rodr\u00edguez, \u201cLito Casucu\u201d, hist\u00f3rico dirigente del PCA y de CC. OO.</strong></p>\r\n\r\n<p>La Nueva Espa\u00f1a. Caudal \u2013 24/08/2010</p>\r\n\r\n<p>Mieres del Camino, J. VIVAS</p>\r\n\r\n<p>El hist\u00f3rico comunista y sindicalista de CC OO Manuel Rodr\u00edguez Rodr\u00edguez, m\u00e1s conocido como Lito Casucu, falleci\u00f3 ayer a los 75 a\u00f1os. Casucu hab\u00eda sido dirigente del Partido Comunista de Asturias (PCA) junto a Horacio Fern\u00e1ndez Inguanzo, El Paisano. <a href=\"http://www.lne.es/secciones/noticia.jsp?pRef=2010082400_39_958894__Caudal-Fallece-Manuel-Rodriguez-Lito-Casucu-historico-dirigente\">[Ampliar noticia]</a></p>\r\n\r\n<hr />\r\n<p>&nbsp;</p>\r\n\r\n<p><strong>Fallece Manuel Rodr\u00edguez, 'Lito Casucu', hist\u00f3rico militante comunista asturiano </strong></p>\r\n\r\n<p>El Comercio. Asturias/Cuencas/Asturias&nbsp; 24-08-2010</p>\r\n\r\n<p>M. V.MIERES.</p>\r\n\r\n<p>Manuel Rodr\u00edguez Rodr\u00edguez, 'Lito Casucu', hist\u00f3rico militante comunista asturiano falleci\u00f3 ayer a los 75 a\u00f1os en el Hospital Central de Asturias. <strong>Natural del pueblo de Pandel (Tur\u00f3n</strong>), Manuel estuvo vinculado toda su vida a la cuenca minera donde trabaj\u00f3 en el pozo Santa B\u00e1rbara, donde vivi\u00f3 en su pueblo de Pandel y las localidades de Ujo y Mieres y donde, por encima de todo, fue siempre un defensor de los derechos sindicales de los mineros.&nbsp; <a href=\"https://www.elcomercio.es/v/20100824/cuencas/fallece-manuel-rodriguez-lito-20100824.html\" title=\"Fallece Manuel Rodr\u00edguez, 'Lito Casucu', hist\u00f3rico militante comunista asturiano\">&lt;Ampliar noticia&gt;</a></p>\r\n\r\n<hr />\r\n<p>&nbsp;</p>\r\n\r\n<p><strong>Mu\u00f1iz cierra el fichaje del meta Ricardo por el Real Avil\u00e9s </strong></p>\r\n\r\n<p>El Comercio. Deportes/F\u00fatbol/Deportes&nbsp; 25-08-2010</p>\r\n\r\n<p>JAVIER GUTI\u00c9RREZAVIL\u00c9S.</p>\r\n\r\n<p>Muchos son los equipos que saben de sus virtudes, formando <strong>parte del Tur\u00f3n</strong>, Astur, Tit\u00e1nico, Siero, Oviedo Astur, Ribadesella, Boal, Real Tapia, donde estuvo cuatro meses con Jos\u00e9 Manuel Mu\u00f1iz, y el Langreo.&nbsp; <a href=\"https://www.elcomercio.es/v/20100825/deportes/aviles/muniz-cierra-fichaje-meta-20100825.html\" title=\"Mu\u00f1iz cierra el fichaje del meta Ricardo por el Real Avil\u00e9s\">&lt;Ampliar noticia&gt;</a></p>\r\n\r\n<hr />\r\n<p>&nbsp;</p>\r\n\r\n<p><strong>\u00abEl patrimonio industrial es testigo y testimonio de la historia\u00bb </strong></p>\r\n\r\n<p>El Comercio. Asturias&nbsp; 25-08-2010</p>\r\n\r\n<p>MACARENA ARRESEIGORGIJ\u00d3N.</p>\r\n\r\n<p>\u00abEl patrimonio industrial es testigo y testimonio de la historia\u00bb, afirm\u00f3 Miguel \u00c1ngel \u00c1lvarez Areces quien present\u00f3 ayer, junto con el arquitecto Luis Serrano, la nueva gu\u00eda de 'Patrimonio Industrial de Asturias. 33 propuestas de industria, cultura y naturaleza'.</p>\r\n\r\n<p>Y, por \u00faltimo, est\u00e1n los paisajes industriales en los que se conservan los componentes de varias actividades relacionadas, \u00abcomo es el caso del <strong>valle minero de Tur\u00f3n</strong>\u00bb, repas\u00f3 \u00c1lvarez Areces.&nbsp; <a href=\"https://www.elcomercio.es/v/20100825/asturias/patrimonio-industrial-testigo-testimonio-20100825.html\">&lt;Ampliar noticia&gt;</a></p>\r\n\r\n<hr />\r\n<p>&nbsp;</p>\r\n\r\n<p><strong>Fallece a los 73 a\u00f1os el hijo del hist\u00f3rico minero Ceferino \u00c1lvarez Rey </strong></p>\r\n\r\n<p>El Comercio. Asturias. Cuencas - 27-08-2010</p>\r\n\r\n<p>Ceferino \u00c1lvarez -hijo del hist\u00f3rico minero de Tur\u00f3n y fundador del Partido Comunista de Asturias, Ceferino \u00c1lvarez Rey- falleci\u00f3 ayer en Madrid a los 73 a\u00f1os. <a href=\"http://www.elcomerciodigital.com/v/20100827/cuencas/fallece-anos-hijo-historico-20100827.html\">[Ampliar noticia]</a></p>\r\n\r\n<hr />\r\n<p>&nbsp;</p>\r\n\r\n<p><strong>Alfredo Gonz\u00e1lez: \u00abMi mayor logro es que la gente cante mis canciones\u00bb </strong></p>\r\n\r\n<p>La Nueva Espa\u00f1a. Cuencas - 28/08/2010</p>\r\n\r\n<p>Mieres del Camino, Diego ALONSO</p>\r\n\r\n<p>Alfredo Gonz\u00e1lez, \u00ab<strong>el Flaco de Tur\u00f3n\u00bb,</strong> es un joven cantautor mierense (adem\u00e1s de pianista y guitarrista) que ya cuenta con tres \u00e1lbumes a sus espaldas. El \u00faltimo de ellos se titula \u00abLa nada y tu\u00bb y con el tema que da nombre al disco Alfredo [...]&nbsp;&nbsp; <a href=\"http://www.lne.es/secciones/noticia.jsp?pRef=2010082800_38_960507__Cuencas-Alfredo-Gonzalez-mayor-logro-gente-cante-canciones\">[Ampliar noticia] </a></p>\r\n\r\n<hr />\r\n<p>&nbsp;</p>\r\n\r\n<p><strong>Los Varela pasan lista a la poblaci\u00f3n de Tur\u00f3n</strong></p>\r\n\r\n<p>La Nueva Espa\u00f1a. Caudal \u2013 30/8/2010</p>\r\n\r\n<p>Mieres del Camino, Andr\u00e9s VELASCO</p>\r\n\r\n<p>Dicen que la distancia hace el olvido, aunque hay algunos que se empe\u00f1an en desmontar esa teor\u00eda. <strong>Ese es el caso del turon\u00e9s Jorge Varela y su padre David</strong>. Hace 47 a\u00f1os dejaron su Mieres natal para emprender una nueva vida en B\u00e9lgica y all\u00ed [<a href=\"http://www.lne.es/secciones/noticia.jsp?pRef=2010083000_39_961152__Caudal-Varela-pasan-lista-poblacion-Turon\">Ampliar noticia</a>]</p>\r\n\r\n<hr />\r\n<p>&nbsp;</p>\r\n\r\n<p><strong>Fucomi clausura hoy siete talleres de empleo que formaron a 166 parados</strong></p>\r\n\r\n<p>La Nueva Espa\u00f1a. Cuencas \u2013 30/08/2010</p>\r\n\r\n<p>Mieres del Camino, J. V.</p>\r\n\r\n<p>La Fundaci\u00f3n de las Comarcas Mineras (Fucomi) clausurar\u00e1 hoy en su sede del <strong>valle de Tur\u00f3n</strong> siete de los talleres de empleo que ha desarrollado la entidad a lo largo del presente ejercicio.</p>\r\n\r\n<p>En total, estos programas han proporcionado empleo y formaci\u00f3n a 116 [<a href=\"http://www.lne.es/secciones/noticia.jsp?pRef=2010083000_38_961142__Cuencas-Fucomi-clausura-siete-talleres-empleo-formaron-parados\">Ampliar noticia</a>]</p>\r\n\r\n<hr />\r\n<p>&nbsp;</p>\r\n\r\n<p><strong>El Berr\u00f3n, el m\u00e1s goleador de Primera, El Llano sigue l\u00edder tras su victoria en Tur\u00f3n</strong></p>\r\n\r\n<p>La Nueva Espa\u00f1a. Deportes \u2013 31/08/2010</p>\r\n\r\n<p>Oviedo, PEPETE</p>\r\n\r\n<p>El arranque de temporada que ha protagonizado el Berr\u00f3n en Primera Regional no puede ser m\u00e1s esperanzador. Los propietarios del Sergio S\u00e1nchez resolvieron con autoridad la visita del Podes, al que derrotaban por un concluyente 4-0; logrando la mayor goleada de la jornada [<a href=\"http://www.lne.es/secciones/noticia.jsp?pRef=2010083100_47_961646__Deportes-Berron-goleador-Primera\">Ampliar noticia</a>]</p>\r\n", "author_name": "", "version": "1.0", "author_url": "https://www.elvalledeturon.net/author/jorgevarela", "provider_name": "El valle de Turon", "type": "rich"}