{"provider_url": "https://www.elvalledeturon.net", "title": "Un pueblo con historia", "html": "<p style=\"text-align: justify;\"><strong>ENVERNIEGO Y LA CAPELLAN\u00cdA</strong></p>\r\n\r\n<p style=\"text-align: justify;\"><img src=\"https://www.elvalledeturon.net/pueblos/el-lago/enverniego/enverniego-2.jpg/image_large\" alt=\"Enverniego_2.jpg\" style=\"width: 561px; height: 436px;\" class=\"image-left\" title=\"Enverniego_2.jpg\" />Posiblemente el pueblo de Enverniego, que ,etimol\u00f3gicamente, quiere decir, sitio favorable para el invierno,gracias a estar protegido de los vientos del norte,haya nacido al finalizar la Edad Media, cuando ya Villapendi y Villabazal estaban alcanzando la categor\u00eda de entidades poblacionales con m\u00e1s personalidad dentro del Valle, junto con Pe\u00f1ule y Cortina.</p>\r\n\r\n<p style=\"text-align: justify;\">La relativa notoriedad de este pueblo se debe a la constituci\u00f3n de una capellan\u00eda fundada por D. Sebasti\u00e1n Glez(1630 -1713), cl\u00e9rigo natural del lugar aunque la rama troncal de su familia estaba en V\u00edllapendi: Diego Glez. casado con Marina D\u00edaz de Nembra, que era el hermano de su padre Domingo. Como la capellan\u00eda era de patronato laical, los descendientes varones de este matrimonio pasar\u00e1n a ser los \u201cpatronos de sangre\u201d de aquella. El origen de la Obra P\u00eda data de 1675 cuando D. Sebasti\u00e1n, con los bienes heredados, erige la fundaci\u00f3n. Las rentas obtenidas servir\u00e1n para el sostenimiento del capell\u00e1n por medio del cumplimiento de ciertas cargas espirituales, consistentes esencialmente, en la celebraci\u00f3n de seis misas al a\u00f1o. As\u00ed se va a iniciar una etapa en la que, durante siglo y medio aproximadamente, Enverniego va a disponer de cura propio.<img src=\"https://www.elvalledeturon.net/pueblos/el-lago/enverniego/dsc02938.jpg/image_preview\" title=\"DSC02938.JPG\" height=\"300\" width=\"400\" alt=\"DSC02938.JPG\" class=\"image-right\" /></p>\r\n\r\n<p style=\"text-align: justify;\">La capellan\u00eda entr\u00f3 en decadencia a partir de la \u00abfrancesada\u00bb y desapareci\u00f3 con las medidas desamortizadoras de Mendiz\u00e1bal y Madoz. A finales del siglo XIX, Angel Gonz\u00e1lez (1855-1941) de Enverniego(1), pudo restituir dentro de su propio patrimonio los bienes adscritos a la fundaci\u00f3n eclesi\u00e1stica. previo abono de las tasas preceptivas, seg\u00fan rezaba el correspondiente Real Decreto y esto trajo como consecuencia que algunas personas, no se sabe muy bien si por falta de informaci\u00f3n o por maledicencia, pregonasen que \u201cAngel\u00f3n\u00bb, o m\u00e1s bien \u00abel t\u00edu Angel\u00bb, hab\u00eda usurpado las fincas que hab\u00edan pertenecido a !a capilla.</p>\r\n\r\n<p style=\"text-align: justify;\"><br />\r\n( 1) Mi bisabuelo ,que fue durante muchos a\u00f1os,mayordomo de la capilla,aseguraba pertenecer a la s\u00e9ptima generaci\u00f3n del capell\u00e1n de Enverniego. Esta noticia que yo recib\u00ed de mi padre, fue la que alent\u00f3 mi curiosidad para profundizar en las vicisitudes de la capellan\u00eda y para constatar que, efectivamente, Diego. hijo de Diego Gonzalez y Marina D\u00edaz, primo de D. Sebasti\u00e1n, era el ascendiente de \u00c1ngel que hab\u00eda vivido siete generaciones atr\u00e1s.</p>\r\n\r\n<p style=\"text-align: justify;\"><br />\r\n<em><strong>Datos aportados por Manuel Jes\u00fas L\u00f3pez \u201cLito\u201d. <a href=\"http://WWW.LITOWEB.ES\" target=\"_blank\">WWW.LITOWEB.ES</a><br />\r\n&nbsp;</strong></em></p>\r\n", "author_name": "", "version": "1.0", "author_url": "https://www.elvalledeturon.net/author/jorgevarela", "provider_name": "El valle de Turon", "type": "rich"}