{"provider_url": "https://www.elvalledeturon.net", "title": "Diente de le\u00f3n", "html": "<h2 style=\"text-align: justify;\">Diente de le\u00f3n</h2>\r\n\r\n<p style=\"text-align: justify;\">&nbsp;</p>\r\n\r\n<h3 style=\"color:#888;\"><span style=\"color:#A52A2A;\"><span style=\"font-family:comic sans ms,cursive;\"><em>La leve brisa&nbsp;</em></span></span>&nbsp; &nbsp; &nbsp; &nbsp; &nbsp; &nbsp; &nbsp; &nbsp; &nbsp; &nbsp; &nbsp; &nbsp; &nbsp; &nbsp; &nbsp; &nbsp; &nbsp; &nbsp; &nbsp; &nbsp; &nbsp; &nbsp; &nbsp; &nbsp; &nbsp; &nbsp; &nbsp; &nbsp; &nbsp; &nbsp; &nbsp; &nbsp; &nbsp; &nbsp; &nbsp; &nbsp; &nbsp; &nbsp; &nbsp; &nbsp; &nbsp; &nbsp; &nbsp; &nbsp; &nbsp; &nbsp; &nbsp; &nbsp; &nbsp; &nbsp; &nbsp; &nbsp; &nbsp; &nbsp; &nbsp; &nbsp; &nbsp; &nbsp; &nbsp; &nbsp; &nbsp; &nbsp; &nbsp; &nbsp; &nbsp; &nbsp;</h3>\r\n\r\n<h3 style=\"color:#888;\"><span style=\"color:#A52A2A;\"><span style=\"font-family:comic sans ms,cursive;\"><em>te desvanecer\u00e1</em></span></span></h3>\r\n\r\n<h3 style=\"color:#888;\"><span style=\"color:#A52A2A;\"><span style=\"font-family:comic sans ms,cursive;\"><em>como los sue\u00f1os.</em></span></span></h3>\r\n\r\n<p style=\"text-align: justify;\">&nbsp;</p>\r\n\r\n<p style=\"text-align: justify;\">Soplar suavemente sobre la delicada esfera blanca del <em>Diente de le\u00f3n -Taraxacum officinale-</em> es una tentaci\u00f3n a la que pocos nos hemos resistido.</p>\r\n\r\n<p style=\"text-align: justify;\"><img src=\"https://www.elvalledeturon.net/pueblos/flora-del-valle/diente-de-leon-soplando.jpg/image_preview\" title=\"Diente de le\u00f3n soplando\" height=\"441\" width=\"450\" alt=\"\" class=\"image-left\" />Entre el dedo \u00edndice y el pulgar sujetamos el tallo que sostiene los fr\u00e1giles filamentos. Los acercamos con cuidado a la boca y con un leve suspiro, como por arte de magia, salen despedidos por el aire esparciendo las semillas. A estas voladoras semillas, que envuelve nuestro aliento, unimos los \u00edntimos deseos que las acompa\u00f1an, e ir\u00e1n a parar all\u00ed, &nbsp;donde &nbsp;el viento y la ilusi\u00f3n los lleven.</p>\r\n\r\n<p style=\"text-align: justify;\">Vuelo de &nbsp;vilanos, juego infantil de los <em>paraca\u00eddas. </em></p>\r\n\r\n<p style=\"text-align: justify;\">Como ni\u00f1os jugamos a pedir lo dif\u00edcil, o lo imposible, a cualquier elemento del paisaje con el que tropezamos en nuestro caminar: el agua manando de una fuente, una margarita, el r\u00edo, la primera estrella al anochecer o la \u00faltima de la madrugada. Y es que la naturaleza escucha y habla a quien conoce su lenguaje. Luego, nos concede o no lo que pedimos, seg\u00fan. Procede sabiamente para no acabar en l\u00e1grimas tantas veces.</p>\r\n\r\n<p style=\"text-align: justify;\">Creemos que, como or\u00e1culos, las flores silvestres nos comprenden y aconsejan. Con ellas sentimos la complicidad de la vida compartida y su simbolog\u00eda. &nbsp;Tambi\u00e9n el poeta Jos\u00e9 Mart\u00ed las conoci\u00f3 y las am\u00f3 batallando por los campos. Sus poes\u00edas eran flores silvestres: sencillas, sinceras, humildes. Las mismas virtudes con las que adorn\u00f3 al pueblo llano que defend\u00eda y al que cantaba en versos que, como los vilanos al viento, habr\u00edan de florecer en sus poemas:</p>\r\n\r\n<p style=\"text-align: justify;\">&nbsp;</p>\r\n\r\n<p><span style=\"color:#800080;\"><strong><em>\u201cYo s\u00e9 los nombres extra\u00f1os</em></strong></span></p>\r\n\r\n<p><span style=\"color:#800080;\"><strong><em>de &nbsp;las yerbas y las flores\u201d</em></strong></span>.</p>\r\n\r\n<p style=\"text-align: justify;\">&nbsp;</p>\r\n\r\n<p style=\"text-align: justify;\">Estos globos finos y delicados son, los que por su especial forma y textura nos llaman m\u00e1s poderosamente la atenci\u00f3n. Pero ellos solo son una parte del Diente de le\u00f3n. La descripci\u00f3n de la planta en su totalidad la tomamos, como venimos haciendo, del libro <span style=\"color:#8B4513;\"><em><strong>Flores silvestres de Asturias</strong> </em></span>de <strong>RICO y SIM\u00d3.</strong></p>\r\n\r\n<p style=\"text-align: justify;\">&nbsp;</p>\r\n\r\n<p style=\"text-align: justify;\"><em><strong><span style=\"color:#DAA520;\">DIENTE DE LE\u00d3N</span></strong></em></p>\r\n\r\n<p style=\"text-align: justify;\"><span style=\"color:#0000FF;\">Dens-leonis</span></p>\r\n\r\n<p style=\"text-align: justify;\"><span style=\"color:#0000FF;\">Especie:&nbsp;&nbsp; <em>Taraxacum officinale</em></span></p>\r\n\r\n<p style=\"text-align: justify;\"><span style=\"color:#0000FF;\">G\u00e9nero:&nbsp;&nbsp; Taraxacum<img src=\"https://www.elvalledeturon.net/pueblos/flora-del-valle/diente-de-leon-secades.jpg/image_preview\" title=\"Diente de le\u00f3n Secades\" height=\"600\" width=\"552\" alt=\"\" class=\"image-right\" /></span></p>\r\n\r\n<p style=\"text-align: justify;\"><span style=\"color:#0000FF;\">Familia :&nbsp; &nbsp;Asteracea</span></p>\r\n\r\n<p style=\"text-align: justify;\"><span style=\"color:#0000FF;\">Tambi\u00e9n posee numerosas denominaciones como las de: Achicoria amarga, Meacamas, Amarg\u00f3n, Pelosilla, Corona de fraile, etc.</span></p>\r\n\r\n<p style=\"text-align: justify;\"><span style=\"color:#0000FF;\"><strong><em>\u201cEl diente de le\u00f3n es una planta vivaz que da un zumo lechoso, blanquecino, cuando se corta. Brota de una ra\u00edz gruesa y echa una roseta basal de hojas alargadas y profundamente divididas, casi hasta el nervio medio, acabadas en un l\u00f3bulo triangular. Sus bordes aparecen m\u00e1s o menos dentados.</em></strong></span></p>\r\n\r\n<p style=\"text-align: justify;\"><span style=\"color:#0000FF;\"><strong><em>Las \u201cflores\u201d, de un tono amarillo vivo, son solitarias y se sit\u00faan al final de un ped\u00fanculo grueso y hueco, sin hojas y normalmente lampi\u00f1o, como toda la planta. Est\u00e1n formadas por un n\u00famero elevado de flores peque\u00f1itas con corola en forma de leng\u00fceta. Un conjunto de br\u00e1cteas u hojuelas cortas rodean a las florecillas en su uni\u00f3n con el ped\u00fanculo que las sostiene. Por debajo de esta formaci\u00f3n, denominada involucro, a\u00fan existe otra serie de br\u00e1cteas vueltas hacia abajo. El fruto es un aquenio dotado de un sistema de flotaci\u00f3n integrado por una corona de delicados pelos; el conjunto de estos frutos compone una cabeza globosa que se deshace con solo soplarla, logr\u00e1ndose as\u00ed una buena diseminaci\u00f3n de las semillas.</em></strong></span></p>\r\n\r\n<p style=\"text-align: justify;\"><span style=\"color:#0000FF;\"><strong><em>Florece durante casi todo el a\u00f1o\u201d.</em></strong></span></p>\r\n\r\n<p style=\"text-align: justify;\">Es una planta sobradamente conocida, crece en los prados, por cualquier rinc\u00f3n y en las orillas de los caminos. Muy apreciada por sus propiedades medicinales. Es antirreum\u00e1tica, diur\u00e9tica, digestiva, adelgazante, depurativa, etc. &nbsp;M\u00e9dicos \u00e1rabes de los siglos X y XI ya la mencionan en sus obras y en la India la aprecian sobre todo por ser un buen tratamiento de las &nbsp;enfermedades hep\u00e1ticas.</p>\r\n\r\n<p style=\"text-align: justify;\">Capaz de proporcionar tantos beneficios para la salud, no cabe duda de que se trata de una planta muy valorada por esa importante utilidad. Sin embargo, una consideraci\u00f3n menos pr\u00e1ctica es la que nos ha llevado a fijarnos en ella. Ya destacamos desde el principio que lo que nos atrae de este vegetal es precisamente esa &nbsp;&nbsp;\u201ccorona de delicados pelos\u201d, los llamados vilanos.</p>\r\n\r\n<p style=\"text-align: justify;\">La sugestiva est\u00e9tica nos recuerdan todas aquellas cosas que poseen una naturaleza liviana e inconsistente, como son el tiempo en su transcurrir, los sentimientos, las ilusiones, los sue\u00f1os\u2026Pintores y poetas se inspiran en ellos como expresi\u00f3n de intangibles realidades. Inconsistentes como lo son las nubes desvaneci\u00e9ndose en un cielo de verano o como tambi\u00e9n lo es la tenue luz del amanecer en la que <img src=\"https://www.elvalledeturon.net/pueblos/flora-del-valle/diente-de-leon-daniel.jpg/image_preview\" title=\"Diente de le\u00f3n Daniel\" height=\"447\" width=\"600\" alt=\"\" class=\"image-left\" />se diluyen los sue\u00f1os.</p>\r\n\r\n<p style=\"text-align: justify;\">Hay algo de magia en ese \u201cvisto y no visto\u201d de los vilanos al viento. Flotan primero en el aire, suben y bajan temblorosos y emprenden un vuelo en libertad siempre con destino incierto. Van a caer, como la buena palabra, &nbsp;<em>\"por caminos, entre piedras, en espinos o en fruct\u00edfera tierra</em>\". A veces, se deslizan suavemente sobre brazos juveniles dibujando tatuajes &nbsp;que quieren retener y perpetuar la levedad de un sentimiento, tal vez, de un incipiente amor\u2026</p>\r\n\r\n<p style=\"text-align: justify;\">Son estos blancos vilanos, en fin, como la brillante lluvia de Perseidas en una noche de agosto. Tambi\u00e9n pueden aparecer en forma de extra\u00f1a nevada de una ma\u00f1ana de primavera como la que tiene lugar&nbsp; al comienzo de &nbsp;<em>Amarcord</em>, pel\u00edcula de Federico Fellini, donde los protagonistas, ante la sorprendente visi\u00f3n de los desconcertantes \u201ccopos de nieve\u201d, exclaman con exultante alegr\u00eda: &nbsp;</p>\r\n\r\n<p style=\"text-align: justify;\">&nbsp;</p>\r\n\r\n<p>&nbsp;</p>\r\n\r\n<p>&nbsp;</p>\r\n\r\n<p><strong><span style=\"color:#800080;\"><em>\u00a1Los vilanos!</em></span></strong></p>\r\n\r\n<p>&nbsp;</p>\r\n\r\n<p><strong><span style=\"color:#800080;\"><em>-Vilanos a la deriva-</em></span></strong></p>\r\n\r\n<p><strong><span style=\"color:#800080;\"><em>\u00a1van hacia aqu\u00ed y van hacia all\u00e1!</em></span></strong></p>\r\n\r\n<p>&nbsp;</p>\r\n\r\n<p><strong><span style=\"color:#800080;\"><em>-Sobrevuelan el cementerio &nbsp; &nbsp; &nbsp; &nbsp; &nbsp; &nbsp; &nbsp; &nbsp; &nbsp; &nbsp; &nbsp; &nbsp; &nbsp; &nbsp; &nbsp; &nbsp; &nbsp; &nbsp; &nbsp; &nbsp; &nbsp; &nbsp; &nbsp; &nbsp; &nbsp; &nbsp; &nbsp; &nbsp; &nbsp; &nbsp; &nbsp; &nbsp; &nbsp; &nbsp; &nbsp; &nbsp; &nbsp; &nbsp; &nbsp; &nbsp; &nbsp; &nbsp; &nbsp; &nbsp; &nbsp; &nbsp; &nbsp; &nbsp; &nbsp; &nbsp; &nbsp; &nbsp; &nbsp; &nbsp; &nbsp; &nbsp; &nbsp; &nbsp; &nbsp; &nbsp; &nbsp; &nbsp; &nbsp; &nbsp; &nbsp; &nbsp; &nbsp; &nbsp; &nbsp; &nbsp; &nbsp; &nbsp; &nbsp; &nbsp; &nbsp; &nbsp; &nbsp; &nbsp; &nbsp; &nbsp; &nbsp; &nbsp; &nbsp; &nbsp; &nbsp; &nbsp; &nbsp; </em></span></strong></p>\r\n\r\n<p><strong><span style=\"color:#800080;\"><em>los caminos, el mar\u2026-</em></span></strong></p>\r\n\r\n<p>&nbsp;</p>\r\n\r\n<p><strong><span style=\"color:#800080;\"><em>\u00a1Vuelan los vilanos &nbsp; &nbsp; &nbsp; &nbsp; &nbsp; &nbsp; &nbsp; &nbsp; &nbsp; &nbsp; &nbsp; &nbsp; &nbsp; &nbsp; &nbsp; &nbsp; &nbsp; &nbsp; &nbsp; &nbsp; &nbsp; &nbsp; &nbsp; &nbsp; &nbsp; &nbsp; &nbsp; &nbsp; &nbsp; &nbsp; &nbsp; &nbsp; &nbsp; &nbsp; &nbsp; &nbsp; &nbsp; &nbsp; &nbsp; &nbsp; &nbsp; &nbsp; &nbsp; &nbsp; &nbsp; &nbsp; &nbsp; &nbsp; &nbsp; &nbsp; &nbsp; &nbsp; &nbsp; &nbsp; &nbsp; &nbsp; &nbsp; &nbsp; &nbsp; &nbsp; &nbsp; &nbsp; &nbsp; &nbsp; &nbsp; &nbsp; &nbsp; &nbsp; &nbsp; &nbsp; &nbsp; &nbsp; &nbsp; &nbsp; &nbsp; &nbsp; &nbsp; &nbsp; &nbsp; &nbsp; &nbsp; &nbsp; &nbsp; &nbsp; &nbsp; &nbsp; &nbsp; &nbsp; &nbsp; &nbsp; &nbsp; &nbsp; &nbsp; </em></span></strong></p>\r\n\r\n<p><strong><span style=\"color:#800080;\"><em>vuelan, vuelan, vuela!</em></span></strong></p>\r\n\r\n<p style=\"text-align: justify;\">&nbsp;</p>\r\n\r\n<p style=\"text-align: justify;\">Y es que son, estos et\u00e9reos y m\u00e1gicos vilanos, ilusiones que sobrevuelan los espacios habitados por &nbsp;tanto desencanto.</p>\r\n\r\n<p style=\"text-align: justify;\">&nbsp;</p>\r\n\r\n<p><strong><span style=\"color:#800080;\"><em>Y pasa y se queda. Y se alza y vuelve. </em></span></strong></p>\r\n\r\n<p><strong><span style=\"color:#800080;\"><em>Siempre leve, siempre aqu\u00ed, siempre, all\u00ed. Siempre</em></span></strong></p>\r\n\r\n<p><strong><span style=\"color:#800080;\"><em>Como el vilano\u201d.</em></span></strong></p>\r\n\r\n<p style=\"text-align: justify;\">&nbsp;</p>\r\n\r\n<p style=\"text-align: justify;\"><em><strong>&nbsp;V. Aleixandre&nbsp;&nbsp;&nbsp;&nbsp;&nbsp;&nbsp;&nbsp;&nbsp;&nbsp;&nbsp;&nbsp;&nbsp;</strong></em></p>\r\n\r\n<p style=\"text-align: justify;\">&nbsp;</p>\r\n\r\n<p style=\"text-align: justify;\"><img src=\"https://www.elvalledeturon.net/pueblos/flora-del-valle/azafran-silvestre-1/evelia-ovalado.jpg/image_preview\" title=\"EVELIA ovalado\" height=\"264\" width=\"200\" alt=\"\" class=\"image-left\" /></p>\r\n\r\n<p style=\"text-align: justify;\">&nbsp;</p>\r\n\r\n<p style=\"text-align: justify;\">&nbsp;</p>\r\n\r\n<p style=\"text-align: justify;\"><em><strong>Evelia G\u00f3mez, octubre 2015</strong></em></p>\r\n\r\n<p style=\"text-align: center;\">&nbsp;</p>\r\n\r\n<p style=\"text-align: center;\">&nbsp;</p>\r\n\r\n<p style=\"text-align: center;\"><strong>BIBLIOGRAF\u00cdA:</strong></p>\r\n\r\n<p style=\"text-align: center;\">Emilio RICO y Rosa Mar\u00eda SIM\u00d3.&nbsp; Flores silvestres de Asturias. Cajastur, 2009</p>\r\n\r\n<p style=\"text-align: justify;\">&nbsp;</p>\r\n", "author_name": "", "version": "1.0", "author_url": "https://www.elvalledeturon.net/author/jorgevarela", "provider_name": "El valle de Turon", "type": "rich"}