{"provider_url": "https://www.elvalledeturon.net", "title": "Margaritas", "html": "<p style=\"text-align: justify;\"><span style=\"color:#FF8C00;\"><strong><span style=\"font-size:20px;\">Mar-ga-ri-ta.</span></strong></span> Eufon\u00eda de un nombre. Si la sonoridad de la palabra no hubiese sido del gusto de Rub\u00e9n Dar\u00edo,&nbsp; jam\u00e1s la habr\u00eda hecho <img src=\"https://www.elvalledeturon.net/pueblos/flora-del-valle/margaritas-secades-1.jpg/image_preview\" title=\"Margaritas Secades 1\" height=\"414\" width=\"600\" alt=\"\" class=\"image-right\" />florecer en un poema. Para el poeta los versos, sobre todo, eran m\u00fasica:</p>\r\n\r\n<p style=\"text-align: justify;\"><strong><em>Margarita, est\u00e1 linda la mar,</em></strong></p>\r\n\r\n<p style=\"text-align: justify;\"><strong><em>y el viento,</em></strong></p>\r\n\r\n<p style=\"text-align: justify;\"><strong><em>lleva esencia sutil de azahar\u2026 &nbsp;&nbsp;</em></strong></p>\r\n\r\n<p style=\"text-align: justify;\">Y a m\u00fasica suena esta sucesi\u00f3n de fonemas: <span style=\"color:#FFA07A;\"><strong>MARGARITA</strong></span>, nombre de flor y tambi\u00e9n de mujer, como una princesa de cuento; como tantas reinas y mujeres santas que a lo largo de la historia as\u00ed se llamaron. Escritores lo eligieron para las protagonistas de sus obras: Zorrilla, para la monja enamorada, Margarita la Tornera; Alejandro Dumas para la inolvidable Margarita Gautier de &nbsp;La Dama de Las Camelias &nbsp;o &nbsp;Goethe para la ingenua &nbsp;Gretchen- Margarita- de su Fausto.</p>\r\n\r\n<p style=\"text-align: justify;\">Pero la \u201cmargarita\u201d que ahora nos ocupa no pertenece a este distinguido grupo del g\u00e9nero femenino. Se trata sencillamente de&nbsp; una flor. Una flor silvestre, espont\u00e1nea y natural. Su escenario es cualquier lugar donde crece la hierba, y bien sabemos c\u00f3mo abunda en nuestro paisaje. Tal vez, por ello nos resulta tan cercana y familiar. Sus colores blanco y amarillo son el estampado floral ideal que destaca sobre un fondo de verde primavera. Ella se sabe discretamente bella.&nbsp;</p>\r\n\r\n<p style=\"text-align: justify;\">Bellis perennis es su nombre cient\u00edfico (Bellis, bonito; perennis, planta vivaz -no pierde las hojas en invierno-). Pero la denominaci\u00f3n&nbsp; com\u00fan es la de margarita. Y tambi\u00e9n, bellorita, chiribita, maya o marga, entre otras.</p>\r\n\r\n<p style=\"text-align: justify;\"><em><strong>&nbsp;\u201cMargarita</strong></em>\u201d procede del lat\u00edn margarita, que a su vez procede del griego margarites, &nbsp;que significa \u201cperla\u201d.</p>\r\n\r\n<p style=\"text-align: justify;\">Con el significado de \u201cperla\u201d fue utilizado por los romanos, pues a la mujer que negociaba con perlas se la denominaba margaritaria. Tambi\u00e9n con este primitivo valor, Plinio llamaba margaritifer a las colonias de ostras donde se encontraban las perlas.&nbsp;</p>\r\n\r\n<p style=\"text-align: justify;\">Pero en alg\u00fan momento de la historia del lenguaje, este t\u00e9rmino con el valor de \u201cperla\u201d, pas\u00f3 a significar la \u201cflor\u201d.&nbsp; Gonzalo de Berceo, poeta del Mester de Clerec\u00eda, todav\u00eda daba el nombre de perla a una flor amarilla y blanca. En la simbolog\u00eda cristiana se representan estas flores en los t\u00edmpanos de algunas iglesias rom\u00e1nicas del Camino de Santiago.</p>\r\n\r\n<p style=\"text-align: justify;\"><img src=\"https://www.elvalledeturon.net/pueblos/flora-del-valle/margaritas-primer-plano-2-daniel.jpg/image_preview\" title=\"Margaritas primer plano 2  Daniel\" height=\"407\" width=\"600\" alt=\"\" class=\"image-left\" />La evoluci\u00f3n sem\u00e1ntica que experimenta el t\u00e9rmino \u201cmargarita\u201d en su paso de \u201cperla\u201d a \u201cflor\u201d puede rastrearse en los diccionarios hist\u00f3ricos -algo que ahora no nos ocupa-. M\u00e1s bien nos inclinamos &nbsp;por las leyendas que existen en torno a este cambio, como la que cuenta que las mujeres pobres que no pod\u00edan adquirir las perlas, adornaban sus cuellos con collares de margaritas. Por lo que resulta f\u00e1cil deducir la identificaci\u00f3n de ambos significados.</p>\r\n\r\n<p style=\"text-align: justify;\"><em><strong>Rico y Sim\u00f3</strong></em>, en su libro, <span style=\"color:#A52A2A;\"><em><strong>Flores silvestres de Asturias</strong></em>,</span> la describen as\u00ed:</p>\r\n\r\n<h3 class=\"discreet\" style=\"color: rgb(136, 136, 136);\"><span style=\"font-size:18px;\"><em><strong>\u201cLa margarita es una planta vivaz de poca altura. Las hojas forman a ras de suelo una roseta de cuyo centro sale un ped\u00fanculo que no lleva una sola flor sino un cap\u00edtulo de ellas. Las perif\u00e9ricas tienen una corola con forma de leng\u00fceta de color blanco rosado, incluso purp\u00fareo por la cara inferior; el resto, mucho m\u00e1s numerosas y apretadas, forman el bot\u00f3n central, son tubulosas y de color amarillo vivo\u201d.</strong></em></span></h3>\r\n\r\n<h3 class=\"discreet\" style=\"color: rgb(136, 136, 136);\"><span style=\"font-size:18px;\"><em><strong>Su h\u00e1bitat son los prados, bordes de los caminos y lugares herbosos de toda Asturias.&nbsp;Florece desde marzo hasta noviembre\u201d.</strong></em></span></h3>\r\n\r\n<p style=\"text-align: justify;\">&nbsp;</p>\r\n\r\n<p style=\"text-align: justify;\">La Bellis perennis se extiende por casi todo el mundo: centro y norte de Europa, Asia Menor, Nueva Zelanda, Am\u00e9rica del Norte\u2026</p>\r\n\r\n<p style=\"text-align: justify;\">Es una planta de larga floraci\u00f3n. Tanto tiempo de convivencia con estas florecillas hace que nos resulten familiares y pr\u00f3ximas. C\u00f3mplices de nuestro vivir, de nuestros sentimientos.&nbsp; Se la relaciona con la inocencia, la pureza, la ingenuidad, el amor. \u00bfQui\u00e9n no ha deshojado alguna vez una margarita ante la duda amorosa?... Me quiere, no me quiere\u2026 Un ritual que se pierde en lejanos tiempos de&nbsp; antiguas&nbsp; leyendas orientales.</p>\r\n\r\n<p style=\"text-align: justify;\">Goethe, en Fausto, es quien de una manera expl\u00edcita constata este hecho &nbsp;de \u201cdeshojar la margarita\u201d. La joven enamorada, con el mismo nombre &nbsp;de la flor, arranca, \u00a1ay!, &nbsp;uno a uno sus p\u00e9talos mientras espera&nbsp; que&nbsp; la saque de sus dudas de amor.<img src=\"https://www.elvalledeturon.net/pueblos/flora-del-valle/margaritas-secades-para-fausto.jpg/image_preview\" title=\"Margaritas Secades para Fausto\" height=\"412\" width=\"600\" alt=\"\" class=\"image-right\" /></p>\r\n\r\n<p style=\"text-align: justify;\"><em><span style=\"color:#000080;\">MARGARITA.\u00ad\u00ad- Permitid. (Coge una margarita y va arrancando sus&nbsp;p\u00e9talos uno a uno).</span></em></p>\r\n\r\n<p style=\"text-align: justify;\"><em><span style=\"color:#000080;\">FAUSTO.- \u00bfQu\u00e9 es eso? \u00bfUn ramillete?</span></em></p>\r\n\r\n<p style=\"text-align: justify;\"><em><span style=\"color:#000080;\">MARGARITA.- No, un juego.</span></em></p>\r\n\r\n<p style=\"text-align: justify;\"><em><span style=\"color:#000080;\">FAUSTO.- \u00bfC\u00f3mo?</span></em></p>\r\n\r\n<p style=\"text-align: justify;\"><em><span style=\"color:#000080;\">MARGARITA.- \u00a1No! Os reir\u00edais de m\u00ed (contin\u00faa deshojando la flor y &nbsp;murmurando en voz baja).</span></em></p>\r\n\r\n<p style=\"text-align: justify;\"><em><span style=\"color:#000080;\">FAUSTO.- \u00bfQu\u00e9 murmuras?</span></em></p>\r\n\r\n<p style=\"text-align: justify;\"><em><span style=\"color:#000080;\">MARGARITA (A media voz).-&nbsp;&nbsp; Me ama\u2026No me ama. No\u2026&nbsp;(Arrancando la &nbsp;\u00faltima hoja y con serena&nbsp; alegr\u00eda).&nbsp;&nbsp;&nbsp; &nbsp; &nbsp;</span></em></p>\r\n\r\n<p style=\"text-align: justify;\"><em><span style=\"color:#000080;\">&nbsp;\u00a1Me ama!&nbsp;&nbsp;</span></em></p>\r\n\r\n<p style=\"text-align: justify;\">&nbsp;</p>\r\n\r\n<p style=\"text-align: justify;\">Una ilusi\u00f3n de felicidad con el \u00faltimo p\u00e9talo desgajado. Po\u00e9ticas y sufridas margaritas. Obedientes y discretas, siempre responden.</p>\r\n\r\n<p style=\"text-align: justify;\">Y cada primavera vuelven a alegrar el paisaje. Regresan como las golondrinas de B\u00e9cquer o los p\u00e1jaros que cantan en el jard\u00edn de Juan Ram\u00f3n Jim\u00e9nez. Aunque ellas en realidad nunca se han ido. Est\u00e1n bien enraizadas en la tierra y brotan por cualquier lugar herboso de nuestro valle. Siempre provocan una sonrisa como &nbsp;presagio de mejor tiempo. Brillan como peque\u00f1as estrellas en un cielo verde. Margaritas-estrella que guardan las miradas de los que ya no est\u00e1n. Ellas permanecen con nosotros a\u00f1o tras a\u00f1o, inalterables, eternas. Est\u00e1n ah\u00ed para quien quiera verlas y admirarlas.</p>\r\n\r\n<p style=\"text-align: justify;\">Mientras tanto: <em><strong>\u201cSeguiremos deshojando la margarita en tiempos de incertidumbre, tal vez las flores tengan la sabidur\u00eda que tantas veces falta a los humanos\u201d</strong></em> (V. Llosa).</p>\r\n\r\n<p style=\"text-align: justify;\"><img src=\"https://www.elvalledeturon.net/pueblos/flora-del-valle/azafran-silvestre-1/evelia-ovalado.jpg/image_preview\" title=\"EVELIA ovalado\" height=\"264\" width=\"200\" alt=\"\" class=\"image-left\" /></p>\r\n\r\n<p style=\"text-align: justify;\">&nbsp;</p>\r\n\r\n<p style=\"text-align: justify;\">&nbsp;</p>\r\n\r\n<p style=\"text-align: justify;\"><strong>Evelia G\u00f3mez, junio 2015</strong></p>\r\n\r\n<p style=\"text-align: justify;\">&nbsp;</p>\r\n\r\n<p style=\"text-align: center;\"><strong>Bibliograf\u00eda</strong></p>\r\n\r\n<p style=\"text-align: center;\">RICO, E. y SIM\u00d3, R.M. \u201cFlores silvestres de Asturias\u201d Cajastur (2009) Oviedo, 225 pp.</p>\r\n\r\n<p style=\"text-align: justify;\">&nbsp;</p>\r\n\r\n<p style=\"text-align: justify;\"><strong>Enlaces:&nbsp;</strong>&nbsp;www.elcastellano.org &nbsp; &nbsp; &nbsp; &nbsp;&nbsp;www.literaturayotrosmundos.wordpress.com&nbsp;&nbsp;&nbsp;&nbsp;&nbsp;&nbsp;&nbsp;&nbsp;&nbsp;&nbsp;&nbsp;&nbsp;&nbsp;&nbsp;&nbsp;&nbsp;&nbsp;&nbsp;&nbsp;&nbsp;&nbsp;&nbsp;&nbsp;&nbsp;&nbsp;&nbsp;&nbsp;&nbsp;&nbsp;&nbsp;&nbsp;&nbsp;&nbsp;&nbsp;&nbsp;&nbsp;&nbsp;&nbsp;&nbsp;&nbsp;&nbsp;&nbsp;&nbsp;&nbsp;&nbsp;&nbsp;&nbsp;&nbsp;&nbsp;&nbsp;&nbsp;&nbsp;&nbsp;&nbsp;&nbsp;&nbsp;&nbsp;&nbsp;&nbsp;</p>\r\n\r\n<p style=\"text-align: justify;\">&nbsp;</p>\r\n", "author_name": "", "version": "1.0", "author_url": "https://www.elvalledeturon.net/author/jorgevarela", "provider_name": "El valle de Turon", "type": "rich"}